{"id":17015,"date":"2023-10-25T13:57:00","date_gmt":"2023-10-25T10:57:00","guid":{"rendered":"https:\/\/akdenizhaber.com.tr\/?p=17015"},"modified":"2023-10-25T13:57:00","modified_gmt":"2023-10-25T10:57:00","slug":"finikede-100uncu-yil-hazirliklari-tamam","status":"publish","type":"post","link":"https:\/\/akdenizhaber.com.tr\/index.php\/2023\/10\/25\/finikede-100uncu-yil-hazirliklari-tamam\/","title":{"rendered":"Finike\u2019de 100\u2019\u00fcnc\u00fc y\u0131l haz\u0131rl\u0131klar\u0131 tamam\u00a0\u00a0\u00a0\u00a0"},"content":{"rendered":"\n<p><\/p>\n\n\n\n<p><strong>Cumhuriyetin 100\u2019\u00fcnc\u00fc y\u0131l\u0131 Finike\u2019de,iki g\u00fcn s\u00fcrecek etkinliklerle kutlanacak.<\/strong>28 Ekim\u2019de ba\u015flayacak &nbsp;ve 2 g\u00fcn s\u00fcrecek etkinliklerin ilk g\u00fcn\u00fcnde sevilen sanat\u00e7\u0131 Tu\u011f\u00e7e Kandemir sahne al\u0131rken, 29 Ekim Pazar g\u00fcn\u00fc ise sevilen sanat\u00e7\u0131 Zeynep Bast\u0131k, Cumhuriyetin 100\u2019\u00fcnc\u00fc y\u0131l\u0131nda Finikelilerle bulu\u015facak. Cumhuriyetin 100\u2019\u00fcnc\u00fc y\u0131l co\u015fkusuna Finikelileri ve t\u00fcm Antalyal\u0131lar\u0131 davet eden <strong>Ba\u015fkan Mustafa Geyik\u00e7i, kutlamalar\u0131n t\u00fcm il\u00e7eye yay\u0131ld\u0131\u011f\u0131n\u0131 dile getirdi.<\/strong><\/p>\n\n\n\n<p>Finike\u2019de co\u015fku 2 g\u00fcn s\u00fcrecek<\/p>\n\n\n\n<p>Finike Belediyesi olarak <strong>29 Ekim Cumhuriyet Bayram\u0131&#8217;n\u0131 <\/strong>birbirinden renkli ve anlaml\u0131 etkinliklerle kutlayacaklar\u0131n\u0131 ifade eden Finike Belediye Ba\u015fkan\u0131 Mustafa Geyik\u00e7i, <strong>kutlamalar\u0131n merkezinin Finike Kent Meydan\u0131 olaca\u011f\u0131n\u0131 s\u00f6yledi. Etkinliklerin 28 Ekim\u2019de ba\u015flay\u0131p 29 Ekim\u2019de sona erece\u011fini belirten Ba\u015fkan Geyik\u00e7i, \u201cCumhuriyet Bayram\u0131 kutlamalar\u0131 i\u00e7in Finike\u2019mizin d\u00f6rt bir yan\u0131n\u0131 T\u00fcrk Bayra\u011f\u0131 ve Ulu \u00d6nder Mustafa Kemal Atat\u00fcrk\u2019\u00fcn posteri ile donatt\u0131k. Finike\u2019mizi bayra\u011f\u0131m\u0131z\u0131n renkleri olan k\u0131rm\u0131z\u0131 beyaz ile Cumhuriyet co\u015fkusuna haz\u0131rlad\u0131k\u201d dedi.<\/strong><\/p>\n\n\n\n<p>100\u2019\u00fcnc\u00fc y\u0131l Tu\u011f\u00e7e Kandemir ve Zeynep Bast\u0131k ile kutlanacak<\/p>\n\n\n\n<p>Finikeliler ba\u015fta olmak \u00fczere bu co\u015fkuyu Finike\u2019de ya\u015famak isteyen herkese \u00e7ok \u00f6zel bir program haz\u0131rlad\u0131klar\u0131n\u0131 dile getiren Ba\u015fkan Mustafa Geyik\u00e7i, \u201cProgram\u0131m\u0131z <strong>28 Ekim Cumartesi g\u00fcn\u00fc <\/strong>saat 13.00\u2019da Atat\u00fcrk An\u0131t\u0131\u2019na \u00e7elenk sunma t\u00f6reni ile ba\u015flayacak. Daha sonra <strong>100\u2019\u00fcnc\u00fcy\u0131l <\/strong>Cumhuriyet Korteji d\u00fczenlenecek. <strong>\u0130lk g\u00fcn\u00fcn ak\u015fam\u0131nda 100. y\u0131l Resim ve Foto\u011fraf Yar\u0131\u015fmas\u0131 \u00f6d\u00fcl t\u00f6renimiz ger\u00e7ekle\u015ftirilecek. \u0130lk g\u00fcn\u00fcn kapan\u0131\u015f\u0131nda <\/strong>\u00fcnl\u00fc sanat\u00e7\u0131 Tu\u011f\u00e7e Kandemir, Finike Kent Meydan\u0131\u2019nda sahne alarak t\u00fcm vatanda\u015flar\u0131m\u0131za 100\u2019\u00fcnc\u00fc y\u0131l heyecan ve co\u015fkusunu ya\u015fatacak\u201d \u015feklinde konu\u015ftu.<\/p>\n\n\n\n<p>Program\u0131n ikinci g\u00fcn\u00fcnde de ayn\u0131 heyecan ve co\u015fkunun devam edece\u011fini belirten Ba\u015fkan Mustafa Geyik\u00e7i, \u201c<strong>29 Ekim Pazar g\u00fcn\u00fc ise, DJ Sinan Uysal performans\u0131n\u0131n ard\u0131ndan, belediyemiz taraf\u0131ndan Cumhuriyet\u2019in100\u2019\u00fcnc\u00fc y\u0131l\u0131na \u00f6zel kurulan ve 100 ki\u015fiden olu\u015fan Cumhuriyet Korosu\u2019nun \u015fark\u0131lar\u0131n\u0131 dinleyece\u011fiz. Kutlamalar\u0131n ilerleyen saatlerinde ise sevilen sanat\u00e7\u0131 Zeynep Bast\u0131k ile Cumhuriyetimizin 100\u2019\u00fcnc\u00fc y\u0131l\u0131n\u0131 kutlayaca\u011f\u0131z\u201d dedi.<\/strong><\/p>\n\n\n\n<p>Geyik\u00e7i: Balkonlar\u0131 donatal\u0131m, \u00e7ocuklar\u0131m\u0131za Cumhuriyeti anlatal\u0131m<\/p>\n\n\n\n<p><strong>T\u00fcm Finikelileri ve Finike\u2019de bulunanlar\u0131 bu b\u00fcy\u00fck <\/strong>heyecana ortak olmaya davet eden Finike Belediye Ba\u015fkan\u0131 Mustafa Geyik\u00e7i, \u201cCumhuriyetimizin en k\u0131ymetli bug\u00fcn\u00fcnde t\u00fcm Finikelileri ve bu co\u015fkuya Finike\u2019de ortak olmak isteyen herkesi bekliyoruz. \u0130ki g\u00fcn boyunca Cumhuriyetimizin 100\u2019\u00fcnc\u00fc y\u0131l co\u015fkusunu hep birlikte ya\u015fayal\u0131m. Cumhuriyetimizin 100\u2019\u00fcnc\u00fc y\u0131l\u0131nda halk\u0131m\u0131z da balkonlar\u0131n\u0131 bayraklarla donatal\u0131m. \u00c7ocuklar\u0131m\u0131za <strong>Cumhuriyetin kazan\u0131mlar\u0131n\u0131 ve 100\u2019\u00fcnc\u00fc y\u0131l\u0131n \u00f6nemini anlatal\u0131m. Bu b\u00fcy\u00fck g\u00fcn\u00fc 7\u2019den 70\u2019e hep beraber ya\u015fayal\u0131m\u201d diye konu\u015ftu.<\/strong><\/p>\n\n\n\n<p>Finike Belediyesi \/ B\u00fclten<\/p>\n","protected":false},"excerpt":{"rendered":"<p>Cumhuriyetin 100\u2019\u00fcnc\u00fc y\u0131l\u0131 Finike\u2019de,iki g\u00fcn s\u00fcrecek etkinliklerle kutlanacak.28 Ekim\u2019de ba\u015flayacak &nbsp;ve 2 g\u00fcn s\u00fcrecek etkinliklerin ilk g\u00fcn\u00fcnde sevilen sanat\u00e7\u0131 Tu\u011f\u00e7e Kandemir sahne al\u0131rken, 29 Ekim <a href=\"https:\/\/akdenizhaber.com.tr\/index.php\/2023\/10\/25\/finikede-100uncu-yil-hazirliklari-tamam\/\" class=\"read-more-link\">[more&#8230;]<\/a><\/p>\n","protected":false},"author":2,"featured_media":17016,"comment_status":"open","ping_status":"open","sticky":false,"template":"","format":"standard","meta":{"footnotes":""},"categories":[2],"tags":[],"class_list":["post-17015","post","type-post","status-publish","format-standard","has-post-thumbnail","hentry","category-gundem"],"_links":{"self":[{"href":"https:\/\/akdenizhaber.com.tr\/index.php\/wp-json\/wp\/v2\/posts\/17015","targetHints":{"allow":["GET"]}}],"collection":[{"href":"https:\/\/akdenizhaber.com.tr\/index.php\/wp-json\/wp\/v2\/posts"}],"about":[{"href":"https:\/\/akdenizhaber.com.tr\/index.php\/wp-json\/wp\/v2\/types\/post"}],"author":[{"embeddable":true,"href":"https:\/\/akdenizhaber.com.tr\/index.php\/wp-json\/wp\/v2\/users\/2"}],"replies":[{"embeddable":true,"href":"https:\/\/akdenizhaber.com.tr\/index.php\/wp-json\/wp\/v2\/comments?post=17015"}],"version-history":[{"count":0,"href":"https:\/\/akdenizhaber.com.tr\/index.php\/wp-json\/wp\/v2\/posts\/17015\/revisions"}],"wp:featuredmedia":[{"embeddable":true,"href":"https:\/\/akdenizhaber.com.tr\/index.php\/wp-json\/wp\/v2\/media\/17016"}],"wp:attachment":[{"href":"https:\/\/akdenizhaber.com.tr\/index.php\/wp-json\/wp\/v2\/media?parent=17015"}],"wp:term":[{"taxonomy":"category","embeddable":true,"href":"https:\/\/akdenizhaber.com.tr\/index.php\/wp-json\/wp\/v2\/categories?post=17015"},{"taxonomy":"post_tag","embeddable":true,"href":"https:\/\/akdenizhaber.com.tr\/index.php\/wp-json\/wp\/v2\/tags?post=17015"}],"curies":[{"name":"wp","href":"https:\/\/api.w.org\/{rel}","templated":true}]}}