{"id":17012,"date":"2023-10-25T13:56:28","date_gmt":"2023-10-25T10:56:28","guid":{"rendered":"https:\/\/akdenizhaber.com.tr\/?p=17012"},"modified":"2023-10-25T13:56:29","modified_gmt":"2023-10-25T10:56:29","slug":"kepezden-ata-sporuna-tam-destek","status":"publish","type":"post","link":"https:\/\/akdenizhaber.com.tr\/index.php\/2023\/10\/25\/kepezden-ata-sporuna-tam-destek\/","title":{"rendered":"Kepez\u2019den ata sporuna tam destek\u00a0\u00a0"},"content":{"rendered":"\n<p><\/p>\n\n\n\n<p>Kepez Belediyesinden ata sporu ya\u011fl\u0131 g\u00fcre\u015fe tesis deste\u011fi geldi. Varsak b\u00f6lgesine, tarihi K\u0131rkp\u0131nar Ya\u011fl\u0131 G\u00fcre\u015fleri&#8217;nin d\u00fczenlendi\u011fi er meydan\u0131 gibi bir tesis yap\u0131ld\u0131. \u0130n\u015faat \u00e7al\u0131\u015fmalar\u0131ndan sonra Varsak er meydan\u0131n\u0131n \u00e7im ekimi de tamamland\u0131.<\/p>\n\n\n\n<p>Y\u00f6r\u00fck k\u00fclt\u00fcr\u00fcyle bilinen Antalya\u2019da, ata sporu ya\u011fl\u0131 g\u00fcre\u015f \u00e7ok seviliyor.<br>Bu sevgi de, Tarihi K\u0131rkp\u0131nar Ya\u011fl\u0131 G\u00fcre\u015fleri&#8217;nde \u2018ba\u015fpehlivanl\u0131k\u2019 ba\u015far\u0131s\u0131n\u0131 Antalya\u2019ya getiriyor. Tarihi K\u0131rkp\u0131nar Ya\u011fl\u0131 G\u00fcre\u015fleri&#8217;nde, son y\u0131llarda finalde en \u00e7ok Antalya&#8217;dan ba\u015fpehlivanlar g\u00fcre\u015fiyor. Recep G\u00fcrb\u00fcz, Cengiz Elbeye, Hasan Tuna gibi efsane ba\u015fpehlivanlar\u0131n \u00e7\u0131kt\u0131\u011f\u0131 Antalya\u2019ya, aktif olarak g\u00fcre\u015f hayatlar\u0131n\u0131 s\u00fcrd\u00fcren Ali G\u00fcrb\u00fcz, Orhan Okulu, \u0130smail Balaban, Osman Aynur, Mehmet Ye\u015fil Ye\u015fil gibi isimler de ba\u015fpehlivanl\u0131k heyecan\u0131 ya\u015fatt\u0131.<br>Kepez Belediyesi de, \u015fehre ya\u011fl\u0131 g\u00fcre\u015fteki ba\u015far\u0131s\u0131na uygun bir tesis kazand\u0131rd\u0131.<\/p>\n\n\n\n<p>KEPEZ\u2019DEN BA\u015ePEHL\u0130VANLAR \u00c7IKACAK<\/p>\n\n\n\n<p>&nbsp;Ya\u011fl\u0131 g\u00fcre\u015flerin \u00e7ok sevildi\u011fi Varsak b\u00f6lgesine g\u00fcre\u015f sahas\u0131 in\u015fa edildi.&nbsp;<br>Kepez Belediye Ba\u015fkan\u0131 Hakan T\u00fct\u00fcnc\u00fc\u2019n\u00fcn, Varsak b\u00f6lgesine s\u00f6z\u00fc olan g\u00fcre\u015f sahas\u0131, sadece ata sporu g\u00fcre\u015fe \u00f6zg\u00fc bir tesis olacak.&nbsp;<br>Varsak G\u00fcre\u015f Sahas\u0131\u2019nda, hem g\u00fcre\u015f organizasyonu d\u00fczenlenebilecek hem de pehlivanlar antrenmanlar\u0131n\u0131 yapabilecek. Bu tesis, ayn\u0131 zamanda K\u0131rkp\u0131nar Ya\u011fl\u0131 G\u00fcre\u015fleri&#8217;nde, Antalya\u2019ya ba\u015fpehlivanl\u0131k heyecan\u0131 ya\u015fatacak pehlivanlar\u0131n yeti\u015fmesine katk\u0131 sa\u011flayacak.<br>&nbsp;Varsak sakinleri de, Ramazan Bayram\u0131\u2019nda d\u00fczenledikleri ya\u011fl\u0131 g\u00fcre\u015f etkinli\u011fini art\u0131k parklarda de\u011fil, K\u0131rkp\u0131nar er meydan\u0131 gibi bir alanda ger\u00e7ekle\u015ftirebilecek.<\/p>\n\n\n\n<p>VARSAK ER MEYDANI \u00c7\u0130MLEND\u0130<\/p>\n\n\n\n<p>Ata sporu g\u00fcre\u015fin geli\u015fmesine, ya\u015fat\u0131lmas\u0131na katk\u0131 sunacak olan Varsak G\u00fcre\u015f Sahas\u0131, Aktoprak Mahallesi \u015eehit B\u00fclent Alkan Caddesi\u2019nde 5 bin 517 m2 alana in\u015fa edildi. \u0130n\u015faat \u00e7al\u0131\u015fmalar\u0131 tamamlanan g\u00fcre\u015f sahas\u0131n\u0131n 627 koltuklu betonarme kapal\u0131 trib\u00fcn\u00fc bulunuyor. Tesisin seyirci kapasitesi, portatif trib\u00fcnlerle art\u0131rabilecek. Kapal\u0131 trib\u00fcn\u00fcn alt\u0131nda ise hakem ve soyunma odalar\u0131yla, lavabolar bulunuyor. Tesisin, &nbsp;geni\u015fli\u011fi 70 metre, uzunlu\u011fu 80 metre olan \u00e7im sahas\u0131n\u0131n b\u00fcy\u00fckl\u00fc\u011f\u00fc 2 bin metre kare\u2026<br>Y\u00fcklenici firma, g\u00fcre\u015f sahas\u0131n\u0131n betonarme, karkas imalatlar\u0131, ince i\u015f\u00e7ili\u011fi ve cevre d\u00fczenleme \u00e7al\u0131\u015fmalar\u0131n\u0131 b\u00fcy\u00fck oranda tamamlad\u0131. Tesisin, \u00e7im sahas\u0131 da yap\u0131ld\u0131. \u0130\u015f makinelerinin yard\u0131m\u0131yla, tesviyesi ve sulama alt yap\u0131s\u0131 yap\u0131lan sahaya \u00e7im ekildi.&nbsp;<\/p>\n\n\n\n<p>ANTALYA\u2019NIN PEHL\u0130VANLAR D\u0130YARI MARKASINA YAKI\u015eIR TES\u0130S<\/p>\n\n\n\n<p>Ba\u015fkan Hakan T\u00fct\u00fcnc\u00fc de a\u00e7\u0131klamas\u0131nda, ata sporu g\u00fcre\u015fin geli\u015fmesine ve gelece\u011fin ba\u015fpehlivanlar\u0131n\u0131n yeti\u015fmesine katk\u0131 sa\u011flayacak olan Varsak G\u00fcre\u015f Sahas\u0131\u2019n\u0131, \u00f6n\u00fcm\u00fczdeki aylarda g\u00fczel bir ya\u011fl\u0131 g\u00fcre\u015f etkinli\u011fiyle hizmete a\u00e7acaklar\u0131n\u0131 s\u00f6yledi.&nbsp; &nbsp;<br>Antalya\u2019ya, ya\u011fl\u0131 g\u00fcre\u015fteki ba\u015far\u0131s\u0131na yak\u0131\u015f\u0131r bir tesis yapt\u0131klar\u0131n\u0131 belirten Ba\u015fkan T\u00fct\u00fcnc\u00fc, \u201cYa\u011fl\u0131 g\u00fcre\u015f \u015fehrimizde \u00e7ok seviliyor. Antalyal\u0131 pehlivanlar, Tarihi K\u0131rkp\u0131nar G\u00fcre\u015fleri\u2019nde \u00f6nemli ba\u015far\u0131lara imza at\u0131yor. Ya\u011fl\u0131 g\u00fcre\u015fe yo\u011fun ilginin oldu\u011fu bir \u015fehre, K\u0131rkp\u0131nar er meydan\u0131 gibi bir saha yak\u0131\u015f\u0131r dedik ve Varsak G\u00fcre\u015f Sahas\u0131 yapt\u0131k.&nbsp; Art\u0131k kentte, g\u00fcre\u015f organizasyonlar\u0131 futbol sahalar\u0131nda, park alanlar\u0131nda de\u011fil, K\u0131rkp\u0131nar er meydan\u0131 gibi bir tesiste d\u00fczenlenecek. Gelece\u011fin ba\u015fpehlivan adaylar\u0131m\u0131z g\u00fcre\u015f saham\u0131zda antrenmanlar\u0131n\u0131da yapabilecek. &nbsp;Umar\u0131m, Varsak G\u00fcre\u015f Saham\u0131zda, &nbsp;zaman i\u00e7erisinde Recep G\u00fcrb\u00fcz, Cengiz Elbeye gibi efsane ba\u015fpehlivanlar yeti\u015fir.\u201d a\u00e7\u0131klamas\u0131n\u0131 yapt\u0131.<br>T\u00fct\u00fcnc\u00fc, g\u00fcre\u015f sahas\u0131nda d\u00fczenleyecekleri Geleneksel Varsak Ya\u011fl\u0131 G\u00fcre\u015fleri\u2019nin,&nbsp; ya\u011fl\u0131 g\u00fcre\u015fte \u00f6nemli bir etkinlik olaca\u011f\u0131n\u0131 da s\u00f6zlerine ekledi.<\/p>\n\n\n\n<p>Kepez Belediyesi \/ B\u00fclten<\/p>\n","protected":false},"excerpt":{"rendered":"<p>Kepez Belediyesinden ata sporu ya\u011fl\u0131 g\u00fcre\u015fe tesis deste\u011fi geldi. Varsak b\u00f6lgesine, tarihi K\u0131rkp\u0131nar Ya\u011fl\u0131 G\u00fcre\u015fleri&#8217;nin d\u00fczenlendi\u011fi er meydan\u0131 gibi bir tesis yap\u0131ld\u0131. \u0130n\u015faat \u00e7al\u0131\u015fmalar\u0131ndan sonra <a href=\"https:\/\/akdenizhaber.com.tr\/index.php\/2023\/10\/25\/kepezden-ata-sporuna-tam-destek\/\" class=\"read-more-link\">[more&#8230;]<\/a><\/p>\n","protected":false},"author":2,"featured_media":17013,"comment_status":"open","ping_status":"open","sticky":false,"template":"","format":"standard","meta":{"footnotes":""},"categories":[2],"tags":[],"class_list":["post-17012","post","type-post","status-publish","format-standard","has-post-thumbnail","hentry","category-gundem"],"_links":{"self":[{"href":"https:\/\/akdenizhaber.com.tr\/index.php\/wp-json\/wp\/v2\/posts\/17012","targetHints":{"allow":["GET"]}}],"collection":[{"href":"https:\/\/akdenizhaber.com.tr\/index.php\/wp-json\/wp\/v2\/posts"}],"about":[{"href":"https:\/\/akdenizhaber.com.tr\/index.php\/wp-json\/wp\/v2\/types\/post"}],"author":[{"embeddable":true,"href":"https:\/\/akdenizhaber.com.tr\/index.php\/wp-json\/wp\/v2\/users\/2"}],"replies":[{"embeddable":true,"href":"https:\/\/akdenizhaber.com.tr\/index.php\/wp-json\/wp\/v2\/comments?post=17012"}],"version-history":[{"count":0,"href":"https:\/\/akdenizhaber.com.tr\/index.php\/wp-json\/wp\/v2\/posts\/17012\/revisions"}],"wp:featuredmedia":[{"embeddable":true,"href":"https:\/\/akdenizhaber.com.tr\/index.php\/wp-json\/wp\/v2\/media\/17013"}],"wp:attachment":[{"href":"https:\/\/akdenizhaber.com.tr\/index.php\/wp-json\/wp\/v2\/media?parent=17012"}],"wp:term":[{"taxonomy":"category","embeddable":true,"href":"https:\/\/akdenizhaber.com.tr\/index.php\/wp-json\/wp\/v2\/categories?post=17012"},{"taxonomy":"post_tag","embeddable":true,"href":"https:\/\/akdenizhaber.com.tr\/index.php\/wp-json\/wp\/v2\/tags?post=17012"}],"curies":[{"name":"wp","href":"https:\/\/api.w.org\/{rel}","templated":true}]}}