{"id":17006,"date":"2023-10-25T13:55:18","date_gmt":"2023-10-25T10:55:18","guid":{"rendered":"https:\/\/akdenizhaber.com.tr\/?p=17006"},"modified":"2023-10-25T13:55:19","modified_gmt":"2023-10-25T10:55:19","slug":"dunya-100uncu-yil-coskusuna-ortak-olacak","status":"publish","type":"post","link":"https:\/\/akdenizhaber.com.tr\/index.php\/2023\/10\/25\/dunya-100uncu-yil-coskusuna-ortak-olacak\/","title":{"rendered":"D\u00fcnya, 100\u2019\u00fcnc\u00fc y\u0131l co\u015fkusuna ortak olacak"},"content":{"rendered":"\n<p><\/p>\n\n\n\n<p>Antalya Muratpa\u015fa Belediyesi\u2019nin 26-29 Ekim tarihlerinde d\u00fczenleyece\u011fi 8. Uluslararas\u0131 Kalei\u00e7i Old Town Festivali\u2019ne Tayland\u2019dan \u0130rlanda\u2019ya 26 \u00fclkeden 40 \u015fehir kat\u0131lacak. Aralar\u0131nda Avrupa\u2019n\u0131n spa ve kapl\u0131ca merkezi olarak D\u00fcnya Miras\u0131 listesine eklenen Baden-Baden Belediye Ba\u015fkan\u0131 Dietmar Spath\u2019\u0131n da bulundu\u011fu yabanc\u0131 heyetler, Cumhuriyetin 100\u2019\u00fcnc\u00fc y\u0131l kutlamalar\u0131na kat\u0131lacak.<\/p>\n\n\n\n<p>Antalya, T\u00fcrkiye Cumhuriyeti\u2019nin 100\u2019\u00fcnc\u00fc y\u0131l\u0131n\u0131 Muratpa\u015fa Belediyesi\u2019nin bu y\u0131l 8\u2019incisini d\u00fczenleyece\u011fi Uluslararas\u0131 Kalei\u00e7i Old Town Festivali\u2019yle birlikte kutlayacak. 26 Ekim\u2019de ba\u015flay\u0131p 29 Ekim\u2019e devam edecek festivalde Kalei\u00e7i\u2019nin 33 ayn\u0131 noktas\u0131nda 103 etkinlik ger\u00e7ekle\u015ftirilecek.<br><br>Bu y\u0131l Kalei\u00e7i etkinliklerinin ana temas\u0131 ise \u2018Cumhuriyetin \u0131\u015f\u0131\u011f\u0131\u2019 olacak. Festivalde \u2018cumhuriyetin \u0131\u015f\u0131\u011f\u0131nda\u2019 resim, heykel, m\u00fczik ve daha bir\u00e7ok ba\u015fl\u0131kta at\u00f6lyeler, performanslar, s\u00f6yle\u015filer, dinletiler ger\u00e7ekle\u015ftirilecek.<br><br>Festivale bu y\u0131l 26 \u00fclkeden \u015fehirler kat\u0131lacak. \u0130rlanda\u2019n\u0131n ikinci en b\u00fcy\u00fck \u015fehri Cork, Litvanya\u2019dan Kaunas, \u0130talya\u2019dan Gradara\u2019n\u0131n da aralar\u0131nda bulundu\u011fu 40 \u015fehir, festivalle T\u00fcrkiye Cumhuriyeti\u2019nin 100\u2019\u00fcnc\u00fc y\u0131l co\u015fkusuna ortak olacak.<br><br>Festivale ge\u00e7mi\u015f y\u0131llarda Almanya\u2019n\u0131n 6 bin n\u00fcfuslu Muggensturm \u015fehri belediye ba\u015fkan\u0131yken kat\u0131lan Alman siyaset\u00e7i Dietmar Spath, bu kez, 2021&#8217;de UNESCO D\u00fcnya Miras\u0131 Komitesi\u2019nce Avrupa\u2019n\u0131n 11 \u00f6nemli kapl\u0131ca kentinden biri olarak D\u00fcnya Miras\u0131 Listesine eklenen Baden-Baden belediye ba\u015fkan\u0131 olarak kat\u0131lacak. Dietmar Spath\u2019\u0131n belediye ba\u015fkanl\u0131k ser\u00fcveninin ba\u015flad\u0131\u011f\u0131 Muggensturm\u2019da 2017\u2019de ge\u00e7erli oylar\u0131n y\u00fczde 97.19&#8217;unu alarak 4 d\u00f6nem belediye ba\u015fkanl\u0131\u011f\u0131 yapt\u0131. Spath, 27 Mart 2022&#8217;de ikinci tur oylamas\u0131 yap\u0131lan Baden Baden se\u00e7imlerinde y\u00fczde 55.34 oyla belediye ba\u015fkan\u0131 se\u00e7ildi.<\/p>\n\n\n\n<p>Muratpa\u015fa Belediyesi \/ B\u00fclten<\/p>\n","protected":false},"excerpt":{"rendered":"<p>Antalya Muratpa\u015fa Belediyesi\u2019nin 26-29 Ekim tarihlerinde d\u00fczenleyece\u011fi 8. Uluslararas\u0131 Kalei\u00e7i Old Town Festivali\u2019ne Tayland\u2019dan \u0130rlanda\u2019ya 26 \u00fclkeden 40 \u015fehir kat\u0131lacak. Aralar\u0131nda Avrupa\u2019n\u0131n spa ve kapl\u0131ca <a href=\"https:\/\/akdenizhaber.com.tr\/index.php\/2023\/10\/25\/dunya-100uncu-yil-coskusuna-ortak-olacak\/\" class=\"read-more-link\">[more&#8230;]<\/a><\/p>\n","protected":false},"author":2,"featured_media":17007,"comment_status":"open","ping_status":"open","sticky":false,"template":"","format":"standard","meta":{"footnotes":""},"categories":[2],"tags":[],"class_list":["post-17006","post","type-post","status-publish","format-standard","has-post-thumbnail","hentry","category-gundem"],"_links":{"self":[{"href":"https:\/\/akdenizhaber.com.tr\/index.php\/wp-json\/wp\/v2\/posts\/17006","targetHints":{"allow":["GET"]}}],"collection":[{"href":"https:\/\/akdenizhaber.com.tr\/index.php\/wp-json\/wp\/v2\/posts"}],"about":[{"href":"https:\/\/akdenizhaber.com.tr\/index.php\/wp-json\/wp\/v2\/types\/post"}],"author":[{"embeddable":true,"href":"https:\/\/akdenizhaber.com.tr\/index.php\/wp-json\/wp\/v2\/users\/2"}],"replies":[{"embeddable":true,"href":"https:\/\/akdenizhaber.com.tr\/index.php\/wp-json\/wp\/v2\/comments?post=17006"}],"version-history":[{"count":0,"href":"https:\/\/akdenizhaber.com.tr\/index.php\/wp-json\/wp\/v2\/posts\/17006\/revisions"}],"wp:featuredmedia":[{"embeddable":true,"href":"https:\/\/akdenizhaber.com.tr\/index.php\/wp-json\/wp\/v2\/media\/17007"}],"wp:attachment":[{"href":"https:\/\/akdenizhaber.com.tr\/index.php\/wp-json\/wp\/v2\/media?parent=17006"}],"wp:term":[{"taxonomy":"category","embeddable":true,"href":"https:\/\/akdenizhaber.com.tr\/index.php\/wp-json\/wp\/v2\/categories?post=17006"},{"taxonomy":"post_tag","embeddable":true,"href":"https:\/\/akdenizhaber.com.tr\/index.php\/wp-json\/wp\/v2\/tags?post=17006"}],"curies":[{"name":"wp","href":"https:\/\/api.w.org\/{rel}","templated":true}]}}