{"id":16979,"date":"2023-10-24T12:53:42","date_gmt":"2023-10-24T09:53:42","guid":{"rendered":"https:\/\/akdenizhaber.com.tr\/?p=16979"},"modified":"2023-10-24T12:53:42","modified_gmt":"2023-10-24T09:53:42","slug":"yili-coskusu-plaj-voleybolu-turnuvasi-ile-basladi","status":"publish","type":"post","link":"https:\/\/akdenizhaber.com.tr\/index.php\/2023\/10\/24\/yili-coskusu-plaj-voleybolu-turnuvasi-ile-basladi\/","title":{"rendered":"Y\u0131l\u0131 co\u015fkusu Plaj Voleybolu Turnuvas\u0131 ile ba\u015flad\u0131"},"content":{"rendered":"\n<p><\/p>\n\n\n\n<p>Antalya B\u00fcy\u00fck\u015fehir Belediyesi, Cumhuriyet&#8217;in 100. y\u0131l\u0131nda sporun g\u00fcc\u00fcn\u00fc vurgulamak ad\u0131na Plaj Voleybolu Turnuvas\u0131 d\u00fczenledi. Konyaalt\u0131 Sahili&#8217;nde ger\u00e7ekle\u015fen turnuva \u00e7eki\u015fmeli m\u00fcsabakalara ev sahipli\u011fi yapt\u0131.<\/p>\n\n\n\n<p>Antalya B\u00fcy\u00fck\u015fehir Belediyesi\u2019nin Cumhuriyet\u2019in 100. Y\u0131l kutlamalar\u0131 kapsam\u0131nda d\u00fczenledi\u011fi Plaj Voleybolu Cumhuriyet Kupas\u0131\u2019na 32 tak\u0131m 128 sporcu kat\u0131ld\u0131. Konyaalt\u0131 Sahili 20 Nolu Plaj\u2019da ger\u00e7ekle\u015fen turnuvada voleybol tutkunlar\u0131 k\u0131yas\u0131ya m\u00fccadele etti. Her tak\u0131m zorlu 5 m\u00fcsabaka ger\u00e7ekle\u015ftirdi. Rakipleri tek tek eleyerek finale uzanan 4 tak\u0131m kupa, madalya ve hediye \u00e7ekleriyle \u00f6d\u00fcllendirildi.<\/p>\n\n\n\n<p>CUMHUR\u0130YET\u0130N 100. YILINDA SPORT\u0130F FAAL\u0130YETLER<\/p>\n\n\n\n<p>Gen\u00e7lik ve Spor Hizmetleri Dairesi Ba\u015fkan\u0131 Nurettin Tongu\u00e7 Antalya\u2019da Cumhuriyetin 100. Y\u0131l\u0131 an\u0131s\u0131na sportif etkinlikler organize ettiklerini belirterek, \u201cBunlardan ilki plaj voleybolu turnuvas\u0131yd\u0131. 25-26 Ekim\u2019 de FashionWeek ad\u0131yla bir moda sunumumuz olacak. 28 Ekim\u2019de Konyaalt\u0131\u2019nda a\u00e7\u0131k deniz y\u00fczme yar\u0131\u015f\u0131 olacak. D\u00fcnya rekortmeni milli sporcumuz \u015eahika Erc\u00fcmen de Varyant b\u00f6lgesinde dal\u0131\u015f yapacak. 29 Ekim\u2019de de T\u00fcnektepe b\u00f6lgesinde Cumhuriyet t\u0131rman\u0131\u015f\u0131 yar\u0131\u015f\u0131m\u0131z var. 3 farkl\u0131 kategoride olacak. Cumhuriyetimizin 100. Y\u0131l\u0131n\u0131 \u015fehrin farkl\u0131 alanlar\u0131ndaki sportif faaliyetlerle kutlayaca\u011f\u0131z\u201d diye konu\u015ftu.<\/p>\n\n\n\n<p>BA\u015eKAN B\u00d6CEK\u2019E TE\u015eEKK\u00dcR<\/p>\n\n\n\n<p>Turnuvaya kat\u0131lan Matematik \u00f6\u011fretmeni Salih Da\u011fdeviren tak\u0131m\u0131yla elde ettikleri \u015fampiyonlu\u011fun mutlulu\u011funu ya\u015farken B\u00fcy\u00fck\u015fehir Belediye Ba\u015fkan\u0131 Muhittin B\u00f6cek\u2019e Cumhuriyetin 100. Y\u0131l\u0131 dolay\u0131s\u0131yla d\u00fczenlenen voleybol turnuvas\u0131 i\u00e7in te\u015fekk\u00fcr etti.<\/p>\n\n\n\n<p>Derya \u00d6z\u00e7elik ise \u201cUzun zamand\u0131r plaj voleybolu oynuyorum. Trib\u00fcnler de \u00e7ok g\u00fczeldi. Her \u015fey muazzamd\u0131. Bu anlaml\u0131 turnuvada yer ald\u0131\u011f\u0131m i\u00e7in \u00e7ok mutluyum\u201d dedi.<\/p>\n\n\n\n<p>Antalya B\u00fcy\u00fck\u015fehir Belediyesi \/ B\u00fclten<\/p>\n","protected":false},"excerpt":{"rendered":"<p>Antalya B\u00fcy\u00fck\u015fehir Belediyesi, Cumhuriyet&#8217;in 100. y\u0131l\u0131nda sporun g\u00fcc\u00fcn\u00fc vurgulamak ad\u0131na Plaj Voleybolu Turnuvas\u0131 d\u00fczenledi. Konyaalt\u0131 Sahili&#8217;nde ger\u00e7ekle\u015fen turnuva \u00e7eki\u015fmeli m\u00fcsabakalara ev sahipli\u011fi yapt\u0131. Antalya B\u00fcy\u00fck\u015fehir <a href=\"https:\/\/akdenizhaber.com.tr\/index.php\/2023\/10\/24\/yili-coskusu-plaj-voleybolu-turnuvasi-ile-basladi\/\" class=\"read-more-link\">[more&#8230;]<\/a><\/p>\n","protected":false},"author":2,"featured_media":16980,"comment_status":"open","ping_status":"open","sticky":false,"template":"","format":"standard","meta":{"footnotes":""},"categories":[2],"tags":[],"class_list":["post-16979","post","type-post","status-publish","format-standard","has-post-thumbnail","hentry","category-gundem"],"_links":{"self":[{"href":"https:\/\/akdenizhaber.com.tr\/index.php\/wp-json\/wp\/v2\/posts\/16979","targetHints":{"allow":["GET"]}}],"collection":[{"href":"https:\/\/akdenizhaber.com.tr\/index.php\/wp-json\/wp\/v2\/posts"}],"about":[{"href":"https:\/\/akdenizhaber.com.tr\/index.php\/wp-json\/wp\/v2\/types\/post"}],"author":[{"embeddable":true,"href":"https:\/\/akdenizhaber.com.tr\/index.php\/wp-json\/wp\/v2\/users\/2"}],"replies":[{"embeddable":true,"href":"https:\/\/akdenizhaber.com.tr\/index.php\/wp-json\/wp\/v2\/comments?post=16979"}],"version-history":[{"count":0,"href":"https:\/\/akdenizhaber.com.tr\/index.php\/wp-json\/wp\/v2\/posts\/16979\/revisions"}],"wp:featuredmedia":[{"embeddable":true,"href":"https:\/\/akdenizhaber.com.tr\/index.php\/wp-json\/wp\/v2\/media\/16980"}],"wp:attachment":[{"href":"https:\/\/akdenizhaber.com.tr\/index.php\/wp-json\/wp\/v2\/media?parent=16979"}],"wp:term":[{"taxonomy":"category","embeddable":true,"href":"https:\/\/akdenizhaber.com.tr\/index.php\/wp-json\/wp\/v2\/categories?post=16979"},{"taxonomy":"post_tag","embeddable":true,"href":"https:\/\/akdenizhaber.com.tr\/index.php\/wp-json\/wp\/v2\/tags?post=16979"}],"curies":[{"name":"wp","href":"https:\/\/api.w.org\/{rel}","templated":true}]}}