{"id":16958,"date":"2023-10-23T12:32:23","date_gmt":"2023-10-23T09:32:23","guid":{"rendered":"https:\/\/akdenizhaber.com.tr\/?p=16958"},"modified":"2023-10-23T12:32:23","modified_gmt":"2023-10-23T09:32:23","slug":"is-insani-cengize-genclerden-ziyaret","status":"publish","type":"post","link":"https:\/\/akdenizhaber.com.tr\/index.php\/2023\/10\/23\/is-insani-cengize-genclerden-ziyaret\/","title":{"rendered":"\u0130\u015f \u0130nsan\u0131 Cengize\u00a0 Gen\u00e7lerden Ziyaret"},"content":{"rendered":"\n<p><\/p>\n\n\n\n<p>\u0130l\u00e7emizin tan\u0131nm\u0131\u015f i\u015f insanlar\u0131ndan Masiad eski ba\u015fkan\u0131, Matso kurucular\u0131ndan Mehmet Ali Cengizi ge\u00e7ti\u011fimiz hafta Nam\u0131k Karamanc\u0131 Fen Lisesi 11. s\u0131n\u0131f \u00f6\u011frencileri, ziyaret ederek, yay\u0131nlad\u0131klar\u0131 Mavi \u00c7er\u00e7eve dergisini Okul M\u00fcd\u00fcr\u00fc Hasan K\u00f6k\u00e7\u00fc ve \u00f6\u011fretmenleri K\u00fcbra \u00d6zben e\u015fli\u011finde takdim ettiler.<\/p>\n\n\n\n<p>Nam\u0131k Karamanc\u0131 Fen Lisesi \u00f6\u011frencilerinin birlikte \u00e7al\u0131\u015farak ve b\u00fcy\u00fck emeklerle ortaya \u00e7\u0131kard\u0131\u011f\u0131 &nbsp;Mavi \u00c7er\u00e7eve Dergisini \u00f6\u011frenciler okurlar\u0131yla bulu\u015fturmaya devam ederken derginin yay\u0131nlanmas\u0131nda maddi-manevi emekleri olan ki\u015fileri de ziyaretle te\u015fekk\u00fcrlerini iletiyorlar.<\/p>\n\n\n\n<p>Mavi \u00c7er\u00e7eve dergisi alan\u0131nda uzman akademisyenlerin makalelerinin bulundu\u011fu; \u00f6\u011frencilerin bilim, sanat,&nbsp;<a href=\"https:\/\/www.nehir.net\/haberleri\/egitim\" target=\"_blank\" rel=\"noreferrer noopener\">e\u011fitim<\/a>, spor, psikoloji,&nbsp;<a href=\"https:\/\/www.nehir.net\/haberleri\/saglik\" target=\"_blank\" rel=\"noreferrer noopener\">sa\u011fl\u0131k<\/a>&nbsp;ve tarih alanlar\u0131nda yazd\u0131\u011f\u0131 yaz\u0131lar\u0131n da dahil oldu\u011fu zengin bir i\u00e7eri\u011fe sahip. \u00d6\u011frenciler, \u00f6zg\u00fcr bir&nbsp;<a href=\"https:\/\/www.nehir.net\/haberleri\/calisma\" target=\"_blank\" rel=\"noreferrer noopener\">\u00e7al\u0131\u015fma<\/a>&nbsp;alan\u0131 sunan bu proje sayesinde yeteneklerini rahat\u00e7a sergileme f\u0131rsat\u0131 bulurlarken edindikleri bilgileri payla\u015fman\u0131n da hakl\u0131 gururunu ya\u015f\u0131yorlar.<\/p>\n\n\n\n<p>Nam\u0131k Karamanc\u0131 Fen Lisesi 11. s\u0131n\u0131f \u00f6\u011frencilerinin \u00e7\u0131karm\u0131\u015f olduklar\u0131 Mavi \u00c7er\u00e7eve dergisine r\u00f6portaj vererek destek olan, i\u015f insan\u0131 Mehmet Ali Cengiz, ziyarete gelen \u00f6\u011frencilerle ayn\u0131 zamanda i\u015f hayat\u0131ndaki deneyimlerini payla\u015farak gen\u00e7lere ilham verdi ve onlara gelecekleri i\u00e7in tavsiyelerde bulundu.<br>Ge\u00e7ti\u011fimiz g\u00fcnlerde Balkanlar gezisinde \u00e7e\u015fitli incelemelerde bulunan i\u015f insan Cengiz gezideki izlenimlerini gen\u00e7lerle payla\u015ft\u0131.<\/p>\n\n\n\n<p>\u0130\u015f insan\u0131 Mehmet Ali Cengiz, gelece\u011fimizin teminat\u0131 olan gen\u00e7lerimize sahip \u00e7\u0131k\u0131lmas\u0131 ve onlar\u0131n yolunun daha ayd\u0131nl\u0131k olmas\u0131na katk\u0131da bulunulmas\u0131 gerekti\u011fini bilhassa \u00fclke genelinde \u00e7ok iyi derecelerde \u00f6\u011frenci yeti\u015ftiren Nam\u0131k Karamanc\u0131 Fen Lisesi \u00f6\u011frencilerine de destek olunmas\u0131 gerekti\u011fini vurgulad\u0131.<\/p>\n\n\n\n<p>Cengiz Balkanlarda b\u0131rak\u0131p geldi\u011fimiz co\u011frafyalarda ne kadar \u00e7ok sevildi\u011fimizi, onlar\u0131n umudu oldu\u011fumuzu, topraklar\u0131na ve k\u00fclt\u00fcrlerini sahip \u00e7\u0131kmalar\u0131n\u0131n kendisini duyguland\u0131rd\u0131\u011f\u0131n\u0131 ifade ederek, Balkanlar&#8217;da gezdi\u011fi m\u00fczelerin yan\u0131 s\u0131ra&nbsp; Atat\u00fcrk&#8217;\u00fcn okudu\u011fu okulu da ziyaret etti\u011fini dile getiren Cengiz, \u00e7ekmi\u015f oldu\u011fu foto\u011fraflar\u0131 da \u00f6\u011frencilerle payla\u015ft\u0131. Bu payla\u015f\u0131m \u00f6\u011frencilerde g\u00fczel izler b\u0131rakt\u0131. Bizim \u00fclke olarak g\u00fc\u00e7l\u00fc olmam\u0131z ve bunun i\u00e7in \u00e7ok \u00e7al\u0131\u015fmam\u0131z gerekti\u011fi vurgulayan Cengiz, bunun ancak azimli, zeki ve \u00fclkesini seven \u00f6\u011frencilerin sayesinde ger\u00e7ekle\u015fece\u011fini ifade etti. Fen liselerimizin \u00fclkemizin gelece\u011finde s\u00f6z sahibi olacaklar\u0131n\u0131 da s\u00f6yleyen Cengiz, bir e\u011fitim g\u00f6n\u00fcll\u00fcs\u00fc olarak bu \u00f6\u011frencilerin&nbsp;<a href=\"https:\/\/www.nehir.net\/haberleri\/manavgat\" target=\"_blank\" rel=\"noreferrer noopener\">Manavgat<\/a>&#8216;\u0131n g\u00f6zbebe\u011fi oldu\u011funu ve onlara i\u015f insan\u0131 olarak sonuna kadar destek verece\u011fini dile getirdi.<br>(Haber Merkezi)<\/p>\n","protected":false},"excerpt":{"rendered":"<p>\u0130l\u00e7emizin tan\u0131nm\u0131\u015f i\u015f insanlar\u0131ndan Masiad eski ba\u015fkan\u0131, Matso kurucular\u0131ndan Mehmet Ali Cengizi ge\u00e7ti\u011fimiz hafta Nam\u0131k Karamanc\u0131 Fen Lisesi 11. s\u0131n\u0131f \u00f6\u011frencileri, ziyaret ederek, yay\u0131nlad\u0131klar\u0131 Mavi <a href=\"https:\/\/akdenizhaber.com.tr\/index.php\/2023\/10\/23\/is-insani-cengize-genclerden-ziyaret\/\" class=\"read-more-link\">[more&#8230;]<\/a><\/p>\n","protected":false},"author":2,"featured_media":16959,"comment_status":"open","ping_status":"open","sticky":false,"template":"","format":"standard","meta":{"footnotes":""},"categories":[2],"tags":[],"class_list":["post-16958","post","type-post","status-publish","format-standard","has-post-thumbnail","hentry","category-gundem"],"_links":{"self":[{"href":"https:\/\/akdenizhaber.com.tr\/index.php\/wp-json\/wp\/v2\/posts\/16958","targetHints":{"allow":["GET"]}}],"collection":[{"href":"https:\/\/akdenizhaber.com.tr\/index.php\/wp-json\/wp\/v2\/posts"}],"about":[{"href":"https:\/\/akdenizhaber.com.tr\/index.php\/wp-json\/wp\/v2\/types\/post"}],"author":[{"embeddable":true,"href":"https:\/\/akdenizhaber.com.tr\/index.php\/wp-json\/wp\/v2\/users\/2"}],"replies":[{"embeddable":true,"href":"https:\/\/akdenizhaber.com.tr\/index.php\/wp-json\/wp\/v2\/comments?post=16958"}],"version-history":[{"count":0,"href":"https:\/\/akdenizhaber.com.tr\/index.php\/wp-json\/wp\/v2\/posts\/16958\/revisions"}],"wp:featuredmedia":[{"embeddable":true,"href":"https:\/\/akdenizhaber.com.tr\/index.php\/wp-json\/wp\/v2\/media\/16959"}],"wp:attachment":[{"href":"https:\/\/akdenizhaber.com.tr\/index.php\/wp-json\/wp\/v2\/media?parent=16958"}],"wp:term":[{"taxonomy":"category","embeddable":true,"href":"https:\/\/akdenizhaber.com.tr\/index.php\/wp-json\/wp\/v2\/categories?post=16958"},{"taxonomy":"post_tag","embeddable":true,"href":"https:\/\/akdenizhaber.com.tr\/index.php\/wp-json\/wp\/v2\/tags?post=16958"}],"curies":[{"name":"wp","href":"https:\/\/api.w.org\/{rel}","templated":true}]}}