{"id":16952,"date":"2023-10-23T12:31:15","date_gmt":"2023-10-23T09:31:15","guid":{"rendered":"https:\/\/akdenizhaber.com.tr\/?p=16952"},"modified":"2023-10-23T12:31:15","modified_gmt":"2023-10-23T09:31:15","slug":"sultanlar-deplasmanda-galip","status":"publish","type":"post","link":"https:\/\/akdenizhaber.com.tr\/index.php\/2023\/10\/23\/sultanlar-deplasmanda-galip\/","title":{"rendered":"Sultanlar Deplasmanda Galip"},"content":{"rendered":"\n<p><\/p>\n\n\n\n<p>T\u00fcrkiye Voleybol Federasyonu Kad\u0131nlar 2. Ligi 8. Grupta \u015fampiyonluk m\u00fccadelesi veren Manavgat Belediyespor\u2019un Kad\u0131n Voleybol tak\u0131m\u0131, ligin ilk ma\u00e7\u0131nda YesPrint A\u00e7\u0131 Koleji\u2019ni 3-0\u2019l\u0131k setlerle yenerek ma\u011flup etti.<\/p>\n\n\n\n<p>D\u00f6\u015femealt\u0131 Spor Salonu\u2019nda oynan m\u00fccadelede Manavgat\u2019\u0131n sultanlar\u0131, hakemin ilk d\u00fcd\u00fc\u011f\u00fcn\u00fcn ard\u0131ndan rakibine f\u0131rsat vermedi.<\/p>\n\n\n\n<p>Ligin ilk ma\u00e7\u0131n\u0131 kazand\u0131klar\u0131 i\u00e7in mutlu olduklar\u0131n\u0131 s\u00f6yleyen Antren\u00f6r \u0130smet Deniz, Cumhuriyet\u2019in 100. Y\u0131l\u0131nda Manavgat Belediyespor\u2019un Kad\u0131n Voleybol tak\u0131m\u0131n\u0131 \u015fampiyon yapmak i\u00e7in m\u00fccadele edeceklerini dile getirerek kendilerine her zaman destek veren Manavgat Belediye Ba\u015fkan\u0131 \u015e\u00fckr\u00fc S\u00f6zen\u2019e te\u015fekk\u00fcr etti.Manavgat Belediye Ba\u015fkan\u0131 \u015e\u00fckr\u00fc S\u00f6zen, ma\u00e7\u0131n ard\u0131ndan oyuncular\u0131 g\u00f6r\u00fcnt\u00fcl\u00fc arayarak tebrik etti.<\/p>\n\n\n\n<p>Ba\u015fkan S\u00f6zen, \u201c2. Ligin ilk ma\u00e7\u0131n\u0131 galip tamamlad\u0131\u011f\u0131m\u0131z i\u00e7in \u00e7ok mutluyum. \u0130nan\u0131yorum ki sezon sonunda kentimize \u015fampiyon olarak geleceksiniz. Hepinizle gurur duyuyorum. Sizlere her zaman destek olmaya devam edece\u011fiz. Eme\u011fi ge\u00e7en t\u00fcm teknik heyet ve sporcu karde\u015flerimi kutluyorum\u201d dedi. Manavgat\u2019\u0131n sultanlar\u0131, ligin 2. Ma\u00e7\u0131nda 29 Ekim g\u00fcn\u00fc Denizli B\u00fcy\u00fck\u015fehir Belediyesi ile kar\u015f\u0131 kar\u015f\u0131ya gelecek. Manavgat Mehmet Akif Ersoy Kapal\u0131 Spor Salonu\u2019nda oynanacak olan m\u00fccadele saat 14.00\u2019da ba\u015flayacak.<\/p>\n\n\n\n<p>Manavgat Belediyespor \/ B\u00fclten<\/p>\n","protected":false},"excerpt":{"rendered":"<p>T\u00fcrkiye Voleybol Federasyonu Kad\u0131nlar 2. Ligi 8. Grupta \u015fampiyonluk m\u00fccadelesi veren Manavgat Belediyespor\u2019un Kad\u0131n Voleybol tak\u0131m\u0131, ligin ilk ma\u00e7\u0131nda YesPrint A\u00e7\u0131 Koleji\u2019ni 3-0\u2019l\u0131k setlerle yenerek <a href=\"https:\/\/akdenizhaber.com.tr\/index.php\/2023\/10\/23\/sultanlar-deplasmanda-galip\/\" class=\"read-more-link\">[more&#8230;]<\/a><\/p>\n","protected":false},"author":2,"featured_media":16953,"comment_status":"open","ping_status":"open","sticky":false,"template":"","format":"standard","meta":{"footnotes":""},"categories":[2],"tags":[],"class_list":["post-16952","post","type-post","status-publish","format-standard","has-post-thumbnail","hentry","category-gundem"],"_links":{"self":[{"href":"https:\/\/akdenizhaber.com.tr\/index.php\/wp-json\/wp\/v2\/posts\/16952","targetHints":{"allow":["GET"]}}],"collection":[{"href":"https:\/\/akdenizhaber.com.tr\/index.php\/wp-json\/wp\/v2\/posts"}],"about":[{"href":"https:\/\/akdenizhaber.com.tr\/index.php\/wp-json\/wp\/v2\/types\/post"}],"author":[{"embeddable":true,"href":"https:\/\/akdenizhaber.com.tr\/index.php\/wp-json\/wp\/v2\/users\/2"}],"replies":[{"embeddable":true,"href":"https:\/\/akdenizhaber.com.tr\/index.php\/wp-json\/wp\/v2\/comments?post=16952"}],"version-history":[{"count":0,"href":"https:\/\/akdenizhaber.com.tr\/index.php\/wp-json\/wp\/v2\/posts\/16952\/revisions"}],"wp:featuredmedia":[{"embeddable":true,"href":"https:\/\/akdenizhaber.com.tr\/index.php\/wp-json\/wp\/v2\/media\/16953"}],"wp:attachment":[{"href":"https:\/\/akdenizhaber.com.tr\/index.php\/wp-json\/wp\/v2\/media?parent=16952"}],"wp:term":[{"taxonomy":"category","embeddable":true,"href":"https:\/\/akdenizhaber.com.tr\/index.php\/wp-json\/wp\/v2\/categories?post=16952"},{"taxonomy":"post_tag","embeddable":true,"href":"https:\/\/akdenizhaber.com.tr\/index.php\/wp-json\/wp\/v2\/tags?post=16952"}],"curies":[{"name":"wp","href":"https:\/\/api.w.org\/{rel}","templated":true}]}}