{"id":16943,"date":"2023-10-23T12:29:49","date_gmt":"2023-10-23T09:29:49","guid":{"rendered":"https:\/\/akdenizhaber.com.tr\/?p=16943"},"modified":"2023-10-23T12:29:49","modified_gmt":"2023-10-23T09:29:49","slug":"ozel-bireyler-antalyaya-hayran-kaldi","status":"publish","type":"post","link":"https:\/\/akdenizhaber.com.tr\/index.php\/2023\/10\/23\/ozel-bireyler-antalyaya-hayran-kaldi\/","title":{"rendered":"\u00d6zel bireyler Antalya\u2019ya hayran kald\u0131"},"content":{"rendered":"\n<p><\/p>\n\n\n\n<p>Antalya B\u00fcy\u00fck\u015fehir Belediyesi, engelli bireylerin topluma kazand\u0131r\u0131lmas\u0131 amac\u0131yla \u00e7al\u0131\u015fmalar\u0131n\u0131 s\u00fcrd\u00fcr\u00fcyor. B\u00fcy\u00fck\u015fehir Belediyesi bu kapsamda Denizli Ac\u0131payam\u2019dan gelen \u00f6zel bireyleri Antalya\u2019da a\u011f\u0131rlad\u0131.<\/p>\n\n\n\n<p>B\u00fcy\u00fck\u015fehir Belediyesi Kent Tarihi ve Tan\u0131t\u0131m Dairesi Ba\u015fkanl\u0131\u011f\u0131 Denizli Ac\u0131payam\u2019dan gelen 27 engelli misafiri Antalya\u2019da a\u011f\u0131rlayarak g\u00fczel bir g\u00fcn ge\u00e7irmelerine vesile oldu. Tophane \u00c7ay Bah\u00e7esi, Oyuncak M\u00fczesi, Deniz M\u00fczesi gibi yerleri gezme f\u0131rsat\u0131 bulan grup sonras\u0131nda Kalei\u00e7i\u2019ni dola\u015ft\u0131. Daha \u00f6nce tekne turu yapma f\u0131rsat\u0131 bulamam\u0131\u015f olan misafirler, tekne turuyla Akdeniz\u2019in keyfini \u00e7\u0131kard\u0131 ve \u015fehri denizden de g\u00f6rme f\u0131rsat\u0131 buldu. Engelli bireyler Antalya hakk\u0131nda bilgiler edinirken hem de Antalya\u2019n\u0131n g\u00fczellikleriyle dolu bir g\u00fcn ge\u00e7irdi.<\/p>\n\n\n\n<p>ANTALYA\u2019YI TANITTIK<\/p>\n\n\n\n<p>Antalya B\u00fcy\u00fck\u015fehir Belediyesi Kent Tarihi ve Tan\u0131t\u0131m Dairesi Turizm \u015eubesi G\u00f6revlisi Zeynep I\u015f\u0131l \u00c7ak\u0131ro\u011flu, \u201cDenizli Ac\u0131payam\u2019dan 27 engelli misafirimizi a\u011f\u0131rlad\u0131k. Onlara, Antalya\u2019n\u0131n tan\u0131t\u0131m\u0131n\u0131 yapmaya, kentin dokusunu anlatmaya \u00e7al\u0131\u015ft\u0131k. Ayn\u0131 zamanda keyifli vakit ge\u00e7irmeleri i\u00e7in \u015fehir gezisi yapt\u0131k. \u00d6zellikle Oyuncak M\u00fczesi\u2019ni ve tekne turunu \u00e7ok sevdiler\u201d dedi.<\/p>\n\n\n\n<p>HAYRAN KALDIK<\/p>\n\n\n\n<p>Engelli yak\u0131n\u0131 \u00d6zg\u00fcr Sert, \u201c B\u00fcy\u00fck\u015fehir Belediyesi\u2019nin bize kucak a\u00e7mas\u0131 ve bizimle b\u00f6yle g\u00fczel ilgilenmesi beni ve buraya gelen t\u00fcm engelli bireyleri \u00e7ok mutlu etti. Kente hayran kald\u0131k. Antalya B\u00fcy\u00fck\u015fehir Belediyesi\u2019ne bizi a\u011f\u0131rlad\u0131\u011f\u0131 i\u00e7in \u00e7ok te\u015fekk\u00fcr ederim\u201d dedi.&nbsp;<\/p>\n\n\n\n<p>Antalya B\u00fcy\u00fck\u015fehir Belediyesi \/ B\u00fclten<\/p>\n","protected":false},"excerpt":{"rendered":"<p>Antalya B\u00fcy\u00fck\u015fehir Belediyesi, engelli bireylerin topluma kazand\u0131r\u0131lmas\u0131 amac\u0131yla \u00e7al\u0131\u015fmalar\u0131n\u0131 s\u00fcrd\u00fcr\u00fcyor. B\u00fcy\u00fck\u015fehir Belediyesi bu kapsamda Denizli Ac\u0131payam\u2019dan gelen \u00f6zel bireyleri Antalya\u2019da a\u011f\u0131rlad\u0131. B\u00fcy\u00fck\u015fehir Belediyesi Kent Tarihi <a href=\"https:\/\/akdenizhaber.com.tr\/index.php\/2023\/10\/23\/ozel-bireyler-antalyaya-hayran-kaldi\/\" class=\"read-more-link\">[more&#8230;]<\/a><\/p>\n","protected":false},"author":2,"featured_media":16944,"comment_status":"open","ping_status":"open","sticky":false,"template":"","format":"standard","meta":{"footnotes":""},"categories":[2],"tags":[],"class_list":["post-16943","post","type-post","status-publish","format-standard","has-post-thumbnail","hentry","category-gundem"],"_links":{"self":[{"href":"https:\/\/akdenizhaber.com.tr\/index.php\/wp-json\/wp\/v2\/posts\/16943","targetHints":{"allow":["GET"]}}],"collection":[{"href":"https:\/\/akdenizhaber.com.tr\/index.php\/wp-json\/wp\/v2\/posts"}],"about":[{"href":"https:\/\/akdenizhaber.com.tr\/index.php\/wp-json\/wp\/v2\/types\/post"}],"author":[{"embeddable":true,"href":"https:\/\/akdenizhaber.com.tr\/index.php\/wp-json\/wp\/v2\/users\/2"}],"replies":[{"embeddable":true,"href":"https:\/\/akdenizhaber.com.tr\/index.php\/wp-json\/wp\/v2\/comments?post=16943"}],"version-history":[{"count":0,"href":"https:\/\/akdenizhaber.com.tr\/index.php\/wp-json\/wp\/v2\/posts\/16943\/revisions"}],"wp:featuredmedia":[{"embeddable":true,"href":"https:\/\/akdenizhaber.com.tr\/index.php\/wp-json\/wp\/v2\/media\/16944"}],"wp:attachment":[{"href":"https:\/\/akdenizhaber.com.tr\/index.php\/wp-json\/wp\/v2\/media?parent=16943"}],"wp:term":[{"taxonomy":"category","embeddable":true,"href":"https:\/\/akdenizhaber.com.tr\/index.php\/wp-json\/wp\/v2\/categories?post=16943"},{"taxonomy":"post_tag","embeddable":true,"href":"https:\/\/akdenizhaber.com.tr\/index.php\/wp-json\/wp\/v2\/tags?post=16943"}],"curies":[{"name":"wp","href":"https:\/\/api.w.org\/{rel}","templated":true}]}}