{"id":16940,"date":"2023-10-23T12:29:03","date_gmt":"2023-10-23T09:29:03","guid":{"rendered":"https:\/\/akdenizhaber.com.tr\/?p=16940"},"modified":"2023-10-23T12:29:04","modified_gmt":"2023-10-23T09:29:04","slug":"bakan-ersoy-genclerimizin-teknolojiye-ilgisi-cok-guzel","status":"publish","type":"post","link":"https:\/\/akdenizhaber.com.tr\/index.php\/2023\/10\/23\/bakan-ersoy-genclerimizin-teknolojiye-ilgisi-cok-guzel\/","title":{"rendered":"Bakan Ersoy, \u201cGen\u00e7lerimizin teknolojiye ilgisi \u00e7ok g\u00fczel\u201d"},"content":{"rendered":"\n<p><\/p>\n\n\n\n<p>Kepez Belediyesi\u2019nin d\u00fczenledi\u011fi 2. Antalya Bilim Festivalini ziyaret eden K\u00fclt\u00fcr ve Turizm Bakan\u0131 Mehmet Nuri Ersoy, \u201c\u0130n\u015fallah Kepez\u2019in B\u0130L\u0130MFEST\u2019i di\u011fer \u015fehirlerimize de \u00f6rnek olur. Gen\u00e7leri teknolojiye heveslendiren, teknolojiye olan ilgilerini art\u0131ran bu tarz etkinliklerin t\u00fcm T\u00fcrkiye\u2019ye 81 ilimize yay\u0131lmas\u0131 gerekiyor.\u201c dedi.<\/p>\n\n\n\n<p>K\u00fclt\u00fcr ve Tuzim Bakan\u0131 Mehmet Nuri Ersoy, Antalya Bilim Festivalini ziyaret etti. Bakan Ersoy\u2019a, Antalya Valisi Hulusi \u015eahin, AK Parti Antalya Milletvekilleri Mustafa K\u00f6se, Kemal \u00c7elik ve \u0130brahim Ethem Ta\u015f e\u015flik etti.<\/p>\n\n\n\n<p>B\u0130L\u0130MFEST\u2019in ev sahibi Kepez Belediye Ba\u015fkan\u0131 Hakan T\u00fct\u00fcnc\u00fc\u2019n\u00fcn rehberli\u011finde festival alan\u0131n\u0131 gezen K\u00fclt\u00fcr ve Tuzim Bakan\u0131 Mehmet Nuri Ersoy, kurum ve kurulu\u015flar\u0131n stantlar\u0131na da u\u011frad\u0131. Antalya Bilim Festivali hakk\u0131nda duydu ve d\u00fc\u015f\u00fcncelerini aktaran Bakan Ersoy; \u201cB\u0130L\u0130MFEST ismiyle \u00e7ok uyumlu bir etkinlik olmu\u015f. Gen\u00e7lerimizin teknolojiye olan ilgisini g\u00f6rd\u00fck\u00e7e \u00e7ok daha mutlu oldum. Biraz \u00f6nce Antalya TEKNOKET\u2019te \u00fcniversite \u00f6\u011frencilerini gezdim . \u00c7a\u011f\u0131m\u0131z\u0131n ihtiyac\u0131 olan teknolojiyi \u00fcretmek i\u00e7in yapt\u0131klar\u0131 \u00e7al\u0131\u015fmalar\u0131 g\u00f6rd\u00fcm. Pil teknolojisiyle ilgili bir \u00e7al\u0131\u015fmayd\u0131. Bu kadar gen\u00e7 ya\u015fta buna ilgi duyuyor olmalar\u0131 konsantre bir \u015fekilde ba\u015far\u0131yor olmalar\u0131 gelece\u011fimiz a\u00e7\u0131s\u0131ndan asl\u0131nda bize \u00fcmit veriyor. TEKNOFEST\u2019ler de bunu tetikleyen festivaller. Antalya\u2019da da B\u0130L\u0130MFEST bunu tetikliyor. Ba\u015fta Kepez Belediye Ba\u015fkan\u0131m\u0131z Hakan T\u00fct\u00fcnc\u00fc olmak \u00fczere eme\u011fi ge\u00e7en b\u00fct\u00fcn kurum ve kurulu\u015flara te\u015fekk\u00fcr etmek istiyorum, onlar\u0131 tebrik etmek istiyorum. \u0130n\u015fallah Kepez\u2019in B\u0130L\u0130MFEST\u2019i di\u011fer \u015fehirlerimize de \u00f6rnek olur. Gen\u00e7leri teknolojiye heveslendiren, teknolojiye olan ilgilerini art\u0131ran bu tarz etkinliklerin t\u00fcm T\u00fcrkiye\u2019ye 81 ilimize yay\u0131lmas\u0131 gerekiyor.\u201d dedi. &nbsp;<\/p>\n\n\n\n<p>Kepez Belediyesi \/ B\u00fclten<\/p>\n","protected":false},"excerpt":{"rendered":"<p>Kepez Belediyesi\u2019nin d\u00fczenledi\u011fi 2. Antalya Bilim Festivalini ziyaret eden K\u00fclt\u00fcr ve Turizm Bakan\u0131 Mehmet Nuri Ersoy, \u201c\u0130n\u015fallah Kepez\u2019in B\u0130L\u0130MFEST\u2019i di\u011fer \u015fehirlerimize de \u00f6rnek olur. Gen\u00e7leri <a href=\"https:\/\/akdenizhaber.com.tr\/index.php\/2023\/10\/23\/bakan-ersoy-genclerimizin-teknolojiye-ilgisi-cok-guzel\/\" class=\"read-more-link\">[more&#8230;]<\/a><\/p>\n","protected":false},"author":2,"featured_media":16941,"comment_status":"open","ping_status":"open","sticky":false,"template":"","format":"standard","meta":{"footnotes":""},"categories":[2],"tags":[],"class_list":["post-16940","post","type-post","status-publish","format-standard","has-post-thumbnail","hentry","category-gundem"],"_links":{"self":[{"href":"https:\/\/akdenizhaber.com.tr\/index.php\/wp-json\/wp\/v2\/posts\/16940","targetHints":{"allow":["GET"]}}],"collection":[{"href":"https:\/\/akdenizhaber.com.tr\/index.php\/wp-json\/wp\/v2\/posts"}],"about":[{"href":"https:\/\/akdenizhaber.com.tr\/index.php\/wp-json\/wp\/v2\/types\/post"}],"author":[{"embeddable":true,"href":"https:\/\/akdenizhaber.com.tr\/index.php\/wp-json\/wp\/v2\/users\/2"}],"replies":[{"embeddable":true,"href":"https:\/\/akdenizhaber.com.tr\/index.php\/wp-json\/wp\/v2\/comments?post=16940"}],"version-history":[{"count":0,"href":"https:\/\/akdenizhaber.com.tr\/index.php\/wp-json\/wp\/v2\/posts\/16940\/revisions"}],"wp:featuredmedia":[{"embeddable":true,"href":"https:\/\/akdenizhaber.com.tr\/index.php\/wp-json\/wp\/v2\/media\/16941"}],"wp:attachment":[{"href":"https:\/\/akdenizhaber.com.tr\/index.php\/wp-json\/wp\/v2\/media?parent=16940"}],"wp:term":[{"taxonomy":"category","embeddable":true,"href":"https:\/\/akdenizhaber.com.tr\/index.php\/wp-json\/wp\/v2\/categories?post=16940"},{"taxonomy":"post_tag","embeddable":true,"href":"https:\/\/akdenizhaber.com.tr\/index.php\/wp-json\/wp\/v2\/tags?post=16940"}],"curies":[{"name":"wp","href":"https:\/\/api.w.org\/{rel}","templated":true}]}}