{"id":16937,"date":"2023-10-23T12:28:33","date_gmt":"2023-10-23T09:28:33","guid":{"rendered":"https:\/\/akdenizhaber.com.tr\/?p=16937"},"modified":"2023-10-23T12:28:33","modified_gmt":"2023-10-23T09:28:33","slug":"prof-dr-omer-ozkana-bilim-odulu","status":"publish","type":"post","link":"https:\/\/akdenizhaber.com.tr\/index.php\/2023\/10\/23\/prof-dr-omer-ozkana-bilim-odulu\/","title":{"rendered":"Prof. Dr. \u00d6mer \u00d6zkan\u2019a Bilim \u00d6d\u00fcl\u00fc"},"content":{"rendered":"\n<p><\/p>\n\n\n\n<p>Akdeniz \u00dcniversitesi T\u0131p Fak\u00fcltesi \u00d6\u011fretim \u00dcyesi Prof. Dr. \u00d6mer \u00d6zkan, bilime yapt\u0131\u011f\u0131 katk\u0131lardan dolay\u0131 T\u00dcSEBAziz Sancar Bilim \u00d6d\u00fcl\u00fcne lay\u0131k g\u00f6r\u00fcld\u00fc. Prof. Dr. \u00d6mer \u00d6zkan \u00f6d\u00fcl\u00fcn\u00fc Sa\u011fl\u0131k Bakan\u0131 Fahrettin Koca\u2019dan ald\u0131.<\/p>\n\n\n\n<p>Cumhurba\u015fkanl\u0131\u011f\u0131 himayelerinde Sa\u011fl\u0131k Bakanl\u0131\u011f\u0131 ve T\u00fcrkiye Sa\u011fl\u0131k Enstit\u00fcleri Ba\u015fkanl\u0131\u011f\u0131 (T\u00dcSEB) taraf\u0131ndan 9. T\u00fcrk T\u0131p D\u00fcnyas\u0131 Kurultay\u0131 ve T\u00dcSEB Aziz Sancar Bilim, Hizmet ve Te\u015fvik \u00d6d\u00fcl t\u00f6reni d\u00fczenlendi. Cumhurba\u015fkan\u0131 Erdo\u011fan\u2019\u0131n video mesaj\u0131 ile kat\u0131l\u0131m sa\u011flad\u0131\u011f\u0131 t\u00f6rende \u00f6d\u00fcller sahiplerini buldu. D\u00fcnyan\u0131n ilk rahim nakli, T\u00fcrkiye\u2019nin ilk y\u00fcz, \u00e7ift kol nakline imza atan Akdeniz \u00dcniversitesi T\u0131p Fak\u00fcltesi \u00d6\u011fretim \u00dcyesi Prof. Dr. \u00d6mer \u00d6zkan, bilime yapt\u0131\u011f\u0131 katk\u0131lardan dolay\u0131 T\u00dcSEBAziz Sancar Bilim \u00d6d\u00fcl\u00fcne lay\u0131k g\u00f6r\u00fcld\u00fc.<\/p>\n\n\n\n<p>CUMHURBA\u015eKANI ERDO\u011eAN\u2019DAN TEBR\u0130K<\/p>\n\n\n\n<p>Her y\u0131l sa\u011fl\u0131k alan\u0131nda ba\u015far\u0131l\u0131 \u00e7al\u0131\u015fmalar ger\u00e7ekle\u015ftiren bilim insanlar\u0131n\u0131 \u00f6d\u00fcllendirdiklerini belirten Erdo\u011fan, &#8220;Nobel \u00f6d\u00fcll\u00fc bilim adam\u0131m\u0131z Prof. Dr. Aziz Sancar&#8217;\u0131n ismine ithaf edilerek verilen \u00f6d\u00fcl sahiplerini can\u0131 g\u00f6n\u00fclden tebrik ediyorum.&#8221; dedi. Yapay zek\u00e2 temas\u0131yla d\u00fczenlenen 9. T\u00fcrk T\u0131p D\u00fcnyas\u0131 Kurultay\u0131\u2019nda Erdo\u011fan, Giderek b\u00fcy\u00fcyen ve 2030 y\u0131l\u0131nda 1,5 trilyon dolarl\u0131k pazara eri\u015fece\u011fi anla\u015f\u0131lan yapay zeka teknolojilerinin hayat\u0131n her alan\u0131n\u0131 etkiledi\u011fini ifade etti.<\/p>\n\n\n\n<p>\u201cOPPENHE\u0130MER\u2019LARIN KAR\u015eISINDA AZ\u0130Z SANCAR\u2019LARLA B\u0130R ARADAYIZ\u201d<\/p>\n\n\n\n<p>Atom bombas\u0131n\u0131 bulan bilim adamlar\u0131ndan Julius Robert Oppenheimer&#8217;\u0131n sorumsuzlu\u011fu ile hekim sorumlulu\u011funun tekrar \u00e7at\u0131\u015fma halinde oldu\u011funu belirten Koca, \u201cHekim, \u00e7ocuklar\u0131n, hastalar\u0131n, ya\u015fl\u0131lar\u0131n, bar\u0131\u015f\u0131n taraf\u0131ndad\u0131r, sava\u015f\u0131n taraf\u0131ndakiler bellidir. Bizler i\u00e7in hastan\u0131n \u0131rk\u0131, dini, kimli\u011fi \u00f6nemli de\u011fildir. \u00d6nemli yeg\u00e2ne \u015fey onun insan olu\u015fudur. D\u00fcnya sava\u015flar\u0131nda bile bizler, bar\u0131\u015f\u0131n ve sa\u011fl\u0131\u011f\u0131n el\u00e7ileriydik. Bug\u00fcn de bize ayn\u0131 imk\u00e2n tan\u0131nmal\u0131d\u0131r. \u0130nsanl\u0131\u011f\u0131n, vicdan\u0131n s\u0131nand\u0131\u011f\u0131 zamanlarda \u00fclkelerin s\u0131n\u0131rlar\u0131 hekimlerin \u00f6n\u00fcnde s\u0131n\u0131r olmaktan kalkmal\u0131d\u0131r. Bug\u00fcn Gazze\u2019de, yar\u0131n ba\u015fka bir yerde sa\u011fl\u0131k hizmetinin \u00f6n\u00fcnde engel olmamal\u0131d\u0131r. Bu do\u011fal imk\u00e2n\u0131 elde etmek i\u00e7in bug\u00fcn b\u00fcy\u00fck \u00e7abalar sarf ediyoruz. Oppenheimer\u2019lar\u0131n kar\u015f\u0131s\u0131nda Aziz Sancar\u2019larla bir araday\u0131z.\u201d dedi<\/p>\n\n\n\n<p>AZ\u0130Z SANCAR B\u0130L\u0130M, H\u0130ZMET VE TE\u015eV\u0130K \u00d6D\u00dcL\u00dc K\u0130MLERE VER\u0130L\u0130YOR<\/p>\n\n\n\n<p>Sa\u011fl\u0131k bilimi ve teknolojileri alan\u0131nda \u00fclkeye ve insanl\u0131\u011fa hizmet etmek amac\u0131yla yapt\u0131\u011f\u0131 \u00e7al\u0131\u015fmalarla bilime uluslararas\u0131 d\u00fczeyde \u00f6nemli katk\u0131larda bulunmu\u015f bilim insanlar\u0131na, \u00fcst\u00fcn hizmette bulunmu\u015f ki\u015filer ve yapt\u0131\u011f\u0131 \u00e7al\u0131\u015fmalarla bilime gelecekte uluslararas\u0131 d\u00fczeyde \u00f6nemli katk\u0131larda bulunabilecek niteliklere sahip oldu\u011funu kan\u0131tlam\u0131\u015f ki\u015filere verilmektedir.<\/p>\n\n\n\n<p>Akdeniz \u00dcniversitesi Rekt\u00f6rl\u00fc\u011f\u00fc \/ B\u00fclten<\/p>\n","protected":false},"excerpt":{"rendered":"<p>Akdeniz \u00dcniversitesi T\u0131p Fak\u00fcltesi \u00d6\u011fretim \u00dcyesi Prof. Dr. \u00d6mer \u00d6zkan, bilime yapt\u0131\u011f\u0131 katk\u0131lardan dolay\u0131 T\u00dcSEBAziz Sancar Bilim \u00d6d\u00fcl\u00fcne lay\u0131k g\u00f6r\u00fcld\u00fc. Prof. Dr. \u00d6mer \u00d6zkan \u00f6d\u00fcl\u00fcn\u00fc <a href=\"https:\/\/akdenizhaber.com.tr\/index.php\/2023\/10\/23\/prof-dr-omer-ozkana-bilim-odulu\/\" class=\"read-more-link\">[more&#8230;]<\/a><\/p>\n","protected":false},"author":2,"featured_media":16938,"comment_status":"open","ping_status":"open","sticky":false,"template":"","format":"standard","meta":{"footnotes":""},"categories":[2],"tags":[],"class_list":["post-16937","post","type-post","status-publish","format-standard","has-post-thumbnail","hentry","category-gundem"],"_links":{"self":[{"href":"https:\/\/akdenizhaber.com.tr\/index.php\/wp-json\/wp\/v2\/posts\/16937","targetHints":{"allow":["GET"]}}],"collection":[{"href":"https:\/\/akdenizhaber.com.tr\/index.php\/wp-json\/wp\/v2\/posts"}],"about":[{"href":"https:\/\/akdenizhaber.com.tr\/index.php\/wp-json\/wp\/v2\/types\/post"}],"author":[{"embeddable":true,"href":"https:\/\/akdenizhaber.com.tr\/index.php\/wp-json\/wp\/v2\/users\/2"}],"replies":[{"embeddable":true,"href":"https:\/\/akdenizhaber.com.tr\/index.php\/wp-json\/wp\/v2\/comments?post=16937"}],"version-history":[{"count":0,"href":"https:\/\/akdenizhaber.com.tr\/index.php\/wp-json\/wp\/v2\/posts\/16937\/revisions"}],"wp:featuredmedia":[{"embeddable":true,"href":"https:\/\/akdenizhaber.com.tr\/index.php\/wp-json\/wp\/v2\/media\/16938"}],"wp:attachment":[{"href":"https:\/\/akdenizhaber.com.tr\/index.php\/wp-json\/wp\/v2\/media?parent=16937"}],"wp:term":[{"taxonomy":"category","embeddable":true,"href":"https:\/\/akdenizhaber.com.tr\/index.php\/wp-json\/wp\/v2\/categories?post=16937"},{"taxonomy":"post_tag","embeddable":true,"href":"https:\/\/akdenizhaber.com.tr\/index.php\/wp-json\/wp\/v2\/tags?post=16937"}],"curies":[{"name":"wp","href":"https:\/\/api.w.org\/{rel}","templated":true}]}}