{"id":16926,"date":"2023-10-21T11:55:40","date_gmt":"2023-10-21T08:55:40","guid":{"rendered":"https:\/\/akdenizhaber.com.tr\/?p=16926"},"modified":"2023-10-21T11:55:40","modified_gmt":"2023-10-21T08:55:40","slug":"buyuksehir-manavgat-bolgesinin-altyapisini-yeniliyor","status":"publish","type":"post","link":"https:\/\/akdenizhaber.com.tr\/index.php\/2023\/10\/21\/buyuksehir-manavgat-bolgesinin-altyapisini-yeniliyor\/","title":{"rendered":"B\u00fcy\u00fck\u015fehir Manavgat b\u00f6lgesinin altyap\u0131s\u0131n\u0131 yeniliyor"},"content":{"rendered":"\n<p><\/p>\n\n\n\n<p>Antalya B\u00fcy\u00fck\u015fehir Belediyesi, Manavgat b\u00f6lgesinde T\u00fcrkiye tarihinin en b\u00fcy\u00fck orman yang\u0131n\u0131nda zarar g\u00f6ren i\u00e7me suyu altyap\u0131s\u0131n\u0131n yenilenmesi, su depolamana kapasitesinin artt\u0131r\u0131lmas\u0131 deprem, sel ve orman yang\u0131nlar\u0131na ara\u00e7 ve ekipman sa\u011flanmas\u0131 amac\u0131yla toplamda 52 milyon Euro\u2019luk yat\u0131r\u0131m projesini hayata ge\u00e7irecek.<\/p>\n\n\n\n<p>Antalya B\u00fcy\u00fck\u015fehir Belediyesi, 28 Temmuz 2021 y\u0131l\u0131nda Manavgat\u2019ta meydana gelen ve 10 g\u00fcn\u00fcn sonunda s\u00f6nd\u00fcr\u00fclen T\u00fcrkiye\u2019nin en b\u00fcy\u00fck orman yang\u0131n\u0131 sonras\u0131nda yaralar\u0131 sarmak ve b\u00f6lge altyap\u0131s\u0131n\u0131 ba\u015ftan sona yenilemek amac\u0131yla projelerini h\u0131zla hayata ge\u00e7iriyor. Antalya B\u00fcy\u00fck\u015fehir Belediye Ba\u015fkan\u0131 Muhittin B\u00f6cek, b\u00fcy\u00fck Manavgat yang\u0131n\u0131 sonras\u0131nda b\u00f6lgenin i\u00e7me suyu altyap\u0131s\u0131n\u0131n yenilenmesi amac\u0131yla ba\u015flatt\u0131\u011f\u0131 \u00e7al\u0131\u015fmalar kapsam\u0131nda D\u00fcnya Bankas\u0131 taraf\u0131ndan dev bir finansman projesi sa\u011flad\u0131.<\/p>\n\n\n\n<p>ARA\u00c7 VE EK\u0130PMAN PARKI G\u00dc\u00c7LEND\u0130R\u0130L\u0130YOR<\/p>\n\n\n\n<p>Antalya B\u00fcy\u00fck\u015fehir Belediye Ba\u015fkan\u0131 Muhittin B\u00f6cek,bu projenin yang\u0131n ve sel b\u00f6lgesindeki zarar g\u00f6ren altyap\u0131lar\u0131n gelece\u011fine dair daha g\u00fc\u00e7l\u00fc hale getirilmesi, vatanda\u015flara daha s\u00fcrd\u00fcr\u00fclebilir uzun vadede sorunsuz bir su hizmeti sunulmas\u0131na y\u00f6nelik oldu\u011funu s\u00f6yledi. Ba\u015fkan Muhittin B\u00f6cek, \u201cDi\u011fer bir tarafta yang\u0131n b\u00f6lgesindeki ve di\u011fer afetlerde \u015fehrin altyap\u0131s\u0131n\u0131n daha h\u0131zl\u0131 m\u00fcdahale edilebilmesi, ara\u00e7 donan\u0131mlar\u0131n\u0131n g\u00fc\u00e7lendirilmesini planl\u0131yoruz. Ar\u0131za m\u00fcdahale ara\u00e7lar\u0131, aras\u00f6zler, yang\u0131n s\u00f6nd\u00fcrme ara\u00e7lar\u0131, ta\u015fk\u0131n \u00f6nleme ara\u00e7lar\u0131 al\u0131narak,&nbsp; ASAT Genel M\u00fcd\u00fcrl\u00fc\u011f\u00fc ve ilgili birimlerin g\u00fc\u00e7l\u00fc davranmas\u0131, daha h\u0131zl\u0131 hareket edilebilmesi amac\u0131yla \u015fehrin donan\u0131mlar\u0131n\u0131n artt\u0131r\u0131lmas\u0131 ama\u00e7lan\u0131yor\u201d dedi.<\/p>\n\n\n\n<p>HATLAR YEN\u0130LENECEK KAPAS\u0130TE ARTACAK<\/p>\n\n\n\n<p>B\u00f6lgede yeni i\u00e7me suyu depolar\u0131yla suyun depolama kapasitesini artt\u0131racaklar\u0131n\u0131 belirten Ba\u015fkan B\u00f6cek, \u201cYang\u0131n an\u0131nda elektrik kesintisi durumlar\u0131nda her hangi bir s\u0131k\u0131nt\u0131 da suyun tedarik noktas\u0131nda yedeklenmesi sa\u011flayaca\u011f\u0131z. Ayn\u0131 zamanda ishale hatlar\u0131 ve \u00fcretim hatlar\u0131n\u0131n kapasitesini artt\u0131r\u0131yoruz. \u015eehrin uzun vadede su ihtiyac\u0131n\u0131n kar\u015f\u0131lanmas\u0131 teminat alt\u0131na al\u0131nm\u0131\u015f oluyor. Hem de afet gibi durumlarda \u015fehrin bu afetlere daha diren\u00e7li hale gelmesi sa\u011flan\u0131yor\u201d diye konu\u015ftu.<\/p>\n\n\n\n<p>YE\u015e\u0130L VE DAYANIKLI ALTYAPI<\/p>\n\n\n\n<p>T\u00fcrkiye Deprem, Sel ve Yang\u0131n Acil \u0130mar Projesi (TEFWER) kapsam\u0131nda Antalya B\u00fcy\u00fck\u015fehir Belediyesi, belediye altyap\u0131lar\u0131n\u0131n ye\u015fil ve dayan\u0131kl\u0131 \u015fekilde \u0131slah edilmesi, yeniden yap\u0131lmas\u0131, in\u015faat\u0131 ve belediyelerin dayan\u0131kl\u0131l\u0131\u011f\u0131n\u0131n g\u00fc\u00e7lendirilmesine y\u00f6nelik toplamda 52 milyon Euro\u2019lukD\u00fcnya Bankas\u0131 kredisi temin etti. Haz\u0131rlanan projeyle kredinin 38 milyon Euro\u2019luk k\u0131sm\u0131yla Manavgat Ulup\u0131nar i\u00e7mesuyu depo ve terfi hatt\u0131, Manavgat Il\u0131ca Mahallesi i\u00e7me suyu isale ve \u015febeke hatlar\u0131 rehabilitasyonu ile \u00c7olakl\u0131 Evrensekii\u00e7me suyu deposu, yang\u0131ndan etkilenen Manavgat G\u00fcndo\u011fdu, Hocalar, K\u0131salar ve Demirciler Mahallelerinde i\u00e7me suyu hatt\u0131 ve deposu yap\u0131lacak. Ayr\u0131ca deprem, sel ve orman yang\u0131nlar\u0131 operasyonlar\u0131nda kullan\u0131lmak \u00fczere ara\u00e7 ve ekipman al\u0131m\u0131 ger\u00e7ekle\u015fecek. Kredinin 14 milyon Euro\u2019luk b\u00f6l\u00fcm\u00fcyle de belediyenin altyap\u0131lar\u0131n\u0131n ye\u015fil ve dayan\u0131kl\u0131 \u015fekilde \u0131slah edilmesi, yeniden yap\u0131lmas\u0131, in\u015faat\u0131 ve belediyenin dayan\u0131kl\u0131l\u0131\u011f\u0131n\u0131n g\u00fc\u00e7lendirilmesine y\u00f6nelik \u00f6nlemler al\u0131nacak, deprem, sel ve orman yang\u0131nlar\u0131 operasyonlar\u0131 i\u00e7in ara\u00e7 ve ekipman sa\u011flanacak.<\/p>\n\n\n\n<p>Antalya B\u00fcy\u00fck\u015fehir Belediyesi \/ B\u00fclten<\/p>\n","protected":false},"excerpt":{"rendered":"<p>Antalya B\u00fcy\u00fck\u015fehir Belediyesi, Manavgat b\u00f6lgesinde T\u00fcrkiye tarihinin en b\u00fcy\u00fck orman yang\u0131n\u0131nda zarar g\u00f6ren i\u00e7me suyu altyap\u0131s\u0131n\u0131n yenilenmesi, su depolamana kapasitesinin artt\u0131r\u0131lmas\u0131 deprem, sel ve orman <a href=\"https:\/\/akdenizhaber.com.tr\/index.php\/2023\/10\/21\/buyuksehir-manavgat-bolgesinin-altyapisini-yeniliyor\/\" class=\"read-more-link\">[more&#8230;]<\/a><\/p>\n","protected":false},"author":2,"featured_media":16927,"comment_status":"open","ping_status":"open","sticky":false,"template":"","format":"standard","meta":{"footnotes":""},"categories":[2],"tags":[],"class_list":["post-16926","post","type-post","status-publish","format-standard","has-post-thumbnail","hentry","category-gundem"],"_links":{"self":[{"href":"https:\/\/akdenizhaber.com.tr\/index.php\/wp-json\/wp\/v2\/posts\/16926","targetHints":{"allow":["GET"]}}],"collection":[{"href":"https:\/\/akdenizhaber.com.tr\/index.php\/wp-json\/wp\/v2\/posts"}],"about":[{"href":"https:\/\/akdenizhaber.com.tr\/index.php\/wp-json\/wp\/v2\/types\/post"}],"author":[{"embeddable":true,"href":"https:\/\/akdenizhaber.com.tr\/index.php\/wp-json\/wp\/v2\/users\/2"}],"replies":[{"embeddable":true,"href":"https:\/\/akdenizhaber.com.tr\/index.php\/wp-json\/wp\/v2\/comments?post=16926"}],"version-history":[{"count":0,"href":"https:\/\/akdenizhaber.com.tr\/index.php\/wp-json\/wp\/v2\/posts\/16926\/revisions"}],"wp:featuredmedia":[{"embeddable":true,"href":"https:\/\/akdenizhaber.com.tr\/index.php\/wp-json\/wp\/v2\/media\/16927"}],"wp:attachment":[{"href":"https:\/\/akdenizhaber.com.tr\/index.php\/wp-json\/wp\/v2\/media?parent=16926"}],"wp:term":[{"taxonomy":"category","embeddable":true,"href":"https:\/\/akdenizhaber.com.tr\/index.php\/wp-json\/wp\/v2\/categories?post=16926"},{"taxonomy":"post_tag","embeddable":true,"href":"https:\/\/akdenizhaber.com.tr\/index.php\/wp-json\/wp\/v2\/tags?post=16926"}],"curies":[{"name":"wp","href":"https:\/\/api.w.org\/{rel}","templated":true}]}}