{"id":16923,"date":"2023-10-21T11:55:06","date_gmt":"2023-10-21T08:55:06","guid":{"rendered":"https:\/\/akdenizhaber.com.tr\/?p=16923"},"modified":"2023-10-21T11:55:07","modified_gmt":"2023-10-21T08:55:07","slug":"bakan-kacir-muazzam-bir-ortam","status":"publish","type":"post","link":"https:\/\/akdenizhaber.com.tr\/index.php\/2023\/10\/21\/bakan-kacir-muazzam-bir-ortam\/","title":{"rendered":"Bakan Kac\u0131r, \u201cMuazzam bir ortam\u201d\u00a0\u00a0\u00a0\u00a0"},"content":{"rendered":"\n<p><\/p>\n\n\n\n<p>Antalya Bilim Festivali etkinli\u011fini de\u011ferlendiren Sanayi ve Teknoloji Bakan\u0131 Fatih Kac\u0131r, \u201cMuazzam bir ortam. TEKNOFEST r\u00fczgar\u0131n\u0131 Kepez Belediye Ba\u015fkan\u0131m\u0131z Hakan T\u00fct\u00fcnc\u00fc Antalya\u2019ya getirmi\u015f.\u201d dedi.<\/p>\n\n\n\n<p>Kepez Belediyesi\u2019nin bu y\u0131l 2\u2019ncisini d\u00fczenledi\u011fi Antalya Bilim Festivali\u2019nin a\u00e7\u0131l\u0131\u015f\u0131na kat\u0131lan Sanayi ve Teknoloji Bakan\u0131 Fatih Kac\u0131r, Dokumapark\u2019ta&nbsp; 50 bin metre kare alana kurulan festival etkinlik alan\u0131n\u0131 gezdi. Festivale kat\u0131lan 220 kurum ve kurulu\u015f taraf\u0131ndan kurulan B\u0130L\u0130MFEST stantlar\u0131na u\u011frad\u0131, milli teknoloji hamlesi \u00fcr\u00fcnleri inceleyen gen\u00e7lerle sohbet etti. Antalya\u2019da bu y\u0131l ikinci kez d\u00fczenlenen B\u0130L\u0130MFEST hakk\u0131nda duygu ve d\u00fc\u015f\u00fcncelerini aktaran Sanayi ve Teknoloji Bakan\u0131 Fatih Kac\u0131r, \u201cMuazzam bir ortam. Adeta TEKNOFEST r\u00fczgar\u0131n\u0131 Kepez Belediye Ba\u015fkan\u0131m\u0131z Hakan T\u00fct\u00fcnc\u00fc Antalya\u2019ya getirmi\u015f oldu. Y\u00fcz binlerce gen\u00e7 bu festivalde. Gen\u00e7lerimizle sohbet ettim. Kepez\u2019de d\u00fczenlenen Antalya Bilim Festivali etkinli\u011finden dolay\u0131 kendilerinin \u00e7ok mutlu olduklar\u0131n\u0131 g\u00f6rd\u00fcm. Burada milli teknoloji hamlesiyle bulu\u015fmalar\u0131 inan\u0131yorum ki onlar\u0131n \u00f6n\u00fcm\u00fczdeki d\u00f6nemde bizimle yol arkada\u015f\u0131 olmalar\u0131na, tak\u0131m arkada\u015f\u0131 olmalar\u0131na da vesile olacak. Belki de ilk ad\u0131m\u0131 burada atm\u0131\u015f olacaklar. Gelece\u011fin bilim insanlar\u0131 m\u00fchendisleri buralardan yeti\u015fecek. \u201c dedi.<\/p>\n\n\n\n<p>Kepez Belediyesi \/ B\u00fclten<\/p>\n","protected":false},"excerpt":{"rendered":"<p>Antalya Bilim Festivali etkinli\u011fini de\u011ferlendiren Sanayi ve Teknoloji Bakan\u0131 Fatih Kac\u0131r, \u201cMuazzam bir ortam. TEKNOFEST r\u00fczgar\u0131n\u0131 Kepez Belediye Ba\u015fkan\u0131m\u0131z Hakan T\u00fct\u00fcnc\u00fc Antalya\u2019ya getirmi\u015f.\u201d dedi. Kepez <a href=\"https:\/\/akdenizhaber.com.tr\/index.php\/2023\/10\/21\/bakan-kacir-muazzam-bir-ortam\/\" class=\"read-more-link\">[more&#8230;]<\/a><\/p>\n","protected":false},"author":2,"featured_media":16924,"comment_status":"open","ping_status":"open","sticky":false,"template":"","format":"standard","meta":{"footnotes":""},"categories":[2],"tags":[],"class_list":["post-16923","post","type-post","status-publish","format-standard","has-post-thumbnail","hentry","category-gundem"],"_links":{"self":[{"href":"https:\/\/akdenizhaber.com.tr\/index.php\/wp-json\/wp\/v2\/posts\/16923","targetHints":{"allow":["GET"]}}],"collection":[{"href":"https:\/\/akdenizhaber.com.tr\/index.php\/wp-json\/wp\/v2\/posts"}],"about":[{"href":"https:\/\/akdenizhaber.com.tr\/index.php\/wp-json\/wp\/v2\/types\/post"}],"author":[{"embeddable":true,"href":"https:\/\/akdenizhaber.com.tr\/index.php\/wp-json\/wp\/v2\/users\/2"}],"replies":[{"embeddable":true,"href":"https:\/\/akdenizhaber.com.tr\/index.php\/wp-json\/wp\/v2\/comments?post=16923"}],"version-history":[{"count":0,"href":"https:\/\/akdenizhaber.com.tr\/index.php\/wp-json\/wp\/v2\/posts\/16923\/revisions"}],"wp:featuredmedia":[{"embeddable":true,"href":"https:\/\/akdenizhaber.com.tr\/index.php\/wp-json\/wp\/v2\/media\/16924"}],"wp:attachment":[{"href":"https:\/\/akdenizhaber.com.tr\/index.php\/wp-json\/wp\/v2\/media?parent=16923"}],"wp:term":[{"taxonomy":"category","embeddable":true,"href":"https:\/\/akdenizhaber.com.tr\/index.php\/wp-json\/wp\/v2\/categories?post=16923"},{"taxonomy":"post_tag","embeddable":true,"href":"https:\/\/akdenizhaber.com.tr\/index.php\/wp-json\/wp\/v2\/tags?post=16923"}],"curies":[{"name":"wp","href":"https:\/\/api.w.org\/{rel}","templated":true}]}}