{"id":16917,"date":"2023-10-21T11:53:44","date_gmt":"2023-10-21T08:53:44","guid":{"rendered":"https:\/\/akdenizhaber.com.tr\/?p=16917"},"modified":"2023-10-21T11:53:44","modified_gmt":"2023-10-21T08:53:44","slug":"dosemealtinda-muhtarlar-gunu","status":"publish","type":"post","link":"https:\/\/akdenizhaber.com.tr\/index.php\/2023\/10\/21\/dosemealtinda-muhtarlar-gunu\/","title":{"rendered":"D\u00f6\u015femealt\u0131nda Muhtarlar G\u00fcn\u00fc"},"content":{"rendered":"\n<p><\/p>\n\n\n\n<p>D\u00f6\u015femealt\u0131 Belediye Ba\u015fkan\u0131 Turgay Gen\u00e7, 19 Ekim Muhtarlar g\u00fcn\u00fc nedeniyle il\u00e7ede hizmet veren mahalle muhtarlar\u0131yla ak\u015fam yeme\u011finde bir araya geldi. 32 mahalle muhtar\u0131 onuruna \u00f6zel g\u00fcnde verilen davete Antalya B\u00fcy\u00fck\u015fehir Belediye Ba\u015fkan\u0131 Muhittin B\u00f6cek, \u0130l\u00e7e Kaymakam\u0131 Nuri \u00d6zder, B\u00fcy\u00fck\u015fehir ve D\u00f6\u015femealt\u0131 Belediyesi b\u00fcrokratlar\u0131, siyasi partilerin il\u00e7e ba\u015fkanlar\u0131, yine \u0130l\u00e7elerin Muhtarlar Dernek Ba\u015fkanlar\u0131 kat\u0131ld\u0131.<\/p>\n\n\n\n<p>Belediye Ba\u015fkan\u0131 Turgay Gen\u00e7, \u201cBirlikte omuz omuza \u00e7al\u0131\u015fmaktan b\u00fcy\u00fck gurur duydu\u011fum, vatanda\u015flar\u0131m\u0131zla aram\u0131zda k\u00f6pr\u00fc vazifesi g\u00f6ren \u00e7ok de\u011ferli mesai arkada\u015flar\u0131m, muhtarlar\u0131mla bir arada olmaktan b\u00fcy\u00fck mutluluk duyuyorum. 19 Ekim Muhtarlar g\u00fcn\u00fcn\u00fcn kutlu olmas\u0131n\u0131 dileyerek davetimize kat\u0131lan t\u00fcm muhtar arkada\u015flar\u0131ma, B\u00fcy\u00fck\u015fehir Belediye Ba\u015fkan\u0131m\u0131z Muhittin B\u00f6cek ve Kaymakam\u0131m\u0131z Nuri \u00d6zder&#8217;e te\u015frifleri i\u00e7in te\u015fekk\u00fcr ederim.<\/p>\n\n\n\n<p>Ba\u015fkan Gen\u00e7 s\u00f6zlerini \u015f\u00f6yle s\u00fcrd\u00fcrd\u00fc, \u201cSizler demokrasimizin mihenk ta\u015f\u0131s\u0131n\u0131z. \u00c7ok ba\u015far\u0131l\u0131 \u00e7al\u0131\u015fmalara birlikte imza att\u0131k. Ancak il\u00e7emiz i\u00e7in yapacak \u00e7ok i\u015fimiz var. D\u00f6\u015femealt\u0131 ald\u0131\u011f\u0131 hem kamu hemde \u00f6zel sekt\u00f6r yat\u0131r\u0131mlar\u0131yla h\u0131zla b\u00fcy\u00fcyen ve geli\u015fen bir marka kent haline d\u00f6n\u00fc\u015ft\u00fc. Bu y\u00fczden gecemizi g\u00fcnd\u00fcz\u00fcm\u00fcze katmaya hizmet i\u00e7in birlikte ter d\u00f6kmeye devam edece\u011fiz. Biz s\u00fcrekli birlikteyiz ama bu \u00f6zel g\u00fcnde beraber olmaktan ayr\u0131ca mutluluk duyuyorum\u201d diye konu\u015ftu.<\/p>\n\n\n\n<p>D\u00f6\u015femealt\u0131 Muhtarlar Derne\u011fi ve Bah\u00e7eyaka Mahalle Muhtar\u0131 Alkan Altun ise, \u201c\u00c7ok de\u011ferli meslekta\u015flar\u0131m muhtar arkada\u015flar\u0131m ad\u0131na bu geceyi organize eden ve bizleri yaln\u0131z b\u0131rakmayan ba\u015fta D\u00f6\u015femealt\u0131 Belediye Ba\u015fkan\u0131m\u0131z Turgay Gen\u00e7 olmak \u00fczere B\u00fcy\u00fck\u015fehir Belediye Ba\u015fkan\u0131m\u0131z Muhittin B\u00f6cek&#8217;e, Kaykamam\u0131m\u0131z Nuri \u00d6zder&#8217;e, siyasi partilerimizin \u00e7ok de\u011ferli ba\u015fkan ve y\u00f6neticilerine yine belediyelerimizin b\u00fcrokratlar\u0131na \u00e7ok te\u015fekk\u00fcr ediyorum.\u201d Dedi.<\/p>\n\n\n\n<p>Geceye kat\u0131lan Cumhuriyet Halk Partisi D\u00f6\u015femealt\u0131 \u0130l\u00e7e Ba\u015fkan\u0131 Veli \u00c7ot, t\u00fcm muhtarlara isimlerine \u00f6zel olarak yapt\u0131r\u0131lan Atat\u00fcrk foto\u011fraflar\u0131 kupa hediye ederek\u201cD\u00f6\u015femealt\u0131 il\u00e7emize hizmet i\u00e7in birbirleriyle yar\u0131\u015fan muhtarlar\u0131m\u0131za emekleri i\u00e7in te\u015fekk\u00fcr ediyorum. Kendilerine g\u00f6revlerinde ba\u015far\u0131lar dileyerek 19 Ekim Muhtarlar g\u00fcn\u00fcn\u00fc kutlar\u0131m\u201d dedi. D\u00f6\u015femealt\u0131 Belediye Ba\u015fkan\u0131 Turgay Gen\u00e7&#8217;te Muhtarlar G\u00fcn\u00fc i\u00e7in \u00f6zel olarak yapt\u0131r\u0131lan hediyeleri muhtarl\u0131k binalar\u0131na yollayarak bu \u00f6zel g\u00fcn\u00fc \u00f6l\u00fcms\u00fczle\u015ftirdi.<\/p>\n\n\n\n<p>D\u00f6\u015femealt\u0131 Belediyesi \/ B\u00fclten<\/p>\n","protected":false},"excerpt":{"rendered":"<p>D\u00f6\u015femealt\u0131 Belediye Ba\u015fkan\u0131 Turgay Gen\u00e7, 19 Ekim Muhtarlar g\u00fcn\u00fc nedeniyle il\u00e7ede hizmet veren mahalle muhtarlar\u0131yla ak\u015fam yeme\u011finde bir araya geldi. 32 mahalle muhtar\u0131 onuruna \u00f6zel <a href=\"https:\/\/akdenizhaber.com.tr\/index.php\/2023\/10\/21\/dosemealtinda-muhtarlar-gunu\/\" class=\"read-more-link\">[more&#8230;]<\/a><\/p>\n","protected":false},"author":2,"featured_media":16918,"comment_status":"open","ping_status":"open","sticky":false,"template":"","format":"standard","meta":{"footnotes":""},"categories":[2],"tags":[],"class_list":["post-16917","post","type-post","status-publish","format-standard","has-post-thumbnail","hentry","category-gundem"],"_links":{"self":[{"href":"https:\/\/akdenizhaber.com.tr\/index.php\/wp-json\/wp\/v2\/posts\/16917","targetHints":{"allow":["GET"]}}],"collection":[{"href":"https:\/\/akdenizhaber.com.tr\/index.php\/wp-json\/wp\/v2\/posts"}],"about":[{"href":"https:\/\/akdenizhaber.com.tr\/index.php\/wp-json\/wp\/v2\/types\/post"}],"author":[{"embeddable":true,"href":"https:\/\/akdenizhaber.com.tr\/index.php\/wp-json\/wp\/v2\/users\/2"}],"replies":[{"embeddable":true,"href":"https:\/\/akdenizhaber.com.tr\/index.php\/wp-json\/wp\/v2\/comments?post=16917"}],"version-history":[{"count":0,"href":"https:\/\/akdenizhaber.com.tr\/index.php\/wp-json\/wp\/v2\/posts\/16917\/revisions"}],"wp:featuredmedia":[{"embeddable":true,"href":"https:\/\/akdenizhaber.com.tr\/index.php\/wp-json\/wp\/v2\/media\/16918"}],"wp:attachment":[{"href":"https:\/\/akdenizhaber.com.tr\/index.php\/wp-json\/wp\/v2\/media?parent=16917"}],"wp:term":[{"taxonomy":"category","embeddable":true,"href":"https:\/\/akdenizhaber.com.tr\/index.php\/wp-json\/wp\/v2\/categories?post=16917"},{"taxonomy":"post_tag","embeddable":true,"href":"https:\/\/akdenizhaber.com.tr\/index.php\/wp-json\/wp\/v2\/tags?post=16917"}],"curies":[{"name":"wp","href":"https:\/\/api.w.org\/{rel}","templated":true}]}}