{"id":16908,"date":"2023-10-21T11:50:26","date_gmt":"2023-10-21T08:50:26","guid":{"rendered":"https:\/\/akdenizhaber.com.tr\/?p=16908"},"modified":"2023-10-21T11:50:27","modified_gmt":"2023-10-21T08:50:27","slug":"ibradida-muhtarlar-gunu-torenle-kutlandi","status":"publish","type":"post","link":"https:\/\/akdenizhaber.com.tr\/index.php\/2023\/10\/21\/ibradida-muhtarlar-gunu-torenle-kutlandi\/","title":{"rendered":"\u0130brad\u0131\u2019da Muhtarlar G\u00fcn\u00fc T\u00f6renle Kutland\u0131"},"content":{"rendered":"\n<p><\/p>\n\n\n\n<p>\u0130brad\u0131 Belediyesi taraf\u0131ndan d\u00fczenlenen 19 Ekim Muhtarlar G\u00fcn\u00fc co\u015fkuyla kutland\u0131. Kutlamalara demokrasimizin temel ta\u015f\u0131 olan Muhtarlar, \u0130brad\u0131 Belediye Ba\u015fkan\u0131 Av. Serkan K\u00fc\u00e7\u00fckkuru ve b\u00fcrokratlar kat\u0131ld\u0131.<\/p>\n\n\n\n<p>Ba\u015fkan K\u00fc\u00e7\u00fckkuru\u201d \u00dclkemizde yerel demokrasinin en eski \u00f6rne\u011fi olan muhtarl\u0131k m\u00fcessesesi ve muhtarlar\u0131m\u0131z; g\u00f6rev yapt\u0131klar\u0131 mahallelerdeki sorunlar\u0131n \u00e7\u00f6z\u00fcm\u00fc, hem\u015ferilerimizin talep ve beklentilerinin yerine getirilmesi yolunda, kamu idareleri ve yerel y\u00f6netimlerle i\u015fbirli\u011fi i\u00e7inde hareket eden \u00f6nemli birer hizmet oda\u011f\u0131d\u0131r. Demokrasi k\u00fclt\u00fcr\u00fcm\u00fcz\u00fcn ilk basama\u011f\u0131n\u0131 te\u015fkil eden muhtarlar\u0131m\u0131z, devletimizin t\u00fcm kurumlar\u0131 ile mahalle sakinleri aras\u0131nda \u00f6nemli bir k\u00f6pr\u00fc g\u00f6revi g\u00f6rmektedir.Muhtarlar\u0131m\u0131z, milletimizin eli, g\u00f6z\u00fc ve kula\u011f\u0131 konumundad\u0131r.Hem\u015ferilerimizin tercihi ve se\u00e7imiyle i\u015fba\u015f\u0131na gelmi\u015f muhtarlar\u0131m\u0131z, hem\u015ferilerimizin hizmetle bulu\u015fturulmas\u0131 noktas\u0131nda bizlerin de birer \u00e7al\u0131\u015fma arkada\u015f\u0131d\u0131r<\/p>\n\n\n\n<p>Bu vesile ile gerek milleti gerekse devleti temsil gibi \u00f6nemli bir g\u00f6revi y\u00fcr\u00fcten muhtarlar\u0131m\u0131za hizmetlerinden dolay\u0131 \u015f\u00fckranlar\u0131m\u0131 sunuyor, \u0130l\u00e7emizde g\u00f6rev yapan ve t\u00fcm muhtarlar\u0131m\u0131z\u0131n Muhtarlar G\u00fcn\u00fc\u2019n\u00fc kutluyor, g\u00f6revlerinde ba\u015far\u0131lar diliyorum \u201ddedi.<\/p>\n\n\n\n<p>\u0130brad\u0131 Belediyesi \/ B\u00fclten<\/p>\n","protected":false},"excerpt":{"rendered":"<p>\u0130brad\u0131 Belediyesi taraf\u0131ndan d\u00fczenlenen 19 Ekim Muhtarlar G\u00fcn\u00fc co\u015fkuyla kutland\u0131. Kutlamalara demokrasimizin temel ta\u015f\u0131 olan Muhtarlar, \u0130brad\u0131 Belediye Ba\u015fkan\u0131 Av. Serkan K\u00fc\u00e7\u00fckkuru ve b\u00fcrokratlar kat\u0131ld\u0131. <a href=\"https:\/\/akdenizhaber.com.tr\/index.php\/2023\/10\/21\/ibradida-muhtarlar-gunu-torenle-kutlandi\/\" class=\"read-more-link\">[more&#8230;]<\/a><\/p>\n","protected":false},"author":2,"featured_media":16909,"comment_status":"open","ping_status":"open","sticky":false,"template":"","format":"standard","meta":{"footnotes":""},"categories":[2],"tags":[],"class_list":["post-16908","post","type-post","status-publish","format-standard","has-post-thumbnail","hentry","category-gundem"],"_links":{"self":[{"href":"https:\/\/akdenizhaber.com.tr\/index.php\/wp-json\/wp\/v2\/posts\/16908","targetHints":{"allow":["GET"]}}],"collection":[{"href":"https:\/\/akdenizhaber.com.tr\/index.php\/wp-json\/wp\/v2\/posts"}],"about":[{"href":"https:\/\/akdenizhaber.com.tr\/index.php\/wp-json\/wp\/v2\/types\/post"}],"author":[{"embeddable":true,"href":"https:\/\/akdenizhaber.com.tr\/index.php\/wp-json\/wp\/v2\/users\/2"}],"replies":[{"embeddable":true,"href":"https:\/\/akdenizhaber.com.tr\/index.php\/wp-json\/wp\/v2\/comments?post=16908"}],"version-history":[{"count":0,"href":"https:\/\/akdenizhaber.com.tr\/index.php\/wp-json\/wp\/v2\/posts\/16908\/revisions"}],"wp:featuredmedia":[{"embeddable":true,"href":"https:\/\/akdenizhaber.com.tr\/index.php\/wp-json\/wp\/v2\/media\/16909"}],"wp:attachment":[{"href":"https:\/\/akdenizhaber.com.tr\/index.php\/wp-json\/wp\/v2\/media?parent=16908"}],"wp:term":[{"taxonomy":"category","embeddable":true,"href":"https:\/\/akdenizhaber.com.tr\/index.php\/wp-json\/wp\/v2\/categories?post=16908"},{"taxonomy":"post_tag","embeddable":true,"href":"https:\/\/akdenizhaber.com.tr\/index.php\/wp-json\/wp\/v2\/tags?post=16908"}],"curies":[{"name":"wp","href":"https:\/\/api.w.org\/{rel}","templated":true}]}}