{"id":16902,"date":"2023-10-21T11:48:55","date_gmt":"2023-10-21T08:48:55","guid":{"rendered":"https:\/\/akdenizhaber.com.tr\/?p=16902"},"modified":"2023-10-21T11:48:56","modified_gmt":"2023-10-21T08:48:56","slug":"osb-baskani-ali-bahar-osb-teknopark-bir-binadan-ibaret-degildir","status":"publish","type":"post","link":"https:\/\/akdenizhaber.com.tr\/index.php\/2023\/10\/21\/osb-baskani-ali-bahar-osb-teknopark-bir-binadan-ibaret-degildir\/","title":{"rendered":"OSB Ba\u015fkan\u0131 Ali Bahar, \u201cOSB Teknopark Bir Binadan \u0130baret De\u011fildir\u201d"},"content":{"rendered":"\n<p><\/p>\n\n\n\n<p>Antalya OSB Teknopark\u2019\u0131n a\u00e7\u0131l\u0131\u015f kurdelesini Sanayi ve Teknoloji Bakan\u0131 Mehmet Fatih Kac\u0131r kesti.<\/p>\n\n\n\n<p>Antalya Organize Sanayi B\u00f6lgesi Teknopark\u2019\u0131n resmi a\u00e7\u0131l\u0131\u015f\u0131, ATSO, Antalya OSB ve Antalya OSB Teknopark Ba\u015fkan\u0131 Ali Bahar ev sahipli\u011finde, Sanayi ve Teknoloji Bakan\u0131 Mehmet Fatih Kac\u0131r, Antalya Valisi Hulusi \u015eahin, Antalya Bilim \u00dcniversitesi Rekt\u00f6r\u00fc Prof. Dr. \u0130smail Y\u00fcksek, Kepez Belediye Ba\u015fkan\u0131 Hakan T\u00fct\u00fcnc\u00fc, D\u00f6\u015femealt\u0131 Belediye Ba\u015fkan\u0131 Turgay Gen\u00e7, AK Parti \u0130l Ba\u015fkan\u0131 Ali \u00c7etin, Antalya protokol\u00fcn\u00fcn se\u00e7kin isimleri, kamu kurum ve kurulu\u015flar\u0131n\u0131n temsilcileri ile B\u00f6lge sanayicilerinin yo\u011fun kat\u0131l\u0131m\u0131yla ger\u00e7ekle\u015fti.<\/p>\n\n\n\n<p>ANTALYA OSB TEKNOPARK B\u0130R B\u0130NADAN \u0130BARET DE\u011e\u0130LD\u0130R<\/p>\n\n\n\n<p>T\u00f6renin a\u00e7\u0131l\u0131\u015f konu\u015fmas\u0131n\u0131 yapan Ba\u015fkan Ali Bahar, Antalya OSB Teknopark\u2019\u0131n sadece bir binadan ibaret olmad\u0131\u011f\u0131n\u0131 belirterek; \u201cBu, Antalya&#8217;n\u0131n ve \u00fclkemizin teknolojik ilerlemenin s\u0131n\u0131rlar\u0131n\u0131 zorlayan bir merkez olacakt\u0131r. Teknopark\u0131m\u0131z, 40 bin metrekare alan \u00fczerine kurulu olup, 15 bin metrekare kapal\u0131 alana sahiptir. Ayr\u0131ca, 11 bin metrekarelik m\u00fcnhas\u0131r tahsis alan\u0131, giri\u015fimcilerimiz i\u00e7in \u00f6zel \u00e7al\u0131\u015fma ve ara\u015ft\u0131rma alanlar\u0131 sunmaktad\u0131r. Yeni a\u00e7\u0131lm\u0131\u015f bir teknopark olmas\u0131na ra\u011fmen, bu ay sonu itibari ile y\u00fczde 70 doluluk oran\u0131na ula\u015facak olmas\u0131, bizlerin ne kadar do\u011fru bir yat\u0131r\u0131ma karar verdi\u011fimizi de g\u00f6stermektedir. Burada faaliyet g\u00f6steren giri\u015fimcilerimiz, yaz\u0131l\u0131m, medikal, mekatronik, nanoteknoloji, ila\u00e7, tar\u0131m, enerji, elektronik, sa\u011fl\u0131k, e\u011fitim gibi bir\u00e7ok farkl\u0131 alanda Ar-Ge \u00e7al\u0131\u015fmalar\u0131 y\u00fcr\u00fctmektedir\u201d dedi.<\/p>\n\n\n\n<p>SADECE \u0130\u015e D\u00dcNYASI \u0130\u00c7\u0130N DE\u011e\u0130L, T\u00dcM TOPLUM \u0130\u00c7\u0130N B\u00dcY\u00dcK B\u0130R KAZAN\u00c7<\/p>\n\n\n\n<p>Antalya OSB Teknopark\u2019\u0131n yaz\u0131l\u0131m a\u011f\u0131rl\u0131kl\u0131 bir ekosisteme sahip olmad\u0131\u011f\u0131n\u0131 vurgulayan Ba\u015fkan Ali Bahar; \u201cyo\u011funla\u015fmay\u0131 hedefliyoruz. Bu, farkl\u0131 sekt\u00f6rlerde faaliyet g\u00f6steren giri\u015fimcilerimiz i\u00e7in e\u015fsiz f\u0131rsatlar sunacak ve inovasyonun \u00e7e\u015fitlili\u011fini te\u015fvik edecektir.B\u00f6lgenin bir teknoloji \u00fcss\u00fcne d\u00f6n\u00fc\u015ft\u00fcr\u00fclmesi i\u00e7in \u00e7al\u0131\u015fmalar s\u00fcrd\u00fcr\u00fclmektedir. \u00d6ncelikle, bu Teknoparklar, inovasyonun ve giri\u015fimcili\u011fin do\u011fdu\u011fu merkezlerdir. Burada, gelece\u011fin teknolojileri geli\u015ftirilecek, yenilik\u00e7i fikirler hayata ge\u00e7irilecek ve gen\u00e7 yeteneklerin b\u00fcy\u00fcmesine olanak tan\u0131nacakt\u0131r. Bu, sadece i\u015f d\u00fcnyas\u0131 i\u00e7in de\u011fil, t\u00fcm toplum i\u00e7in b\u00fcy\u00fck bir kazan\u00e7 niteli\u011findedir\u201d ifadelerini kulland\u0131.<\/p>\n\n\n\n<p>\u00d6NEML\u0130 OLANIN Z\u0130H\u0130NLERDEK\u0130 DUVARIN YIKILMASI<\/p>\n\n\n\n<p>\u00d6nemli olan\u0131n zihinlerdeki duvar\u0131n y\u0131k\u0131lmas\u0131n\u0131n oldu\u011funun alt\u0131n\u0131 \u00e7izen Bakan Kac\u0131r; &#8220;T\u00fcrkiye ekonomisinin dinamosu bir imalat sanayimiz var. \u0130malat sanayi ihracat\u0131m\u0131z 240 milyar dolar\u0131 a\u015ft\u0131. Toplam ihracat\u0131m\u0131z, imalat sanayiinin g\u00fcc\u00fcyle 254 milyar Dolar ile tarihi bir rekor daha k\u0131rd\u0131. \u00dclkemiz, emin ad\u0131mlarla k\u00fcresel bir end\u00fcstri \u00fcss\u00fc ve nitelikli yat\u0131r\u0131mlar\u0131n adresi olmaya devam ediyor. Tabii T\u00fcrkiye, d\u00fcnyan\u0131n global bir \u00fcretim merkezi iken OSB\u2019lerimiz de bu merkezin en kilit akt\u00f6rleri. OSB\u2019lerimiz T\u00fcrkiye Y\u00fczy\u0131l\u0131 vizyonuna ve Milli Teknoloji Hamlemize \u00f6nemli katk\u0131lar sa\u011flayan yap\u0131lardan biri. Bu vizyonun mimar\u0131 Cumhurba\u015fkan\u0131m\u0131z\u0131n vurgulad\u0131\u011f\u0131 gibi; yat\u0131r\u0131m, istihdam, \u00fcretim ve ihracat ekseninde ekonomimizi b\u00fcy\u00fctmekte kararl\u0131y\u0131z. Planl\u0131 end\u00fcstri ve \u00fcretimin t\u00fcm d\u00fcnyada takip edilen bir \u201cT\u00fcrkiye rol modeli\u201d olan bu yap\u0131lar sayesinde, imalat sanayiinde b\u00fcy\u00fck bir kalk\u0131nma hikayesi olu\u015fturuyoruz\u201d diye konu\u015ftu.<\/p>\n\n\n\n<p>&#8220;OSB\u2019LERDE BUG\u00dcN 2.5 M\u0130LYON EMEK\u00c7\u0130 \u00c7ALI\u015eIYOR&#8221;<\/p>\n\n\n\n<p>Son 21 y\u0131lda organize sanayi b\u00f6lgeleri say\u0131s\u0131n\u0131 192\u2019den 355\u2019e \u00e7\u0131kard\u0131klar\u0131n\u0131n alt\u0131n\u0131 \u00e7izen Bakan Kac\u0131r, \u201cOSB alan\u0131m\u0131z 2 kat\u0131na \u00e7\u0131kt\u0131, istihdam tam\u0131 tam\u0131na 6 kat artt\u0131. Bug\u00fcn OSB\u2019lerimizde 2,5 milyondan fazla emek\u00e7imiz ter d\u00f6k\u00fcyor, \u00e7al\u0131\u015f\u0131yor. Bu rakam\u0131n t\u00fcm tesislerin faal olmas\u0131yla 3,5 milyona ula\u015fmas\u0131n\u0131 planl\u0131yoruz. Antalya \u00fcretim altyap\u0131s\u0131n\u0131n kalbi olan Organize Sanayi B\u00f6lgesi de; 735 hektarl\u0131k alan \u00fczerinde, 340\u2019\u0131n \u00fczerinde sanayi kurulu\u015fu ve yakla\u015f\u0131k 21 bin ki\u015filik istihdam\u0131yla, T\u00fcrkiye\u2019nin en b\u00fcy\u00fck organize sanayi b\u00f6lgelerinden biri. OSB\u2019de yer alan firmalar\u0131m\u0131z da; ila\u00e7 \u00fcretiminden ak\u0131ll\u0131 so\u011futma cihazlar\u0131na, g\u00fcne\u015f panellerinden elektrikli ara\u00e7 \u015farj istasyonlar\u0131na kadar katma de\u011ferli \u00fcretimlerine devam etmekteler. Biz Ar-Ge ve inovasyonu, End\u00fcstri ve Organize Sanayi B\u00f6lgelerimizden ayr\u0131 g\u00f6rm\u00fcyoruz. \u00dcniversitelerimizi de end\u00fcstriden, i\u015f hayat\u0131ndan ve giri\u015fimcilikten uzakta hayal edemiyoruz. Bunlar\u0131 birbirlerine s\u0131k\u0131 s\u0131k\u0131ya ba\u011fl\u0131 yap\u0131lar olarak g\u00f6r\u00fcyoruz. Sanayi ve \u00fcniversite ortakl\u0131\u011f\u0131n\u0131 kuvvetlendiren en \u00f6nemli yap\u0131lar olan teknoparklar\u0131m\u0131z, T\u00fcrkiye\u2019nin bilgi temelli kalk\u0131nmas\u0131nda \u00e7ok \u00f6nemli bir rol oynuyor. Teknoparklar\u0131m\u0131z; katma de\u011ferli \u00fcretim ve lider teknoloji giri\u015fimleri i\u00e7in uygun altyap\u0131 ve a\u011f olu\u015fturma imkanlar\u0131 sunuyor\u201d diye konu\u015ftu. Bakan Kac\u0131r, Antalya OSB Teknopark\u2019\u0131n 15 bin metrekare kapal\u0131 alan ve at\u00f6lye olanaklar\u0131 ile kentin katma de\u011ferli \u00fcretim ve yat\u0131r\u0131m\u0131n\u0131n yan\u0131nda \u00fcniversite-sanayi-teknoloji i\u015fbirli\u011fi i\u00e7in \u00f6nemli bir altyap\u0131 sundu\u011funun alt\u0131n\u0131 \u00e7izdi.<\/p>\n\n\n\n<p>START-UP\u2019LARI Z\u0130YARET ETT\u0130<\/p>\n\n\n\n<p>Konu\u015fmalar\u0131n ard\u0131ndan Antalya OSB Teknopark\u2019\u0131n a\u00e7\u0131l\u0131\u015f kurdelesi kesen Bakan Kac\u0131r, Ba\u015fkan Ali Bahar ve protokol \u00fcyeleri start-uplar\u0131 ziyaret ederek geli\u015ftirdikleri \u00fcr\u00fcn ve hizmetler ile ilgili bilgi ald\u0131.<\/p>\n\n\n\n<p>Antalya Organize Sanayi Odas\u0131 \/ B\u00fclten<\/p>\n","protected":false},"excerpt":{"rendered":"<p>Antalya OSB Teknopark\u2019\u0131n a\u00e7\u0131l\u0131\u015f kurdelesini Sanayi ve Teknoloji Bakan\u0131 Mehmet Fatih Kac\u0131r kesti. Antalya Organize Sanayi B\u00f6lgesi Teknopark\u2019\u0131n resmi a\u00e7\u0131l\u0131\u015f\u0131, ATSO, Antalya OSB ve Antalya <a href=\"https:\/\/akdenizhaber.com.tr\/index.php\/2023\/10\/21\/osb-baskani-ali-bahar-osb-teknopark-bir-binadan-ibaret-degildir\/\" class=\"read-more-link\">[more&#8230;]<\/a><\/p>\n","protected":false},"author":2,"featured_media":16903,"comment_status":"open","ping_status":"open","sticky":false,"template":"","format":"standard","meta":{"footnotes":""},"categories":[2],"tags":[],"class_list":["post-16902","post","type-post","status-publish","format-standard","has-post-thumbnail","hentry","category-gundem"],"_links":{"self":[{"href":"https:\/\/akdenizhaber.com.tr\/index.php\/wp-json\/wp\/v2\/posts\/16902","targetHints":{"allow":["GET"]}}],"collection":[{"href":"https:\/\/akdenizhaber.com.tr\/index.php\/wp-json\/wp\/v2\/posts"}],"about":[{"href":"https:\/\/akdenizhaber.com.tr\/index.php\/wp-json\/wp\/v2\/types\/post"}],"author":[{"embeddable":true,"href":"https:\/\/akdenizhaber.com.tr\/index.php\/wp-json\/wp\/v2\/users\/2"}],"replies":[{"embeddable":true,"href":"https:\/\/akdenizhaber.com.tr\/index.php\/wp-json\/wp\/v2\/comments?post=16902"}],"version-history":[{"count":0,"href":"https:\/\/akdenizhaber.com.tr\/index.php\/wp-json\/wp\/v2\/posts\/16902\/revisions"}],"wp:featuredmedia":[{"embeddable":true,"href":"https:\/\/akdenizhaber.com.tr\/index.php\/wp-json\/wp\/v2\/media\/16903"}],"wp:attachment":[{"href":"https:\/\/akdenizhaber.com.tr\/index.php\/wp-json\/wp\/v2\/media?parent=16902"}],"wp:term":[{"taxonomy":"category","embeddable":true,"href":"https:\/\/akdenizhaber.com.tr\/index.php\/wp-json\/wp\/v2\/categories?post=16902"},{"taxonomy":"post_tag","embeddable":true,"href":"https:\/\/akdenizhaber.com.tr\/index.php\/wp-json\/wp\/v2\/tags?post=16902"}],"curies":[{"name":"wp","href":"https:\/\/api.w.org\/{rel}","templated":true}]}}