{"id":16883,"date":"2023-10-20T12:10:15","date_gmt":"2023-10-20T09:10:15","guid":{"rendered":"https:\/\/akdenizhaber.com.tr\/?p=16883"},"modified":"2023-10-20T12:10:15","modified_gmt":"2023-10-20T09:10:15","slug":"muz-ureticilerinden-baskent-cikarmasi","status":"publish","type":"post","link":"https:\/\/akdenizhaber.com.tr\/index.php\/2023\/10\/20\/muz-ureticilerinden-baskent-cikarmasi\/","title":{"rendered":"Muz \u00dcreticilerinden Ba\u015fkent \u00c7\u0131karmas\u0131"},"content":{"rendered":"\n<p><\/p>\n\n\n\n<p>Manavgat Muz \u00dcreticileri Birli\u011fi Ba\u015fkan\u0131 \u00d6nem G\u00f6k ve Y\u00f6netim Kurulu \u00fcyeleri ge\u00e7ti\u011fimiz g\u00fcn TBMM\u2019de Antalya milletvekillerini ziyaret ederek sorunlar\u0131 aktararak \u00f6nemli g\u00f6r\u00fc\u015fmelerde bulundu.<\/p>\n\n\n\n<p>Manavgat Muz \u00dcreticileri Birli\u011fi &nbsp;Ba\u015fkan\u0131 \u00d6nem G\u00f6k ve Y\u00f6netim Kurulu ge\u00e7ti\u011fimiz g\u00fcn &nbsp;TBMM\u2019de Antalya milletvekillerini ziyaret etti.<\/p>\n\n\n\n<p>Antalya Ak Parti Milletvekili \u0130brahim Ethem Ta\u015f, \u0130yi Parti milletvekili Aykut Kaya, Ak Parti Antalya Milletvekili Tu\u011fba Vural \u00c7okal\u2019\u0131 TBMM\u2019deki makam odalar\u0131nda ziyaret ederek Manavgat ve muz \u00fcreticilerinin sorunlar\u0131 ile ilgili bilgi al\u0131\u015f veri\u015finde bulundular.<\/p>\n\n\n\n<p>Manavgat Muz \u00fcreticileri Birli\u011fi kurulu\u015fundan bu yana bir\u00e7ok ba\u015far\u0131l\u0131 i\u015flere imza atarak kentimizdeki \u00fcreticilerin sorunlar\u0131n\u0131 \u00e7\u00f6zmek ad\u0131na \u00e7al\u0131\u015fmalar\u0131 ile g\u00f6z doldurmakla birlikte muz \u00fcreticilerinin fiyat belirlemesinde de etken olan birlik olarak g\u00f6ze bat\u0131yor.<\/p>\n\n\n\n<p>Manavgat Muz \u00fcreticileri Birli\u011fi ba\u015fkan\u0131 \u00d6nem G\u00f6k, kurulu\u015f a\u015famas\u0131nda bug\u00fcne gelene dek \u00e7al\u0131\u015fmalar\u0131n\u0131n a\u011f\u0131rl\u0131\u011f\u0131n\u0131n muz \u00fcreticilerinin sorunlar\u0131n\u0131n \u00e7\u00f6z\u00fcm noktas\u0131nda birle\u015fti\u011fine dikkat \u00e7ekerek uyum i\u00e7erisinde \u00e7al\u0131\u015fmalar\u0131n\u0131 s\u00fcrd\u00fcrd\u00fcklerini belirterek \u015f\u00f6yle konu\u015ftu;<\/p>\n\n\n\n<p>\u201cManavgat Muz \u00fcreticileri 2021 y\u0131l\u0131nda kurularak \u00fcreticilerimizle bulu\u015ftu kurulu\u015f a\u015famas\u0131ndan g\u00fcn\u00fcm\u00fcze y\u00f6netim kurulumuzla birlikte \u00e7ok g\u00fczel i\u015flere imza att\u0131k hepsine ayr\u0131 ayr\u0131 te\u015fekk\u00fcr ediyorum. Ge\u00e7ti\u011fimiz g\u00fcnlerde de TBMM\u2019ne giderek Antalya milletvekillerimizi ziyaretle kendilerine muz \u00fcreticilerinin sorunlar\u0131n\u0131 ilettik, milletvekillerimiz \u00e7ok yak\u0131n ilgiyle bizleri dinleyerek sorunlar\u0131m\u0131z\u0131n \u00e7\u00f6z\u00fcm\u00fcne katk\u0131 s\u00f6z\u00fc verdiler.T\u00fcm vekillerimize y\u00fcrek dolusu te\u015fekk\u00fcr ediyoruz\u201d dedi.<\/p>\n\n\n\n<p>(Haber Merkezi)<\/p>\n","protected":false},"excerpt":{"rendered":"<p>Manavgat Muz \u00dcreticileri Birli\u011fi Ba\u015fkan\u0131 \u00d6nem G\u00f6k ve Y\u00f6netim Kurulu \u00fcyeleri ge\u00e7ti\u011fimiz g\u00fcn TBMM\u2019de Antalya milletvekillerini ziyaret ederek sorunlar\u0131 aktararak \u00f6nemli g\u00f6r\u00fc\u015fmelerde bulundu. Manavgat Muz <a href=\"https:\/\/akdenizhaber.com.tr\/index.php\/2023\/10\/20\/muz-ureticilerinden-baskent-cikarmasi\/\" class=\"read-more-link\">[more&#8230;]<\/a><\/p>\n","protected":false},"author":2,"featured_media":16884,"comment_status":"open","ping_status":"open","sticky":false,"template":"","format":"standard","meta":{"footnotes":""},"categories":[2],"tags":[],"class_list":["post-16883","post","type-post","status-publish","format-standard","has-post-thumbnail","hentry","category-gundem"],"_links":{"self":[{"href":"https:\/\/akdenizhaber.com.tr\/index.php\/wp-json\/wp\/v2\/posts\/16883","targetHints":{"allow":["GET"]}}],"collection":[{"href":"https:\/\/akdenizhaber.com.tr\/index.php\/wp-json\/wp\/v2\/posts"}],"about":[{"href":"https:\/\/akdenizhaber.com.tr\/index.php\/wp-json\/wp\/v2\/types\/post"}],"author":[{"embeddable":true,"href":"https:\/\/akdenizhaber.com.tr\/index.php\/wp-json\/wp\/v2\/users\/2"}],"replies":[{"embeddable":true,"href":"https:\/\/akdenizhaber.com.tr\/index.php\/wp-json\/wp\/v2\/comments?post=16883"}],"version-history":[{"count":0,"href":"https:\/\/akdenizhaber.com.tr\/index.php\/wp-json\/wp\/v2\/posts\/16883\/revisions"}],"wp:featuredmedia":[{"embeddable":true,"href":"https:\/\/akdenizhaber.com.tr\/index.php\/wp-json\/wp\/v2\/media\/16884"}],"wp:attachment":[{"href":"https:\/\/akdenizhaber.com.tr\/index.php\/wp-json\/wp\/v2\/media?parent=16883"}],"wp:term":[{"taxonomy":"category","embeddable":true,"href":"https:\/\/akdenizhaber.com.tr\/index.php\/wp-json\/wp\/v2\/categories?post=16883"},{"taxonomy":"post_tag","embeddable":true,"href":"https:\/\/akdenizhaber.com.tr\/index.php\/wp-json\/wp\/v2\/tags?post=16883"}],"curies":[{"name":"wp","href":"https:\/\/api.w.org\/{rel}","templated":true}]}}