{"id":16874,"date":"2023-10-20T12:08:28","date_gmt":"2023-10-20T09:08:28","guid":{"rendered":"https:\/\/akdenizhaber.com.tr\/?p=16874"},"modified":"2023-10-20T12:08:29","modified_gmt":"2023-10-20T09:08:29","slug":"bilim-festivaline-muhtesem-acilis","status":"publish","type":"post","link":"https:\/\/akdenizhaber.com.tr\/index.php\/2023\/10\/20\/bilim-festivaline-muhtesem-acilis\/","title":{"rendered":"Bilim Festivaline Muhte\u015fem A\u00e7\u0131l\u0131\u015f\u00a0 \u00a0"},"content":{"rendered":"\n<p><\/p>\n\n\n\n<p>Kepez Belediyesi\u2019nin bu y\u0131l 2\u2019ncisini d\u00fczenledi\u011fi Antalya Bilim Festivali(B\u0130L\u0130MFEST), Sanayi ve Teknoloji Bakan\u0131 Fatih Kac\u0131r\u2019\u0131n kat\u0131l\u0131mlar\u0131yla a\u00e7\u0131ld\u0131. Bakan Kac\u0131r, \u201cAkdeniz&#8217;in en b\u00fcy\u00fck bilim festivaline Antalya&#8217;da Kepez&#8217;de \u015fahitlik ediyoruz.\u201d dedi. 2. Antalya Bilim Festivaline 220 kurum ve kurulu\u015f kat\u0131ld\u0131.<\/p>\n\n\n\n<p>Antalya Bilim Festivali kap\u0131lar\u0131n\u0131 ziyaret\u00e7ilere aralad\u0131. Kepez Belediyesi\u2019nin bu y\u0131l 2\u2019ncisini d\u00fczenledi\u011fi Antalya Bilim Festivali(B\u0130L\u0130MFEST), Dokumapark\u2019\u0131n 50 bin metre karelik etkinlik alan\u0131nda ger\u00e7ekle\u015ftiriliyor.&nbsp;&nbsp; Sanayi ve teknoloji devlerinin kat\u0131ld\u0131\u011f\u0131, milli gururlar\u0131m\u0131z\u0131n sergilendi\u011fi festivalin a\u00e7\u0131l\u0131\u015f konu\u015fmalar\u0131n\u0131 Sanayi ve Teknoloji Bakan\u0131 Fatih Kac\u0131r, T\u00dcB\u0130TAK Ba\u015fkan\u0131 Prof.Dr. Hasan Mandal, Kepez Belediye Ba\u015fkan\u0131 Hakan T\u00fct\u00fcnc\u00fc yapt\u0131. &nbsp;Kepez Belediye Ba\u015fkan\u0131 Hakan T\u00fct\u00fcnc\u00fc a\u00e7\u0131l\u0131\u015f konu\u015fmas\u0131nda; \u201cKepez Belediyesi olarak temel belediyecilik hizmetlerinin yan\u0131nda bunlarla beraber bir \u015fehir bir medeniyet tasavvuruyla hareket ediyoruz. Temel belediyecilik hizmetlerinin yan\u0131nda \u015fehre medeni vas\u0131flar kazand\u0131ran nice etkinlikleri planl\u0131yor, bir yandan da g\u00fczel bir \u015fehir meydana getirmek i\u00e7in \u00e7aba sarf ediyoruz. 15 y\u0131ll\u0131k yolculu\u011fumuz da bir yandan temel belediyecilik hizmetlerine vakit ay\u0131r\u0131rken, di\u011fer taraftan k\u00fclt\u00fcre, sanata, bilime, teknolojiye ve hayata farkl\u0131l\u0131k kazand\u0131ran di\u011fer tutku alanlar\u0131yla, hem\u015fehrilerimizi bir araya getirmeye, \u00fclkemize, \u015fehrimize de\u011fer \u00fcretme gayret ettik. Antalya BilimFest bu \u00e7abam\u0131z\u0131n bu gayretimizin bir neticesidir. Yery\u00fcz\u00fcnde b\u00fct\u00fcn medeniyetler bilim ve teknoloji, k\u00fclt\u00fcr ve sanat olmak \u00fczere bu iki de\u011fer \u00fczerinde toplanm\u0131\u015ft\u0131r. Cumhuriyet h\u00fck\u00fcmetlerimiz, bakanl\u0131klar\u0131m\u0131z, e\u011fitim kurumlar\u0131m\u0131z T\u00fcrkiye\u2019de bilimsel bilginin geli\u015fmesi, rasyonel d\u00fc\u015f\u00fcncenin zirveye \u00e7\u0131kmas\u0131 ad\u0131na da \u00e7ok b\u00fcy\u00fck ba\u015far\u0131lara imza atm\u0131\u015ft\u0131r. Bug\u00fcn iftiharla g\u00f6r\u00fcyoruz ki; TEKNOFEST gen\u00e7li\u011fi diye tan\u0131mlanan bir ku\u015fak var. Bunlar modern d\u00fcnyan\u0131n hangi y\u00f6ne gitti\u011fini \u00e7ok iyi takip eden ve gelece\u011fe d\u00f6n\u00fck sa\u011flam hayaller kuran ve bu hayallerinin pe\u015finden ko\u015fmaktan b\u00fcy\u00fck mutluluk duyan gen\u00e7ler. Devletimiz bu gen\u00e7lerimize bakanl\u0131\u011f\u0131m\u0131z ve T\u00dcB\u0130TAK ile g\u00fczel bir ufuk \u00e7izmeye gayret ediyor. TEKNOFEST gen\u00e7lerin \u00e7ok ilgisini \u00e7ekiyor. Biz g\u00f6rd\u00fck ki Antalya\u2019da TEKNOFEST\u2019e gitmek isteyen o kadar \u00e7ok gen\u00e7 var ki, bizde TEKNOFEST \u0131\u015f\u0131\u011f\u0131n\u0131 Antalya\u2019ya B\u0130L\u0130MFEST ile ta\u015f\u0131yal\u0131m istedik.&nbsp; BilimFEST TEKNOFEST\u2019e yerel anlamda g\u00fc\u00e7 vermeye \u00e7al\u0131\u015fan, Antalya\u2019dan katk\u0131 koymaya \u00e7al\u0131\u015fan, arkas\u0131nda \u00e7ok b\u00fcy\u00fck emeklerin oldu\u011fu vizyonel bir i\u015f. Biz temel belediyecilik hizmetlerimizin yan\u0131nda, bilgiye, bilime, okumaya, \u00f6\u011frenmeye \u00e7ok b\u00fcy\u00fck bir emek harc\u0131yoruz. Yepyeni okullarla, il\u00e7emize kurdu\u011fumuz 22 k\u00fct\u00fcphaneyle milyonlarca kitaba sahip olman\u0131n verdi\u011fi \u00f6z g\u00fcvenle gen\u00e7lerimizi gelece\u011fe ta\u015f\u0131yoruz. Biliyoruz ki hayattaki, en hakkiki m\u00fcr\u015fit ilimdir, fendir. Biliyoruz ki; 21 y\u00fczy\u0131l T\u00fcrk\u00fcn ve T\u00fcrkiye&#8217;nin asr\u0131 olacakt\u0131r.\u201d dedi. Ba\u015fkan T\u00fct\u00fcnc\u00fc, 2. Antalya Bilim Festivaline 220\u2019den fazla firma, kurum, kurulu\u015f, e\u011fitim kurumu ve \u00fcniversite kat\u0131ld\u0131\u011f\u0131n\u0131 belirterek, B\u0130L\u0130MFEST\u2019e eme\u011fi ge\u00e7en T\u00dcB\u0130TAK\u2019a, kurum ve kurulu\u015flara,&nbsp; Antalya\u2019daki \u00fcniversitelere ve rekt\u00f6rlerine desteklerinden dolay\u0131 te\u015fekk\u00fcr etti.<\/p>\n\n\n\n<p>B\u0130L\u0130MFEST\u2019E, TEKNOFEST\u2019E \u0130HT\u0130YACIMIZ VAR<\/p>\n\n\n\n<p>Bilimfest\u2019in a\u00e7\u0131l\u0131\u015f\u0131nda konu\u015fan T\u00dcB\u0130TAK Ba\u015fkan\u0131 Prof.Dr.Hasan Mandal da, Filistin\u2019deki zulme dikkat \u00e7ekerek b\u00f6yle bir durumda gelece\u011fe daha g\u00fc\u00e7l\u00fc ad\u0131mlarla haz\u0131rlanmak i\u00e7in bilimsel \u00e7al\u0131\u015fmalar\u0131 destekleyen bu festivallere ihtiya\u00e7 oldu\u011funu s\u00f6yledi. Mandal, \u201cT\u00dcB\u0130TAK 60 y\u0131ld\u0131r \u00fclkemizde bilim ve teknoloji konusunda&nbsp; ve son 5 y\u0131lda daha \u00e7ok insana dokunma noktas\u0131nda \u00fczerini d\u00fc\u015feni, yapmaya \u00e7al\u0131\u015f\u0131yor. Sanayi ve Teknoloji Bakanl\u0131\u011f\u0131m\u0131z\u0131n ilgili kurulu\u015flar\u0131yla, ba\u015fta say\u0131n bakan\u0131m\u0131z\u0131n himayelerinde ger\u00e7ekle\u015ftiriyoruz. Yerelde de Antalya Bilim Merkezimizde ve Kepez Belediye Ba\u015fkan\u0131m\u0131z Hakan T\u00fct\u00fcnc\u00fc ile beraber ne kadar emek verildi\u011fini biliyoruz. Hakan ba\u015fkan\u0131m\u0131z\u0131n hem bilim merkezine hem de Antalya\u2019da bilim ve teknoloji fark\u0131ndal\u0131\u011f\u0131n\u0131 art\u0131rmak i\u00e7in verdi\u011fi emeklere te\u015fekk\u00fcr ediyorum. \u201c diye konu\u015ftu.<\/p>\n\n\n\n<p>Uluslararas\u0131 d\u00fczenlenen olimpiyatlarda sadece 2023 y\u0131l\u0131nda 12 alt\u0131n madalya, 36 g\u00fcm\u00fc\u015f ve 26 bronz madalya ald\u0131klar\u0131n\u0131 bildiren Mandal, \u201cDaha g\u00fc\u00e7l\u00fc olmak i\u00e7in bizim Antalya BilimFEST\u2019e, TEKNOFEST\u2019e, T\u00dcB\u0130TAK yar\u0131\u015fmalar\u0131na ihtiyac\u0131m\u0131z var.\u201d dedi.&nbsp;<\/p>\n\n\n\n<p>ANTALYA B\u0130L\u0130MFEST\u2019\u0130 \u00c7OK \u00d6NEML\u0130 BULUYORUM<\/p>\n\n\n\n<p>Sanayi ve Teknoloji Bakan\u0131 Fatih Kac\u0131r a\u00e7\u0131l\u0131\u015f konu\u015fmas\u0131nda; \u201cBilim ve teknoloji r\u00fczgar\u0131 estirecek B\u0130L\u0130MFEST\u2019in Antalya\u2019m\u0131za ve \u00fclkemize hay\u0131rl\u0131 olmas\u0131n\u0131 diliyorum. \u0130lki ge\u00e7ti\u011fimiz y\u0131l d\u00fczenlenen bilimfest Antalya da muazzam bir ilgiyle kar\u015f\u0131land\u0131. \u0130lk y\u0131l\u0131nda y\u00fcz binlerce ziyaret\u00e7i a\u011f\u0131rlayan bilimfest, teknoloji d\u00fcnyas\u0131nda dikkatleri \u00fczerine \u00e7ekti. Ev sahipli\u011fini Dokumapark\u2019ta 12 bin 500 metre kare alana kurulu Akdeniz\u2019in ilk ve tek bilim merkezi olan Antalya Bilim Merkezi\u2019nin yapt\u0131\u011f\u0131 B\u0130L\u0130MFEST yerli ve milli teknolojilerimizi Antalya\u2019dan, Akdeniz\u2019den \u00fclkemizin d\u00f6rt bir yan\u0131ndan gelen ziyaret\u00e7ilerle bulu\u015fturuyor. Bakanl\u0131\u011f\u0131m\u0131zla beraber, &nbsp;\u0130\u00e7 \u0130\u015fleri Bakanl\u0131\u011f\u0131 ve Savunma Sanayi Ba\u015fkanl\u0131\u011f\u0131n\u0131n da kat\u0131ld\u0131\u011f\u0131 bilimfest, \u00f6n\u00fcm\u00fczdeki 4 g\u00fcn boyunca T\u00fcrkiye\u2019nin teknoloji devlerine ev sahipli\u011fi yapacak. Festival\u2019de T\u00dcB\u0130TAK, ASELSAN,HAVELSAN,TUSA\u015e, ROKETSAN, T\u00dcRKSAT, T\u00fcrkiye Uzay Ajans\u0131 gibi yerli ve milli teknoloji \u00fcreten kurumlar\u0131m\u0131zla birlikte \u00fcniversitelerimiz, TEKNOKENT\u2019ler ve organize sanayi b\u00f6lgelerimizde yer alacak. S\u00f6yle\u015filer, sergiler, g\u00f6rsel \u015fovlar, farkl\u0131 alanda \u00e7ok say\u0131da at\u00f6lye \u00e7al\u0131\u015fmas\u0131 ve T\u00dcB\u0130TAK taraf\u0131ndan bilim g\u00f6sterileri misafirlerimizle bulu\u015facak. Tar\u0131m teknolojileri, ak\u0131ll\u0131 \u015fehir \u00e7evre ve enerji teknolojileri alanlar\u0131nda ortaokul ve lise \u00f6\u011frencilerinin kat\u0131labildi\u011fi 3 farkl\u0131 yar\u0131\u015fmaya da ev sahipli\u011fi yap\u0131yor. G\u00fczel \u00e7al\u0131\u015fmalar\u0131 toplumla bulu\u015fturma yolunda B\u0130L\u0130MFEST\u2019i olduk\u00e7a \u00f6nemli ve de\u011ferli buldu\u011fumuzu ifade etmek isterim. Eme\u011fi ge\u00e7en herkese te\u015fekk\u00fcr ederim.\u201d dedi.<\/p>\n\n\n\n<p>B\u0130L\u0130MFEST TAR\u0130H\u0130 DOKUSUYLA GE\u00c7M\u0130\u015eE I\u015eIK TUTUYOR<\/p>\n\n\n\n<p>B\u0130L\u0130MFEST\u2019in d\u00fczenlendi\u011fi alan\u0131n eski dokuma fabrikas\u0131 oldu\u011funu hat\u0131rlatan Sanayi ve Teknoloji Bakan\u0131 Kac\u0131r, \u201cBilim ve teknoloji de yenilik\u00e7i bir anlay\u0131\u015fla hareket edene B\u0130L\u0130MFEST, tarihi dokuyla ge\u00e7mi\u015fe \u0131\u015f\u0131k tutuyor, ge\u00e7mi\u015fi gelecekte bulu\u015fturuyor. Eski Dokuma Fabrikas\u0131&#8217;n\u0131n restorasyonu sonucu Antalya Bilim Merkezine d\u00f6n\u00fc\u015fen bu alan i\u00e7in Kepez Belediyesi&#8217;ne ayr\u0131ca te\u015fekk\u00fcrlerimi sunuyorum. Kepez Belediyesi b\u00fcnyesinde T\u00dcB\u0130TAK deste\u011fi ile kurulan Antalya Bilim Merkezi Akdeniz B\u00f6lgemizin ilk ve tek bilim merkezi\u2026 Bilim merkezimiz farkl\u0131 ya\u015f gruplar\u0131ndan farkl\u0131 birikime sahip bireyleri bilimle bulu\u015fturarak bilim ve teknolojiyi daha anla\u015f\u0131l\u0131r ve ula\u015f\u0131labilir k\u0131l\u0131yor. At\u00f6lye \u00e7al\u0131\u015fmalar\u0131, deneysel uygulamal\u0131 etkinlikler, bilime y\u00f6nelik duyulan merak\u0131 ve heyecan\u0131 artt\u0131r\u0131yor. Bilim merkezimizin b\u00fcy\u00fckl\u00fck ve alt yap\u0131s\u0131yla sadece Antalya de\u011fil, b\u00fct\u00fcn Akdeniz b\u00f6lgesine hizmet vermesinden b\u00fcy\u00fck bir mutluluk duyuyoruz. Bizlerde Sanayi ve Teknoloji Bakanl\u0131\u011f\u0131 olarak, Antalya&#8217;da b\u00f6yle bir bilim merkezinin varl\u0131\u011f\u0131ndan heyecan duymaktay\u0131z. Bununla birlikte bilim merkezine desteklerimizi de esirgemiyoruz. Antalya Bilim Merkezi projemize T\u00dcB\u0130TAK&nbsp; ile birlikte bug\u00fcnk\u00fc rakamlarla 150 milyon liraya yak\u0131n destek sa\u011flad\u0131k. Proje kapsam\u0131nda 7 farkl\u0131 e\u011fitim at\u00f6lyesi kurduk. Bilim merkezine y\u00f6nelik desteklerimizle toplumumuzda bilim k\u00fclt\u00fcr\u00fcn\u00fc yayg\u0131nla\u015ft\u0131rmay\u0131, toplumun bilime olan bilgi ve merak\u0131n\u0131 artt\u0131rmay\u0131 ama\u00e7l\u0131yoruz. Bu \u00e7er\u00e7evede 31 Mart 2022 tarihinde a\u00e7\u0131l\u0131\u015f\u0131 yap\u0131lan Antalya Kepez Bilim Merkezi, T\u00dcB\u0130TAK deste\u011fiyle kurdu\u011fumuz 7. bilim merkezi oldu. 9 ilimizde b\u00fcy\u00fck \u00f6l\u00e7ekli bilim merkezi kurulma projemiz b\u00fcy\u00fck bir h\u0131zla devam ediyor. \u0130l ve il\u00e7e belediyelerimizin bilim merkezi projelerine de destek sa\u011fl\u0131yoruz. K\u00fc\u00e7\u00fck \u00f6l\u00e7ekli bilim merkezi kurulmas\u0131 projemiz ile bug\u00fcne kadar 17 projenin ger\u00e7ekle\u015fmesini sa\u011flarken 25 yeni bilim merkezi i\u00e7inde \u00e7al\u0131\u015fmalar\u0131m\u0131z\u0131 s\u00fcrd\u00fcr\u00fcyoruz. Bilim merkezlerimizin bug\u00fcne kadar 7 milyona yak\u0131n ki\u015fiyi a\u011f\u0131rlad\u0131\u011f\u0131n\u0131 g\u00f6r\u00fcyoruz. &nbsp;E\u011fitim at\u00f6lyelerine de 620 bin gencimizin kat\u0131lm\u0131\u015f olmas\u0131ndan b\u00fcy\u00fck bir mutluluk duyuyoruz. Gen\u00e7lerimiz bizim en de\u011ferli varl\u0131klar\u0131m\u0131z. Gen\u00e7lerimiz yar\u0131nlar\u0131m\u0131za giden yolda mimarlar\u0131m\u0131z. Gelecek T\u00fcrkiye&#8217;sinin in\u015fas\u0131nda gen\u00e7lerimizden beklentimiz b\u00fcy\u00fck. Cumhurba\u015fkan\u0131m\u0131z Say\u0131n Recep Tayyip Erdo\u011fan liderli\u011finde milli teknoloji hamlesinde ilerlerken T\u00fcrkiye y\u00fczy\u0131l\u0131nda gen\u00e7lerimizin y\u0131ld\u0131z\u0131 parlayacak.\u201d diye konu\u015ftu.<\/p>\n\n\n\n<p>AKDEN\u0130Z&#8217;\u0130N EN B\u00dcY\u00dcK B\u0130L\u0130M FEST\u0130VAL\u0130NE KEPEZ&#8217;DE \u015eAH\u0130TL\u0130K ED\u0130YORUZ<\/p>\n\n\n\n<p>T\u00fcrkiye olarak son 20 y\u0131lda bir\u00e7ok alanda b\u00fcy\u00fck at\u0131l\u0131mlar ger\u00e7ekle\u015ftirildi\u011fine de\u011finen Sanayi ve Teknoloji Bakan\u0131 Kac\u0131r, \u201c\u00d6n\u00fcm\u00fczdeki d\u00f6nemde de bug\u00fcne kadar ger\u00e7ekle\u015ftirdiklerimizden daha b\u00fcy\u00fck i\u015flere hep birlikte imza ataca\u011f\u0131z. \u00dclkemizi ad\u0131m ad\u0131m k\u00fcresel bir \u00fcretim \u00fcss\u00fc haline getiriyoruz. Ara\u015ft\u0131rma, geli\u015ftirme, inovasyon, giri\u015fimcilik ekosisteminde yenilik\u00e7i bir anlay\u0131\u015fla hareket ediyoruz. Teknoloji yolculu\u011fumuzda gen\u00e7lerimizin de aktif rol \u00fcst \u00fcstlenmesini sa\u011fl\u0131yoruz. Ara\u015ft\u0131ran, geli\u015ftiren, \u00fcreten gen\u00e7li\u011fin her zaman yan\u0131nda olmaya devam edece\u011fiz. 81 \u015fehrimizde 125 teknoloji at\u00f6lyesinde 11 ya\u015f\u0131nda \u015fehir \u015fehir il\u00e7e il\u00e7e kasaba kasaba k\u00f6y k\u00f6y \u00f6zel yetenekli \u00f6\u011frencilerimizi tespit ediyor, onlar\u0131 bilimle teknoloji ile erken ya\u015ftan itibaren bulu\u015fturuyoruz. Teknofest\u2019lerle birlikte gen\u00e7lerimizin teknoloji ekosistemindeki yerini sa\u011flamla\u015ft\u0131r\u0131yoruz. Teknofest milli teknoloji hamlesinin i\u015faret fi\u015fe\u011fi\u2026 Teknofest \u00fclkemizin savunma sanayi at\u0131l\u0131mlar\u0131n\u0131n d\u00fcnyayla bulu\u015ftu\u011fu sahne, d\u00fcnyan\u0131n en b\u00fcy\u00fck havac\u0131l\u0131k uzay ve teknoloji festivali teknofest ile toplumun her kesiminde fark\u0131ndal\u0131k olu\u015fturuyor, gen\u00e7lerimize hayallerinin pe\u015finden ko\u015fma imkan\u0131 sunuyoruz. Cumhuriyetimizin 100. Y\u0131l\u0131nda \u0130stanbul&#8217;da, Ankara&#8217;da ve \u0130zmir&#8217;de d\u00fczenledi\u011fimiz teknofestlerde 4,5 milyon ziyaret\u00e7iye ev sahipli\u011fi yapt\u0131k. Teknofestlerle toplumsal bir seferberlik anlay\u0131\u015f\u0131 geli\u015fiyor. Milli \u00f6zg\u00fcvenimiz yeniden diriliyor. TEKNOFEST\u2019ler gen\u00e7 n\u00fcfusun yeteneklerini sahada g\u00f6stermesini sa\u011fl\u0131yor. Bilim festivalleri bu heyecan\u0131n yurdun d\u00f6rt bir yan\u0131nda hissedilmesin de \u00f6nemli bir role sahip. Son bir bu\u00e7uk ayda 2 TEKNOFEST d\u00fczenledik ve \u015fimdi Aksaray Bilim Festivalinin ard\u0131ndan Akdeniz&#8217;in en b\u00fcy\u00fck bilim festivaline Antalya&#8217;da Kepez&#8217;de \u015fahitlik ediyoruz. Bu festivali sadece Kepez\u2019e de\u011fil, Antalya\u2019m\u0131za kazand\u0131ran \u00e7ok de\u011ferli belediye ba\u015fkan\u0131m\u0131z Say\u0131n Hakan T\u00fct\u00fcnc\u00fc&#8217;ye huzurlar\u0131n\u0131zda bir kez daha te\u015fekk\u00fcr etmek istiyorum. \u015eehirleri bug\u00fcnden yar\u0131na gelece\u011fe vizyonel liderler vizyonel y\u00f6neticiler ta\u015f\u0131rlar. Hakan Bey, liderlik etti\u011fi projelerle sadece Kepez&#8217;i de\u011fil, Antalya&#8217;m\u0131z\u0131 e\u011fitimde, k\u00fclt\u00fcrde, sanatta, gen\u00e7likle gelece\u011fi ta\u015f\u0131yor. Kepez pek \u00e7ok \u015fehirde B\u00fcy\u00fck\u015fehir Belediyeleri&#8217;nden bekledi\u011fimiz hizmetleri milletimizle bulu\u015fturuyor.&nbsp; Arzumuz, \u00fcmidimiz \u00f6n\u00fcm\u00fczdeki d\u00f6nemde de bu hizmetlerin dalga dalga b\u00fcy\u00fcmesidir. De\u011ferli belediye ba\u015fkan\u0131m\u0131za, bu festivale payda\u015f olan t\u00fcm kat\u0131l\u0131mc\u0131lar\u0131m\u0131za, burada bu heyecana ortak olan \u00f6\u011frencilerimize, gen\u00e7lerimize \u00f6\u011fretmenlerimize te\u015fekk\u00fcr ediyorum.\u201d dedi. &nbsp;<\/p>\n\n\n\n<p>Konu\u015fmalar\u0131n ard\u0131ndan&nbsp; kurdele kesimiyle 2. Antalya Bilim Festivali ziyaret\u00e7ilere kap\u0131lar\u0131n\u0131 a\u00e7t\u0131. Sanayi ve Teknoloji Bakan\u0131 Fatih Kac\u0131r ve beraberindeki heyet, ev sahibi Kepez Belediye Ba\u015fkan\u0131 Hakan T\u00fct\u00fcnc\u00fc rehberli\u011finde, 50 bin metre kare alana kurulan festival alan\u0131n\u0131 gezdi.<\/p>\n\n\n\n<p>Kepez Belediyesi \/ B\u00fclten<\/p>\n","protected":false},"excerpt":{"rendered":"<p>Kepez Belediyesi\u2019nin bu y\u0131l 2\u2019ncisini d\u00fczenledi\u011fi Antalya Bilim Festivali(B\u0130L\u0130MFEST), Sanayi ve Teknoloji Bakan\u0131 Fatih Kac\u0131r\u2019\u0131n kat\u0131l\u0131mlar\u0131yla a\u00e7\u0131ld\u0131. Bakan Kac\u0131r, \u201cAkdeniz&#8217;in en b\u00fcy\u00fck bilim festivaline Antalya&#8217;da <a href=\"https:\/\/akdenizhaber.com.tr\/index.php\/2023\/10\/20\/bilim-festivaline-muhtesem-acilis\/\" class=\"read-more-link\">[more&#8230;]<\/a><\/p>\n","protected":false},"author":2,"featured_media":16875,"comment_status":"open","ping_status":"open","sticky":false,"template":"","format":"standard","meta":{"footnotes":""},"categories":[2],"tags":[],"class_list":["post-16874","post","type-post","status-publish","format-standard","has-post-thumbnail","hentry","category-gundem"],"_links":{"self":[{"href":"https:\/\/akdenizhaber.com.tr\/index.php\/wp-json\/wp\/v2\/posts\/16874","targetHints":{"allow":["GET"]}}],"collection":[{"href":"https:\/\/akdenizhaber.com.tr\/index.php\/wp-json\/wp\/v2\/posts"}],"about":[{"href":"https:\/\/akdenizhaber.com.tr\/index.php\/wp-json\/wp\/v2\/types\/post"}],"author":[{"embeddable":true,"href":"https:\/\/akdenizhaber.com.tr\/index.php\/wp-json\/wp\/v2\/users\/2"}],"replies":[{"embeddable":true,"href":"https:\/\/akdenizhaber.com.tr\/index.php\/wp-json\/wp\/v2\/comments?post=16874"}],"version-history":[{"count":0,"href":"https:\/\/akdenizhaber.com.tr\/index.php\/wp-json\/wp\/v2\/posts\/16874\/revisions"}],"wp:featuredmedia":[{"embeddable":true,"href":"https:\/\/akdenizhaber.com.tr\/index.php\/wp-json\/wp\/v2\/media\/16875"}],"wp:attachment":[{"href":"https:\/\/akdenizhaber.com.tr\/index.php\/wp-json\/wp\/v2\/media?parent=16874"}],"wp:term":[{"taxonomy":"category","embeddable":true,"href":"https:\/\/akdenizhaber.com.tr\/index.php\/wp-json\/wp\/v2\/categories?post=16874"},{"taxonomy":"post_tag","embeddable":true,"href":"https:\/\/akdenizhaber.com.tr\/index.php\/wp-json\/wp\/v2\/tags?post=16874"}],"curies":[{"name":"wp","href":"https:\/\/api.w.org\/{rel}","templated":true}]}}