{"id":16871,"date":"2023-10-20T12:07:54","date_gmt":"2023-10-20T09:07:54","guid":{"rendered":"https:\/\/akdenizhaber.com.tr\/?p=16871"},"modified":"2023-10-20T12:07:55","modified_gmt":"2023-10-20T09:07:55","slug":"baskan-ali-bahar-kanun-teklifinin-genel-kuruldan-kabulunu-bekliyoruz","status":"publish","type":"post","link":"https:\/\/akdenizhaber.com.tr\/index.php\/2023\/10\/20\/baskan-ali-bahar-kanun-teklifinin-genel-kuruldan-kabulunu-bekliyoruz\/","title":{"rendered":"Ba\u015fkan Ali Bahar; \u201cKanun Teklifinin Genel Kuruldan Kabul\u00fcn\u00fc Bekliyoruz\u201d"},"content":{"rendered":"\n<p><\/p>\n\n\n\n<p>G\u00fcn\u00fcbirlik kiral\u0131k evlere ili\u015fkin kay\u0131t d\u0131\u015f\u0131 sorununu her platformda dile getirdiklerini kaydeden Ba\u015fkan Ali Bahar, \u201cYasa tasar\u0131s\u0131nda k\u0131sa d\u00f6nem kiralamalara 100 g\u00fcn s\u0131n\u0131r\u0131 getirilirken, belge alma, kimlik bildirimi ve sakinlerden muvafakat alma zorunlulu\u011fu geliyor&#8221;dedi.<\/p>\n\n\n\n<p>Antalya Ticaret ve Sanayi odas\u0131 (ATSO) Y\u00f6netim Kurulu Ba\u015fkan\u0131 Ali Bahar, T\u00fcrkiye genelinde konutlar\u0131n turizm ama\u00e7l\u0131 kiralanmas\u0131na y\u00f6nelik d\u00fczenlemeleri kapsayan kanun teklifinin TBMM Ba\u015fkanl\u0131\u011f\u0131na sunulmas\u0131na ili\u015fkin de\u011ferlendirmede bulundu.<\/p>\n\n\n\n<p>Antalya\u2019da konut alan yabanc\u0131lar\u0131n, sat\u0131n ald\u0131klar\u0131 konutlar\u0131 turizm sezonunda kiraya vermesinin kay\u0131t d\u0131\u015f\u0131 sorununa sebep oldu\u011funu her platformda dile getiren ATSO Y\u00f6netim Kurulu Ba\u015fkan\u0131 Ali Bahar, \u201cG\u00fcvenlik, vergi kayb\u0131 ve turizm imaj\u0131na zarar veren evler i\u00e7in \u00e7ok say\u0131da \u015fik\u00e2yet al\u0131yoruz. Bu durum en ba\u015fta turizm sekt\u00f6r\u00fcn\u00fc yaral\u0131yor. G\u00fcnl\u00fck ev kiralanmas\u0131yla ilgili ciddi s\u0131k\u0131nt\u0131lar var\u201d dedi.<\/p>\n\n\n\n<p>\u00c7ALI\u015eMALARI YAKINDAN \u0130ZL\u0130YORUZ<\/p>\n\n\n\n<p>AK Parti Milletvekilleri taraf\u0131ndan 30 maddeden olu\u015fan kanun teklifinin, konutlar\u0131n turizm ama\u00e7l\u0131 kiralanmas\u0131na y\u00f6nelik d\u00fczenlemeleri de i\u00e7erdi\u011fini ve TBMM Ba\u015fkanl\u0131\u011f\u0131na sunuldu\u011funu hat\u0131rlatarak \u00e7al\u0131\u015fmalar\u0131n mutluluk verici oldu\u011funu kaydeden Ba\u015fkan Bahar, \u201cAntalya\u2019m\u0131zda konut alan yabanc\u0131lar, sat\u0131n ald\u0131klar\u0131 konutlar\u0131 turizm sezonunda kendi vatanda\u015flar\u0131na kiraya vermeye ba\u015flamas\u0131n\u0131n ard\u0131ndan T\u00fcrk vatanda\u015flar\u0131n\u0131n da kiral\u0131k tatil evleri sistemine y\u00f6nelmeleri, konaklama sekt\u00f6r\u00fcnde kay\u0131t d\u0131\u015f\u0131 ekonominin olu\u015fmas\u0131na neden oldu. Say\u0131n K\u00fclt\u00fcr ve Turizm Bakan\u0131m\u0131z Mehmet Nuri Ersoy\u2019a konuyu bizzat iletmi\u015ftik. Kendisinden de bir d\u00fczenleme olaca\u011f\u0131n\u0131n sinyallerini alm\u0131\u015ft\u0131k. TBMM\u2019ye sunulan kanun teklifinin genel kurulda kabul edilmesini bekliyoruz\u201d diye konu\u015ftu.<\/p>\n\n\n\n<p>G\u00dcN\u00dcB\u0130RL\u0130K K\u0130RALIK EVLER\u0130N DENET\u0130M\u0130N\u0130 \u00d6NEMS\u0130YORUZ<\/p>\n\n\n\n<p>Antalya\u2019da turizm imaj\u0131na zarar veren g\u00fcn\u00fcbirlik kiral\u0131k evlerin denetimlerini \u00f6nemsediklerini belirterek konu\u015fmas\u0131n\u0131 s\u00fcrd\u00fcren Ba\u015fkan Bahar, \u201cG\u00fcvenlik, vergi kayb\u0131 ve turizm imaj\u0131na zarar veren evler i\u00e7in \u00e7ok say\u0131da \u015fik\u00e2yet al\u0131yoruz. Bu durum en ba\u015fta turizm sekt\u00f6r\u00fcn\u00fc yaral\u0131yor. G\u00fcnl\u00fck ev kiralanmas\u0131yla ilgili ciddi s\u0131k\u0131nt\u0131lar var. Mutluyuz ki \u00e7\u00f6z\u00fcm i\u00e7in birtak\u0131m konular netle\u015fmeye ba\u015flad\u0131\u201d dedi.&nbsp; Kom\u015fu izin sistemi ve ihbar hatt\u0131 \u00f6nerileri oldu\u011funu hat\u0131rlatan Ba\u015fkan Bahar a\u00e7\u0131klamas\u0131n\u0131 \u015f\u00f6yle s\u00fcrd\u00fcrd\u00fc; \u201c\u0130\u015f d\u00fcnyas\u0131 olarak vergisiz \u00e7al\u0131\u015fmay\u0131 \u00f6nlemeye \u00e7al\u0131\u015f\u0131rken bu i\u015f katlanarak artt\u0131. Yabanc\u0131 g\u00f6\u00e7\u00fcn\u00fcn etkisi \u00e7ok b\u00fcy\u00fck. Ka\u00e7ak ve merdiven alt\u0131 \u00e7al\u0131\u015fan say\u0131s\u0131 artt\u0131 ve biz i\u015f d\u00fcnyas\u0131 olarak bu geli\u015fmelerden \u00e7ok rahats\u0131z\u0131z. Elbette denetim yap\u0131l\u0131yor. Antalya Valili\u011fi, Emniyet M\u00fcd\u00fcrl\u00fc\u011f\u00fc elinden geleni yap\u0131yor. Ancak mevcut sorunun \u00e7\u00f6z\u00fcm\u00fc i\u00e7in yeterli de\u011fil. \u0130\u015fte bu nedenle yeni bir denetim sistemi \u00f6nerimiz oldu. Bunu da ilgili t\u00fcm makamlarla payla\u015ft\u0131k ve payla\u015fmaya da devam edece\u011fiz. Kanun teklifi niteli\u011finde olan d\u00fczenleme turizm sekt\u00f6r\u00fcm\u00fcz a\u00e7\u0131s\u0131ndan olumlu kar\u015f\u0131lansa da daha koruyucu, daha kapsaml\u0131, daha s\u0131k\u0131 tedbirlerin uyguland\u0131\u011f\u0131 bir \u00e7al\u0131\u015fman\u0131n genel kuruldan kabul\u00fcn\u00fc bekliyoruz\u201d diye konu\u015ftu.<\/p>\n\n\n\n<p>Antalya Ticaret ve Sanayi Odas\u0131 \/ B\u00fclten<\/p>\n","protected":false},"excerpt":{"rendered":"<p>G\u00fcn\u00fcbirlik kiral\u0131k evlere ili\u015fkin kay\u0131t d\u0131\u015f\u0131 sorununu her platformda dile getirdiklerini kaydeden Ba\u015fkan Ali Bahar, \u201cYasa tasar\u0131s\u0131nda k\u0131sa d\u00f6nem kiralamalara 100 g\u00fcn s\u0131n\u0131r\u0131 getirilirken, belge <a href=\"https:\/\/akdenizhaber.com.tr\/index.php\/2023\/10\/20\/baskan-ali-bahar-kanun-teklifinin-genel-kuruldan-kabulunu-bekliyoruz\/\" class=\"read-more-link\">[more&#8230;]<\/a><\/p>\n","protected":false},"author":2,"featured_media":16872,"comment_status":"open","ping_status":"open","sticky":false,"template":"","format":"standard","meta":{"footnotes":""},"categories":[2],"tags":[],"class_list":["post-16871","post","type-post","status-publish","format-standard","has-post-thumbnail","hentry","category-gundem"],"_links":{"self":[{"href":"https:\/\/akdenizhaber.com.tr\/index.php\/wp-json\/wp\/v2\/posts\/16871","targetHints":{"allow":["GET"]}}],"collection":[{"href":"https:\/\/akdenizhaber.com.tr\/index.php\/wp-json\/wp\/v2\/posts"}],"about":[{"href":"https:\/\/akdenizhaber.com.tr\/index.php\/wp-json\/wp\/v2\/types\/post"}],"author":[{"embeddable":true,"href":"https:\/\/akdenizhaber.com.tr\/index.php\/wp-json\/wp\/v2\/users\/2"}],"replies":[{"embeddable":true,"href":"https:\/\/akdenizhaber.com.tr\/index.php\/wp-json\/wp\/v2\/comments?post=16871"}],"version-history":[{"count":0,"href":"https:\/\/akdenizhaber.com.tr\/index.php\/wp-json\/wp\/v2\/posts\/16871\/revisions"}],"wp:featuredmedia":[{"embeddable":true,"href":"https:\/\/akdenizhaber.com.tr\/index.php\/wp-json\/wp\/v2\/media\/16872"}],"wp:attachment":[{"href":"https:\/\/akdenizhaber.com.tr\/index.php\/wp-json\/wp\/v2\/media?parent=16871"}],"wp:term":[{"taxonomy":"category","embeddable":true,"href":"https:\/\/akdenizhaber.com.tr\/index.php\/wp-json\/wp\/v2\/categories?post=16871"},{"taxonomy":"post_tag","embeddable":true,"href":"https:\/\/akdenizhaber.com.tr\/index.php\/wp-json\/wp\/v2\/tags?post=16871"}],"curies":[{"name":"wp","href":"https:\/\/api.w.org\/{rel}","templated":true}]}}