{"id":16865,"date":"2023-10-19T11:59:23","date_gmt":"2023-10-19T08:59:23","guid":{"rendered":"https:\/\/akdenizhaber.com.tr\/?p=16865"},"modified":"2023-10-19T11:59:23","modified_gmt":"2023-10-19T08:59:23","slug":"ak-parti-belediye-baskan-aday-adayi-turgay-akar-israil-resmen-insanlik-sucu-islemektedir","status":"publish","type":"post","link":"https:\/\/akdenizhaber.com.tr\/index.php\/2023\/10\/19\/ak-parti-belediye-baskan-aday-adayi-turgay-akar-israil-resmen-insanlik-sucu-islemektedir\/","title":{"rendered":"AK Parti Belediye Ba\u015fkan Aday Aday\u0131 Turgay Akar; \u201c\u0130srail resmen insanl\u0131k su\u00e7u i\u015flemektedir\u201d"},"content":{"rendered":"\n<p><\/p>\n\n\n\n<p>Manavgat siyasetinin ve sivil toplum hareketinin tan\u0131nan ve sevilen ismi ,31 Mart 2024 g\u00fcn\u00fc yap\u0131lacak olan yerel se\u00e7imlerde Ak Partiden Manavgat Belediye Ba\u015fkan aday aday\u0131 olan Turgay Akar \u0130srail\u2019in sava\u015f su\u00e7u i\u015fledi\u011fini ifade ederek,sava\u015f hukukuna ayk\u0131r\u0131 davran\u0131\u015flar\u0131n\u0131 k\u0131nad\u0131.<\/p>\n\n\n\n<p>Gazze&#8217;ye y\u00f6nelik 7 Ekim&#8217;de ba\u015flatm\u0131\u015f oldu\u011fu sald\u0131r\u0131lar\u0131n kabul edilemez oldu\u011funa dikkat \u00e7eken Turgay Akar \u015f\u00f6yle konu\u015ftu;<\/p>\n\n\n\n<p>&#8220;Y\u00fczy\u0131llard\u0131r M\u00fcsl\u00fcmanlar\u0131n en de\u011ferli kutsal mabetlerine ev sahipli\u011fi yapan Filistin topraklar\u0131, \u0130srail taraf\u0131ndan havadan, karadan ve denizden ku\u015fatma alt\u0131ndad\u0131r. Hi\u00e7bir sava\u015f hukukunda yeri olmayan, bizzat sivillere y\u00f6nelik olarak yap\u0131lan bu vah\u015fette \u00e7oluk \u00e7ocuk, gen\u00e7 ya\u015fl\u0131, kad\u0131n erkek demeden insanlar katledilmekte, f\u00fctursuzca yap\u0131lan bombard\u0131manlarda hastanelerden \u00fcniversitelere var\u0131ncaya kadar bir\u00e7ok kamu ve \u00f6zel mekanlar yok edilmektedir. Manavgat olarak, t\u00fcm \u00fclke olarak \u0130srail&#8217;in bu ac\u0131mas\u0131z insanl\u0131k d\u0131\u015f\u0131 uygulamalar\u0131n\u0131 en a\u011f\u0131r \u015fekilde \u015fiddetle k\u0131n\u0131yorum. \u0130srail&#8217;in, hasta ve yaral\u0131lar\u0131n bulundu\u011fu Gazze&#8217;deki hastaneye yapt\u0131\u011f\u0131 bombard\u0131man kabul edilemez \u00f6l\u00e7\u00fcde canicedir. Hem T\u00fcrk d\u00fcnyas\u0131 hem M\u00fcsl\u00fcman d\u00fcnyas\u0131 hem de b\u00fct\u00fcn insanl\u0131k buna sessiz kalmayacakt\u0131r. Filistin&#8217;de, Gazze&#8217;de katil \u0130srail&#8217;in sald\u0131r\u0131lar\u0131nda \u015fehadete eren t\u00fcm karde\u015flerimize Y\u00fcce Allah&#8217;tan rahmet; yaral\u0131lara acil \u015fifalar diliyorum. Kud\u00fcs, M\u00fcsl\u00fcmanlar\u0131nd\u0131r ve \u00f6yle kalacakt\u0131r.&#8221;<\/p>\n\n\n\n<p>Haber Merkezi<\/p>\n","protected":false},"excerpt":{"rendered":"<p>Manavgat siyasetinin ve sivil toplum hareketinin tan\u0131nan ve sevilen ismi ,31 Mart 2024 g\u00fcn\u00fc yap\u0131lacak olan yerel se\u00e7imlerde Ak Partiden Manavgat Belediye Ba\u015fkan aday aday\u0131 <a href=\"https:\/\/akdenizhaber.com.tr\/index.php\/2023\/10\/19\/ak-parti-belediye-baskan-aday-adayi-turgay-akar-israil-resmen-insanlik-sucu-islemektedir\/\" class=\"read-more-link\">[more&#8230;]<\/a><\/p>\n","protected":false},"author":2,"featured_media":16866,"comment_status":"open","ping_status":"open","sticky":false,"template":"","format":"standard","meta":{"footnotes":""},"categories":[2],"tags":[],"class_list":["post-16865","post","type-post","status-publish","format-standard","has-post-thumbnail","hentry","category-gundem"],"_links":{"self":[{"href":"https:\/\/akdenizhaber.com.tr\/index.php\/wp-json\/wp\/v2\/posts\/16865","targetHints":{"allow":["GET"]}}],"collection":[{"href":"https:\/\/akdenizhaber.com.tr\/index.php\/wp-json\/wp\/v2\/posts"}],"about":[{"href":"https:\/\/akdenizhaber.com.tr\/index.php\/wp-json\/wp\/v2\/types\/post"}],"author":[{"embeddable":true,"href":"https:\/\/akdenizhaber.com.tr\/index.php\/wp-json\/wp\/v2\/users\/2"}],"replies":[{"embeddable":true,"href":"https:\/\/akdenizhaber.com.tr\/index.php\/wp-json\/wp\/v2\/comments?post=16865"}],"version-history":[{"count":0,"href":"https:\/\/akdenizhaber.com.tr\/index.php\/wp-json\/wp\/v2\/posts\/16865\/revisions"}],"wp:featuredmedia":[{"embeddable":true,"href":"https:\/\/akdenizhaber.com.tr\/index.php\/wp-json\/wp\/v2\/media\/16866"}],"wp:attachment":[{"href":"https:\/\/akdenizhaber.com.tr\/index.php\/wp-json\/wp\/v2\/media?parent=16865"}],"wp:term":[{"taxonomy":"category","embeddable":true,"href":"https:\/\/akdenizhaber.com.tr\/index.php\/wp-json\/wp\/v2\/categories?post=16865"},{"taxonomy":"post_tag","embeddable":true,"href":"https:\/\/akdenizhaber.com.tr\/index.php\/wp-json\/wp\/v2\/tags?post=16865"}],"curies":[{"name":"wp","href":"https:\/\/api.w.org\/{rel}","templated":true}]}}