{"id":16862,"date":"2023-10-19T11:58:19","date_gmt":"2023-10-19T08:58:19","guid":{"rendered":"https:\/\/akdenizhaber.com.tr\/?p=16862"},"modified":"2023-10-19T11:58:20","modified_gmt":"2023-10-19T08:58:20","slug":"muhtarlar-gunu-kutlandi","status":"publish","type":"post","link":"https:\/\/akdenizhaber.com.tr\/index.php\/2023\/10\/19\/muhtarlar-gunu-kutlandi\/","title":{"rendered":"Muhtarlar G\u00fcn\u00fc Kutland\u0131"},"content":{"rendered":"\n<p><\/p>\n\n\n\n<p><\/p>\n\n\n\n<p>Muhtarlar G\u00fcn\u00fc etkinlikleri kapsam\u0131nda Manavgat Cumhuriyet Meydan\u0131&#8217;nda yap\u0131lan t\u00f6rende&nbsp;<a href=\"https:\/\/www.hurriyet.com.tr\/galeri-mustafa-kemal-ataturk-ataturkun-hayati-ilkeleri-inkilaplari-sozleri-siirleri-ve-fotograflari-resimleri-41625504\" target=\"_blank\" rel=\"noreferrer noopener\">Atat\u00fcrk<\/a>&nbsp;An\u0131t\u0131&#8217;na \u00e7elenk konuldu. T\u00f6rene Manavgat Kaymakam\u0131 Adil Karata\u015f, Manavgat Belediye Ba\u015fkan\u0131 \u015e\u00fckr\u00fc S\u00f6zen, kamu kurum ve kurulu\u015flar\u0131n\u0131n amir ve m\u00fcd\u00fcrleri, siyasi parti temsilcileri, sivil toplum kurulu\u015flar\u0131n\u0131n temsilcileri, muhtarlar ve vatanda\u015flar kat\u0131ld\u0131.<\/p>\n\n\n\n<p>T\u00f6rende konu\u015fan Manavgat Milli Egemenlik Mahallesi Muhtar\u0131 \u015eaban Ayd\u0131n \u015eirin, Manavgat&#8217;ta T\u00fcrkiye&#8217;deki bir\u00e7ok il\u00e7eden kalabal\u0131k n\u00fcfusa sahip muhtarl\u0131klar\u0131n oldu\u011funu ifade etti. Se\u00e7ilmi\u015f muhtarlar\u0131n vatanda\u015fla devlet aras\u0131nda ilk temas noktas\u0131 oldu\u011funu dile getiren \u015eirin, &#8220;Muhtarlar\u0131n sorumlu olduklar\u0131 mahallelerde hem genel hem de yerel idareler taraf\u0131ndan sorunlar\u0131n tespit edilmesinde ve \u00e7\u00f6z\u00fclmesinde \u00f6nc\u00fc bir rol oynad\u0131klar\u0131 ortadad\u0131r. Muhtarlar, halk\u0131n sa\u011fl\u0131\u011f\u0131 ve g\u00fcvenli\u011fi noktas\u0131nda fedakarca \u00e7al\u0131\u015fm\u0131\u015ft\u0131r&#8221; dedi.<\/p>\n\n\n\n<p>Program sonras\u0131nda t\u00f6ren alan\u0131ndaki muhtarlarla sohbet eden Manavgat Kaymakam\u0131 Karata\u015f, Demir, muhtarlara \u00e7al\u0131\u015fmalar\u0131nda ba\u015far\u0131lar dileyerek, kaymakaml\u0131k olarak her zaman yanlar\u0131nda olduklar\u0131n\u0131 s\u00f6yledi.<\/p>\n\n\n\n<p>(Haber Merkezi)<\/p>\n","protected":false},"excerpt":{"rendered":"<p>Muhtarlar G\u00fcn\u00fc etkinlikleri kapsam\u0131nda Manavgat Cumhuriyet Meydan\u0131&#8217;nda yap\u0131lan t\u00f6rende&nbsp;Atat\u00fcrk&nbsp;An\u0131t\u0131&#8217;na \u00e7elenk konuldu. T\u00f6rene Manavgat Kaymakam\u0131 Adil Karata\u015f, Manavgat Belediye Ba\u015fkan\u0131 \u015e\u00fckr\u00fc S\u00f6zen, kamu kurum ve kurulu\u015flar\u0131n\u0131n <a href=\"https:\/\/akdenizhaber.com.tr\/index.php\/2023\/10\/19\/muhtarlar-gunu-kutlandi\/\" class=\"read-more-link\">[more&#8230;]<\/a><\/p>\n","protected":false},"author":2,"featured_media":16863,"comment_status":"open","ping_status":"open","sticky":false,"template":"","format":"standard","meta":{"footnotes":""},"categories":[2],"tags":[],"class_list":["post-16862","post","type-post","status-publish","format-standard","has-post-thumbnail","hentry","category-gundem"],"_links":{"self":[{"href":"https:\/\/akdenizhaber.com.tr\/index.php\/wp-json\/wp\/v2\/posts\/16862","targetHints":{"allow":["GET"]}}],"collection":[{"href":"https:\/\/akdenizhaber.com.tr\/index.php\/wp-json\/wp\/v2\/posts"}],"about":[{"href":"https:\/\/akdenizhaber.com.tr\/index.php\/wp-json\/wp\/v2\/types\/post"}],"author":[{"embeddable":true,"href":"https:\/\/akdenizhaber.com.tr\/index.php\/wp-json\/wp\/v2\/users\/2"}],"replies":[{"embeddable":true,"href":"https:\/\/akdenizhaber.com.tr\/index.php\/wp-json\/wp\/v2\/comments?post=16862"}],"version-history":[{"count":0,"href":"https:\/\/akdenizhaber.com.tr\/index.php\/wp-json\/wp\/v2\/posts\/16862\/revisions"}],"wp:featuredmedia":[{"embeddable":true,"href":"https:\/\/akdenizhaber.com.tr\/index.php\/wp-json\/wp\/v2\/media\/16863"}],"wp:attachment":[{"href":"https:\/\/akdenizhaber.com.tr\/index.php\/wp-json\/wp\/v2\/media?parent=16862"}],"wp:term":[{"taxonomy":"category","embeddable":true,"href":"https:\/\/akdenizhaber.com.tr\/index.php\/wp-json\/wp\/v2\/categories?post=16862"},{"taxonomy":"post_tag","embeddable":true,"href":"https:\/\/akdenizhaber.com.tr\/index.php\/wp-json\/wp\/v2\/tags?post=16862"}],"curies":[{"name":"wp","href":"https:\/\/api.w.org\/{rel}","templated":true}]}}