{"id":16855,"date":"2023-10-19T11:58:00","date_gmt":"2023-10-19T08:58:00","guid":{"rendered":"https:\/\/akdenizhaber.com.tr\/?p=16855"},"modified":"2023-10-19T11:59:53","modified_gmt":"2023-10-19T08:59:53","slug":"masiad-baskani-mucahit-tatar-hicbir-gerekce-bu-vahseti-hakli-kilamaz","status":"publish","type":"post","link":"https:\/\/akdenizhaber.com.tr\/index.php\/2023\/10\/19\/masiad-baskani-mucahit-tatar-hicbir-gerekce-bu-vahseti-hakli-kilamaz\/","title":{"rendered":"MAS\u0130AD Ba\u015fkan\u0131 M\u00fccahit Tatar; \u201cHi\u00e7bir gerek\u00e7e bu vah\u015feti hakl\u0131 k\u0131lamaz\u201d"},"content":{"rendered":"\n<p><\/p>\n\n\n\n<p>Gazze&#8217;deki Al Ahli Arab Hastanesi&#8217;ne yap\u0131lan hava sald\u0131r\u0131s\u0131, d\u00fcnya \u00e7ap\u0131nda yank\u0131 bulmaya devam ederken, Manavgat Sanayici ve \u0130\u015f \u0130nsanlar\u0131 Derne\u011fi MAS\u0130AD Ba\u015fkan\u0131 M\u00fccahit Tatar,&nbsp;\u0130srail&#8217;in bu eylemini &#8220;devlet ter\u00f6r\u00fc&#8221; olarak nitelendirdi ve sald\u0131r\u0131y\u0131 en sert bi\u00e7imde k\u0131nad\u0131.<br>Ba\u015fkan M\u00fccahit Tatar,&#8221;Gazze&#8217;de bir hastaneyi bombalayarak 500 masum insan\u0131n hayat\u0131n\u0131 kaybetmesine neden olan \u0130srail, insanl\u0131k su\u00e7u i\u015flemektedir. Bunun ad\u0131 sava\u015f su\u00e7udur, katliamd\u0131r, a\u00e7\u0131k ve net bir devlet ter\u00f6r\u00fcd\u00fcr. Bu vah\u015fet, uluslararas\u0131 hukuka ve insanl\u0131\u011fa yap\u0131lm\u0131\u015f bir sald\u0131r\u0131d\u0131r\u201d dedi.<\/p>\n\n\n\n<p>Masiad Ba\u015fkan\u0131 M\u00fccahit Tatar,\u201dGazze\u2019ye D\u00fczenlenen Bombal\u0131 Sald\u0131r\u0131y\u0131 \u015eiddetle K\u0131n\u0131yoruz.<\/p>\n\n\n\n<p>Devam\u0131nda iki hastanenin bombalanmas\u0131 neticesinde y\u00fczlerce sivilin hayat\u0131n\u0131 kaybetmesinin derin \u00fcz\u00fcnt\u00fcs\u00fc i\u00e7indeyiz.<\/p>\n\n\n\n<p>Sivillerle dolu hastanelerin bombalanmas\u0131, masum insanlar\u0131n, \u00e7ocuklar\u0131n katliam\u0131 kabul edilemez. Hi\u00e7bir gerek\u00e7e bu vah\u015feti hakl\u0131 k\u0131lamaz.<\/p>\n\n\n\n<p>T\u00fcm insanl\u0131\u011f\u0131 b\u00f6lgede ya\u015fanan ac\u0131ya son vermek i\u00e7in harekete ge\u00e7meye \u00e7a\u011f\u0131r\u0131yoruz.<\/p>\n\n\n\n<p>B\u00f6lgede bar\u0131\u015f\u0131n ve huzurun bir an \u00f6nce sa\u011flanmas\u0131n\u0131 temenni eder, sald\u0131r\u0131da hayat\u0131n\u0131 kaybedenlere Allah\u2019tan rahmet, yaral\u0131lara acil \u015fifalar dileriz\u201d dedi.<\/p>\n\n\n\n<p>(Haber Merkezi)<\/p>\n","protected":false},"excerpt":{"rendered":"<p>Gazze&#8217;deki Al Ahli Arab Hastanesi&#8217;ne yap\u0131lan hava sald\u0131r\u0131s\u0131, d\u00fcnya \u00e7ap\u0131nda yank\u0131 bulmaya devam ederken, Manavgat Sanayici ve \u0130\u015f \u0130nsanlar\u0131 Derne\u011fi MAS\u0130AD Ba\u015fkan\u0131 M\u00fccahit Tatar,&nbsp;\u0130srail&#8217;in bu <a href=\"https:\/\/akdenizhaber.com.tr\/index.php\/2023\/10\/19\/masiad-baskani-mucahit-tatar-hicbir-gerekce-bu-vahseti-hakli-kilamaz\/\" class=\"read-more-link\">[more&#8230;]<\/a><\/p>\n","protected":false},"author":2,"featured_media":16858,"comment_status":"open","ping_status":"open","sticky":false,"template":"","format":"standard","meta":{"footnotes":""},"categories":[2],"tags":[],"class_list":["post-16855","post","type-post","status-publish","format-standard","has-post-thumbnail","hentry","category-gundem"],"_links":{"self":[{"href":"https:\/\/akdenizhaber.com.tr\/index.php\/wp-json\/wp\/v2\/posts\/16855","targetHints":{"allow":["GET"]}}],"collection":[{"href":"https:\/\/akdenizhaber.com.tr\/index.php\/wp-json\/wp\/v2\/posts"}],"about":[{"href":"https:\/\/akdenizhaber.com.tr\/index.php\/wp-json\/wp\/v2\/types\/post"}],"author":[{"embeddable":true,"href":"https:\/\/akdenizhaber.com.tr\/index.php\/wp-json\/wp\/v2\/users\/2"}],"replies":[{"embeddable":true,"href":"https:\/\/akdenizhaber.com.tr\/index.php\/wp-json\/wp\/v2\/comments?post=16855"}],"version-history":[{"count":0,"href":"https:\/\/akdenizhaber.com.tr\/index.php\/wp-json\/wp\/v2\/posts\/16855\/revisions"}],"wp:featuredmedia":[{"embeddable":true,"href":"https:\/\/akdenizhaber.com.tr\/index.php\/wp-json\/wp\/v2\/media\/16858"}],"wp:attachment":[{"href":"https:\/\/akdenizhaber.com.tr\/index.php\/wp-json\/wp\/v2\/media?parent=16855"}],"wp:term":[{"taxonomy":"category","embeddable":true,"href":"https:\/\/akdenizhaber.com.tr\/index.php\/wp-json\/wp\/v2\/categories?post=16855"},{"taxonomy":"post_tag","embeddable":true,"href":"https:\/\/akdenizhaber.com.tr\/index.php\/wp-json\/wp\/v2\/tags?post=16855"}],"curies":[{"name":"wp","href":"https:\/\/api.w.org\/{rel}","templated":true}]}}