{"id":16849,"date":"2023-10-19T10:48:35","date_gmt":"2023-10-19T07:48:35","guid":{"rendered":"https:\/\/akdenizhaber.com.tr\/?p=16849"},"modified":"2023-10-19T10:48:35","modified_gmt":"2023-10-19T07:48:35","slug":"gazzedeki-saldiriyi-siddetle-kiniyorum","status":"publish","type":"post","link":"https:\/\/akdenizhaber.com.tr\/index.php\/2023\/10\/19\/gazzedeki-saldiriyi-siddetle-kiniyorum\/","title":{"rendered":"\u201cGazze\u2019deki sald\u0131r\u0131y\u0131 \u015fiddetle k\u0131n\u0131yorum\u201d"},"content":{"rendered":"\n<p><\/p>\n\n\n\n<p>Antalya B\u00fcy\u00fck\u015fehir Belediye Ba\u015fkan\u0131 Muhittin B\u00f6cek, Likya \u015eehirleraras\u0131 Gen\u00e7lik De\u011fi\u015fimi Program\u0131\u2019na kat\u0131lan gen\u00e7lerle birlikte Cumhuriyetin 100&#8217;\u00fcnc\u00fc y\u0131l\u0131 nedeniyle bar\u0131\u015f ve karde\u015flik i\u00e7in zeytin a\u011fac\u0131 dikti. Ba\u015fkan B\u00f6cek, Gazze\u2019deki hastane sald\u0131r\u0131s\u0131n\u0131 \u015fiddetle k\u0131nad\u0131\u011f\u0131n\u0131 belirtti.<\/p>\n\n\n\n<p>B\u00fcy\u00fck\u015fehir Belediyesi Gen\u00e7lik ve Spor Hizmetleri Dairesi Ba\u015fkanl\u0131\u011f\u0131 taraf\u0131ndan ilk kez organize edilen Likya \u015eehirleraras\u0131 Gen\u00e7lik De\u011fi\u015fimi Program\u0131 kapsam\u0131nda Eski\u015fehir, \u0130zmir ve Mu\u011fla\u2019dan gelen kat\u0131l\u0131mc\u0131 gen\u00e7ler &nbsp;\u2018Cumhuriyet Bulu\u015fmas\u0131\u2019 ad\u0131yla Gen\u00e7lik Kamp\u0131 ve E\u011fitim Merkezi&#8217;nde bir araya geldi.<\/p>\n\n\n\n<p>\u00d6M\u00dcR BOYU CUMHUR\u0130YETE SAH\u0130P \u00c7IKACA\u011eIZ<\/p>\n\n\n\n<p>Proje etkinlikleri kapsam\u0131nda Antalya B\u00fcy\u00fck\u015fehir Belediye Ba\u015fkan\u0131 Muhittin B\u00f6cek ve kat\u0131l\u0131mc\u0131 gen\u00e7ler, Cumhuriyetin 100&#8217;\u00fcnc\u00fc y\u0131l\u0131 nedeniyle bar\u0131\u015f, karde\u015flik ve sonsuz sa\u011fl\u0131\u011f\u0131n simgesi olan zeytin a\u011fac\u0131 dikti. B\u00fcy\u00fck\u015fehir Belediyesi Hizmet Binas\u0131 bah\u00e7esinde ger\u00e7ekle\u015fen etkinlikte Ba\u015fkan B\u00f6cek, \u201cEski\u015fehir, \u0130zmir ve Mu\u011fla\u2019dan gen\u00e7lerimizi a\u011f\u0131rlamaktan \u00e7ok mutluyuz. Antalya\u2019m\u0131za ho\u015f geldiniz. Gazi Mustafa Kemal Atat\u00fcrk \u2018Y\u00fckselen yeni nesil, istikbal sizsiniz. Cumhuriyeti biz kurduk, onu y\u00fckseltecek ve ya\u015fatacak olan sizlersiniz\u2019 diyerek Cumhuriyetimizi gen\u00e7lere emanet etmi\u015ftir. Cumhuriyetimizin ikinci y\u00fczy\u0131l\u0131nda da Atam\u0131z\u0131n devrimlerine inanarak ayn\u0131 azim ve kararl\u0131l\u0131kla \u00e7al\u0131\u015faca\u011f\u0131z.&nbsp; \u00d6m\u00fcr boyu Cumhuriyetimize ve dostlu\u011fumuza karde\u015fli\u011fimize sahip \u00e7\u0131kacak, Atam\u0131z\u0131n yolunda y\u00fcr\u00fcmeye devam edece\u011fiz\u201d diye konu\u015ftu.<\/p>\n\n\n\n<p>SALDIRIYI KINIYORUM<\/p>\n\n\n\n<p>Gazze\u2019deki hastane sald\u0131r\u0131s\u0131n\u0131 da \u015fiddetle k\u0131nad\u0131\u011f\u0131n\u0131 belirten B\u00fcy\u00fck\u015fehir Belediye Ba\u015fkan\u0131 Muhittin B\u00f6cek, \u201cD\u00fcn ak\u015fam hastaneye yap\u0131lan sald\u0131r\u0131da \u00e7ocuklar, kad\u0131nlar, gen\u00e7ler, masum insanlar hayat\u0131n\u0131 kaybetti. Bu vah\u015fete dur demek laz\u0131m. T\u00fcm d\u00fcnyan\u0131n bu sava\u015fa kar\u015f\u0131 birlik olmas\u0131 laz\u0131m. Bu vah\u015feti siz gen\u00e7lerle beraber k\u0131n\u0131yoruz. Bug\u00fcn bu zeytin a\u011fac\u0131n\u0131 bar\u0131\u015f, dostluk ve karde\u015flik ad\u0131na dikiyoruz\u201d dedi. Ba\u015fkan B\u00f6cek a\u011fa\u00e7 dikiminin ard\u0131ndan konuk gen\u00e7lere lavanta fidesi hediye etti.<\/p>\n\n\n\n<p>Antalya B\u00fcy\u00fck\u015fehir Belediyesi \/ B\u00fclten<\/p>\n","protected":false},"excerpt":{"rendered":"<p>Antalya B\u00fcy\u00fck\u015fehir Belediye Ba\u015fkan\u0131 Muhittin B\u00f6cek, Likya \u015eehirleraras\u0131 Gen\u00e7lik De\u011fi\u015fimi Program\u0131\u2019na kat\u0131lan gen\u00e7lerle birlikte Cumhuriyetin 100&#8217;\u00fcnc\u00fc y\u0131l\u0131 nedeniyle bar\u0131\u015f ve karde\u015flik i\u00e7in zeytin a\u011fac\u0131 dikti. <a href=\"https:\/\/akdenizhaber.com.tr\/index.php\/2023\/10\/19\/gazzedeki-saldiriyi-siddetle-kiniyorum\/\" class=\"read-more-link\">[more&#8230;]<\/a><\/p>\n","protected":false},"author":2,"featured_media":16850,"comment_status":"open","ping_status":"open","sticky":false,"template":"","format":"standard","meta":{"footnotes":""},"categories":[2],"tags":[],"class_list":["post-16849","post","type-post","status-publish","format-standard","has-post-thumbnail","hentry","category-gundem"],"_links":{"self":[{"href":"https:\/\/akdenizhaber.com.tr\/index.php\/wp-json\/wp\/v2\/posts\/16849","targetHints":{"allow":["GET"]}}],"collection":[{"href":"https:\/\/akdenizhaber.com.tr\/index.php\/wp-json\/wp\/v2\/posts"}],"about":[{"href":"https:\/\/akdenizhaber.com.tr\/index.php\/wp-json\/wp\/v2\/types\/post"}],"author":[{"embeddable":true,"href":"https:\/\/akdenizhaber.com.tr\/index.php\/wp-json\/wp\/v2\/users\/2"}],"replies":[{"embeddable":true,"href":"https:\/\/akdenizhaber.com.tr\/index.php\/wp-json\/wp\/v2\/comments?post=16849"}],"version-history":[{"count":0,"href":"https:\/\/akdenizhaber.com.tr\/index.php\/wp-json\/wp\/v2\/posts\/16849\/revisions"}],"wp:featuredmedia":[{"embeddable":true,"href":"https:\/\/akdenizhaber.com.tr\/index.php\/wp-json\/wp\/v2\/media\/16850"}],"wp:attachment":[{"href":"https:\/\/akdenizhaber.com.tr\/index.php\/wp-json\/wp\/v2\/media?parent=16849"}],"wp:term":[{"taxonomy":"category","embeddable":true,"href":"https:\/\/akdenizhaber.com.tr\/index.php\/wp-json\/wp\/v2\/categories?post=16849"},{"taxonomy":"post_tag","embeddable":true,"href":"https:\/\/akdenizhaber.com.tr\/index.php\/wp-json\/wp\/v2\/tags?post=16849"}],"curies":[{"name":"wp","href":"https:\/\/api.w.org\/{rel}","templated":true}]}}