{"id":16820,"date":"2023-10-18T11:49:27","date_gmt":"2023-10-18T08:49:27","guid":{"rendered":"https:\/\/akdenizhaber.com.tr\/?p=16820"},"modified":"2023-10-18T11:49:28","modified_gmt":"2023-10-18T08:49:28","slug":"baskan-uysal-sehrimize-sahip-cikacagiz","status":"publish","type":"post","link":"https:\/\/akdenizhaber.com.tr\/index.php\/2023\/10\/18\/baskan-uysal-sehrimize-sahip-cikacagiz\/","title":{"rendered":"Ba\u015fkan Uysal, \u2018\u015eehrimize sahip \u00e7\u0131kaca\u011f\u0131z\u2019"},"content":{"rendered":"\n<p><\/p>\n\n\n\n<p>Muratpa\u015fa Belediye Ba\u015fkan\u0131 \u00dcmit Uysal, Antalya\u2019da partisinin yeni se\u00e7ilen \u0130l Ba\u015fkan\u0131 Nail Kamac\u0131 ve y\u00f6netimi kurulu ziyaretinde \u201c\u00d6n\u00fcm\u00fczde bir yerel se\u00e7im s\u00fcreci var. Hep birlikte, b\u00fct\u00fcnl\u00fck i\u00e7inde, kol kola demokratik s\u00fcrecin b\u00fct\u00fcn olanaklar\u0131n\u0131 kullanarak \u015fehirlerimize sahip \u00e7\u0131kaca\u011f\u0131z\u201d diye konu\u015ftu.<\/p>\n\n\n\n<p>Ba\u015fkan Uysal, partisinin Antalya\u2019da kongre s\u00fcre\u00e7lerini tamamlamas\u0131n\u0131n ard\u0131ndan yeni se\u00e7ilen \u00f6rg\u00fct y\u00f6netimlerini ziyaret etti. Ba\u015fkan Uysal, ziyaretlerine il ba\u015fkanl\u0131\u011f\u0131ndan ba\u015flad\u0131. CHP Antalya \u0130l Ba\u015fkan\u0131 Nail Kamac\u0131 ve y\u00f6netim kuruluna ba\u015far\u0131 dileklerini ileten Uysal, \u201c\u00d6n\u00fcm\u00fczde bir yerel se\u00e7im s\u00fcreci var. Hep birlikte, b\u00fct\u00fcnl\u00fck i\u00e7inde, kol kola demokratik s\u00fcrecin b\u00fct\u00fcn olanaklar\u0131n\u0131 kullanarak \u015fehirlerimize sahip \u00e7\u0131kaca\u011f\u0131z\u201d dedi.<br><br>Partisinin sahip oldu\u011fu demokratik gelenek ve uzla\u015f\u0131 k\u00fclt\u00fcr\u00fcn\u00fcn T\u00fcrkiye\u2019ye \u00f6rnek nitelikte oldu\u011funu dile getiren Ba\u015fkan Uysal, \u201cBunun en g\u00fczel \u00f6rne\u011fini de ge\u00e7ti\u011fimiz Antalya \u0130l Kongresi\u2019nde hep birlikte g\u00f6rd\u00fck, g\u00f6sterdik, sergiledik. Katk\u0131 koyan herkese bir partili olarak te\u015fekk\u00fcr ediyorum. Yar\u0131\u015fan b\u00fct\u00fcn arkada\u015flara da bir partili olarak te\u015fekk\u00fcr ediyorum\u201d \u015feklinde konu\u015ftu.<br><br>\u0130l Ba\u015fkan\u0131 Kamac\u0131 ise se\u00e7imlerinde g\u00fczel bir karde\u015flik \u00f6rne\u011finin ya\u015fand\u0131\u011f\u0131n\u0131 belirtirken Ba\u015fkan Uysal\u2019a ziyareti i\u00e7in te\u015fekk\u00fcr etti. Kamac\u0131 \u201cYerel se\u00e7imlerde partimizi en \u00fcst noktaya \u00e7\u0131karmak benim, y\u00f6netim kurulu \u00fcyelerinin, kad\u0131n kollar\u0131n\u0131n, gen\u00e7lik kollar\u0131n\u0131n g\u00f6revi. Sizlerin de katk\u0131s\u0131 ve deste\u011fiyle bunlar\u0131 ba\u015faraca\u011f\u0131m\u0131zdan eminim\u201d diye konu\u015ftu.<br><br>Ba\u015fkan Uysal, il ba\u015fkanl\u0131\u011f\u0131n\u0131n ard\u0131ndan Muratpa\u015fa \u0130l\u00e7e Ba\u015fkan\u0131 Hasan \u015eahin, Konyaalt\u0131 \u0130l\u00e7e Ba\u015fkan\u0131 Demet G\u00fcnd\u00fcz, Kepez \u0130l\u00e7e Ba\u015fkan\u0131 G\u00f6khan \u00d6lmez ve y\u00f6netim kurullar\u0131n\u0131 makam\u0131nda ziyaret ederek ba\u015far\u0131lar diledi.<\/p>\n\n\n\n<p>Muratpa\u015fa Belediyesi \/ B\u00fclten<\/p>\n","protected":false},"excerpt":{"rendered":"<p>Muratpa\u015fa Belediye Ba\u015fkan\u0131 \u00dcmit Uysal, Antalya\u2019da partisinin yeni se\u00e7ilen \u0130l Ba\u015fkan\u0131 Nail Kamac\u0131 ve y\u00f6netimi kurulu ziyaretinde \u201c\u00d6n\u00fcm\u00fczde bir yerel se\u00e7im s\u00fcreci var. Hep birlikte, <a href=\"https:\/\/akdenizhaber.com.tr\/index.php\/2023\/10\/18\/baskan-uysal-sehrimize-sahip-cikacagiz\/\" class=\"read-more-link\">[more&#8230;]<\/a><\/p>\n","protected":false},"author":2,"featured_media":16821,"comment_status":"open","ping_status":"open","sticky":false,"template":"","format":"standard","meta":{"footnotes":""},"categories":[2],"tags":[],"class_list":["post-16820","post","type-post","status-publish","format-standard","has-post-thumbnail","hentry","category-gundem"],"_links":{"self":[{"href":"https:\/\/akdenizhaber.com.tr\/index.php\/wp-json\/wp\/v2\/posts\/16820","targetHints":{"allow":["GET"]}}],"collection":[{"href":"https:\/\/akdenizhaber.com.tr\/index.php\/wp-json\/wp\/v2\/posts"}],"about":[{"href":"https:\/\/akdenizhaber.com.tr\/index.php\/wp-json\/wp\/v2\/types\/post"}],"author":[{"embeddable":true,"href":"https:\/\/akdenizhaber.com.tr\/index.php\/wp-json\/wp\/v2\/users\/2"}],"replies":[{"embeddable":true,"href":"https:\/\/akdenizhaber.com.tr\/index.php\/wp-json\/wp\/v2\/comments?post=16820"}],"version-history":[{"count":0,"href":"https:\/\/akdenizhaber.com.tr\/index.php\/wp-json\/wp\/v2\/posts\/16820\/revisions"}],"wp:featuredmedia":[{"embeddable":true,"href":"https:\/\/akdenizhaber.com.tr\/index.php\/wp-json\/wp\/v2\/media\/16821"}],"wp:attachment":[{"href":"https:\/\/akdenizhaber.com.tr\/index.php\/wp-json\/wp\/v2\/media?parent=16820"}],"wp:term":[{"taxonomy":"category","embeddable":true,"href":"https:\/\/akdenizhaber.com.tr\/index.php\/wp-json\/wp\/v2\/categories?post=16820"},{"taxonomy":"post_tag","embeddable":true,"href":"https:\/\/akdenizhaber.com.tr\/index.php\/wp-json\/wp\/v2\/tags?post=16820"}],"curies":[{"name":"wp","href":"https:\/\/api.w.org\/{rel}","templated":true}]}}