{"id":16817,"date":"2023-10-18T11:48:41","date_gmt":"2023-10-18T08:48:41","guid":{"rendered":"https:\/\/akdenizhaber.com.tr\/?p=16817"},"modified":"2023-10-18T11:48:42","modified_gmt":"2023-10-18T08:48:42","slug":"matini-alan-spora-geldi","status":"publish","type":"post","link":"https:\/\/akdenizhaber.com.tr\/index.php\/2023\/10\/18\/matini-alan-spora-geldi\/","title":{"rendered":"Mat\u0131n\u0131 alan spora geldi"},"content":{"rendered":"\n<p><\/p>\n\n\n\n<p>Konyaalt\u0131 Belediyesi taraf\u0131ndan \u2018Mat\u0131n\u0131 da Al Gel\u2019 etkinli\u011fi G\u00fcrsu Mahallesi&#8217;nde bulunan Kad\u0131n Emek Pazar\u0131&#8217;nda ba\u015flad\u0131. Her hafta pazartesi, sal\u0131 ve \u00e7ar\u015famba g\u00fcnleri yap\u0131lacak etkinlik kas\u0131m ay\u0131 sonuna kadar devam edecek. Konyaalt\u0131 Belediyesi K\u00fclt\u00fcr ve Sosyal \u0130\u015fler M\u00fcd\u00fcrl\u00fc\u011f\u00fc taraf\u0131ndan \u201cKonyaalt\u0131\u2019nda Spor Yapmayan Kalmayacak\u201d mottosuyla kad\u0131nlara y\u00f6nelik d\u00fczenlenen \u2018Mat\u0131n\u0131 da Al Gel\u2019 etkinli\u011fi pilates antrenman\u0131 ile ba\u015flad\u0131. Kas\u0131m ay\u0131 sonuna kadar s\u00fcrecek olan etkinlik G\u00fcrsu Mahallesi&#8217;nde bulunan Kad\u0131n Emek Pazar\u0131&#8217;nda yap\u0131l\u0131yor. Sporsever kad\u0131nlar bu etkinlik kapsam\u0131nda, her pazartesi saat 16.00\u2019da pilates, her sal\u0131 saat 18.00\u2019de yoga ve her \u00e7ar\u015famba saat 16.00\u2019da zumba yapacak.<\/p>\n\n\n\n<p>Etkinli\u011fe kat\u0131l\u0131m\u0131n olduk\u00e7a y\u00fcksek oldu\u011funu s\u00f6yleyen Konyaalt\u0131 Belediyesi Pilates Antren\u00f6r\u00fc Buket Ar\u0131c\u0131, \u201cKonyaalt\u0131 Belediyesi\u2019ne spor yapmak i\u00e7in \u00e7ok ki\u015fi talepte bulunuyor. Bu do\u011frultuda G\u00fcrsu Mahallesi\u2019nde bulunan Kad\u0131n Emek Pazar\u0131\u2019nda da art\u0131k spor yapaca\u011f\u0131z. Her pazartesi saat 16.00\u2019de pilates yap\u0131yoruz. Her ya\u015fa uygun bir antrenman. G\u00fczel zaman ge\u00e7iriyoruz. Herkes \u00e7ok memnun. Kat\u0131l\u0131m \u00e7ok fazla\u2019\u2019 dedi.<\/p>\n\n\n\n<p>HAFTANIN 3 G\u00dcN\u00dc S\u00dcRECEK<\/p>\n\n\n\n<p>Konyaalt\u0131 Belediye Ba\u015fkan\u0131 Semih Esen, \u2018Mat\u0131n\u0131 da Al Gel\u2019 etkinli\u011fine kat\u0131l\u0131m\u0131n yo\u011fun olmas\u0131n\u0131n kendilerini sevindirdi\u011fini s\u00f6yledi. Esen, \u201cKad\u0131nlar\u0131m\u0131z\u0131n a\u00e7\u0131k havada do\u011fan\u0131n i\u00e7erisinde spor yapmas\u0131n\u0131 istedik. Bu etkinlik kapsam\u0131nda haftan\u0131n 3 g\u00fcn\u00fc kad\u0131nlar\u0131m\u0131z\u0131 sporla bulu\u015fturaca\u011f\u0131z. T\u00fcm kad\u0131nlar\u0131m\u0131z\u0131 bu etkinli\u011fe kat\u0131lmaya davet ediyorum\u201d diye konu\u015ftu. A\u00c7IK HAVADA SPOR KEYF\u0130 \u2018Mat\u0131n\u0131 da al gel\u2019 etkinli\u011fini d\u00fczenledi\u011fi i\u00e7in Konyaalt\u0131 Belediye Ba\u015fkan\u0131 Semih Esen\u2019e te\u015fekk\u00fcr eden Demet Par, \u201c\u00d6zellikle a\u00e7\u0131k havada olmas\u0131 bizleri daha da mutlu etti. \u00c7ok memnunum. Konyaalt\u0131 Belediyesi\u2019nin imk\u00e2nlar\u0131 \u00e7ok g\u00fczel. Konyaalt\u0131\u2019nda g\u00f6rd\u00fc\u011f\u00fcm hizmeti ba\u015fka illerde g\u00f6rmedim\u2019\u2019 dedi. A\u00e7\u0131k havada spor yapman\u0131n \u00e7ok g\u00fczel oldu\u011funu ifade eden Nilg\u00fcn G\u00fclen de \u201cKonyaalt\u0131 Belediye Ba\u015fkan\u0131 Semih Esen\u2019e \u00e7ok te\u015fekk\u00fcr ediyorum bize b\u00f6yle bir imk\u00e2n tan\u0131d\u0131\u011f\u0131 i\u00e7in. A\u00e7\u0131k havada spor yap\u0131yoruz. \u00c7ok memnunuz Konyaalt\u0131 kad\u0131nlar\u0131 olarak\u2019\u2019 \u015feklinde konu\u015ftu.<\/p>\n\n\n\n<p>Konyaalt\u0131 Belediyesi \/ B\u00fclten<\/p>\n","protected":false},"excerpt":{"rendered":"<p>Konyaalt\u0131 Belediyesi taraf\u0131ndan \u2018Mat\u0131n\u0131 da Al Gel\u2019 etkinli\u011fi G\u00fcrsu Mahallesi&#8217;nde bulunan Kad\u0131n Emek Pazar\u0131&#8217;nda ba\u015flad\u0131. Her hafta pazartesi, sal\u0131 ve \u00e7ar\u015famba g\u00fcnleri yap\u0131lacak etkinlik kas\u0131m <a href=\"https:\/\/akdenizhaber.com.tr\/index.php\/2023\/10\/18\/matini-alan-spora-geldi\/\" class=\"read-more-link\">[more&#8230;]<\/a><\/p>\n","protected":false},"author":2,"featured_media":16818,"comment_status":"open","ping_status":"open","sticky":false,"template":"","format":"standard","meta":{"footnotes":""},"categories":[2],"tags":[],"class_list":["post-16817","post","type-post","status-publish","format-standard","has-post-thumbnail","hentry","category-gundem"],"_links":{"self":[{"href":"https:\/\/akdenizhaber.com.tr\/index.php\/wp-json\/wp\/v2\/posts\/16817","targetHints":{"allow":["GET"]}}],"collection":[{"href":"https:\/\/akdenizhaber.com.tr\/index.php\/wp-json\/wp\/v2\/posts"}],"about":[{"href":"https:\/\/akdenizhaber.com.tr\/index.php\/wp-json\/wp\/v2\/types\/post"}],"author":[{"embeddable":true,"href":"https:\/\/akdenizhaber.com.tr\/index.php\/wp-json\/wp\/v2\/users\/2"}],"replies":[{"embeddable":true,"href":"https:\/\/akdenizhaber.com.tr\/index.php\/wp-json\/wp\/v2\/comments?post=16817"}],"version-history":[{"count":0,"href":"https:\/\/akdenizhaber.com.tr\/index.php\/wp-json\/wp\/v2\/posts\/16817\/revisions"}],"wp:featuredmedia":[{"embeddable":true,"href":"https:\/\/akdenizhaber.com.tr\/index.php\/wp-json\/wp\/v2\/media\/16818"}],"wp:attachment":[{"href":"https:\/\/akdenizhaber.com.tr\/index.php\/wp-json\/wp\/v2\/media?parent=16817"}],"wp:term":[{"taxonomy":"category","embeddable":true,"href":"https:\/\/akdenizhaber.com.tr\/index.php\/wp-json\/wp\/v2\/categories?post=16817"},{"taxonomy":"post_tag","embeddable":true,"href":"https:\/\/akdenizhaber.com.tr\/index.php\/wp-json\/wp\/v2\/tags?post=16817"}],"curies":[{"name":"wp","href":"https:\/\/api.w.org\/{rel}","templated":true}]}}