{"id":16814,"date":"2023-10-18T11:48:10","date_gmt":"2023-10-18T08:48:10","guid":{"rendered":"https:\/\/akdenizhaber.com.tr\/?p=16814"},"modified":"2023-10-18T11:48:11","modified_gmt":"2023-10-18T08:48:11","slug":"kaleici-hikayesini-anlatiyor","status":"publish","type":"post","link":"https:\/\/akdenizhaber.com.tr\/index.php\/2023\/10\/18\/kaleici-hikayesini-anlatiyor\/","title":{"rendered":"Kalei\u00e7i, hikayesini anlat\u0131yor"},"content":{"rendered":"\n<p><\/p>\n\n\n\n<p>Antalya\u2019da Muratpa\u015fa Belediyesi, Kalei\u00e7i\u2019nin g\u00fcndelik ya\u015fam\u0131n tarihini sand\u0131klardan \u00e7\u0131kar\u0131p bug\u00fcne ta\u015f\u0131d\u0131\u011f\u0131 \u201cHaf\u0131za Mekanlar\u0131 ve K\u00fclt\u00fcrel Miras &#8211; Antalya Kalei\u00e7i Evleri\u201d projesinde ikinci etap tamamland\u0131. Ya\u015fanm\u0131\u015fl\u0131klar\u0131yla Kalei\u00e7i konaklar\u0131n\u0131n tarihinin anlat\u0131ld\u0131\u011f\u0131 projede, 40 yeni evin 4 dilde haz\u0131rlanan belgesellerinin karekodlar\u0131 evlerin giri\u015flerine yerle\u015ftirildi.<\/p>\n\n\n\n<p>Begonvillere gizlenen pencerelerinin arkas\u0131nda, dar bir soka\u011fa a\u00e7\u0131lan kap\u0131s\u0131n\u0131n \u00f6n\u00fcnde, geni\u015f avlusunda hikayeler biriktiren Antalya Kalei\u00e7i evlerinin tarihi Muratpa\u015fa Belediyesi\u2019nin Haf\u0131za Mekanlar\u0131 ve K\u00fclt\u00fcrel Miras &#8211; Antalya Kalei\u00e7i Evleri projesinde bir araya getirdi.<br><br>Projenin ilk aya\u011f\u0131nda, 11 yap\u0131n\u0131n izi s\u00fcr\u00fcld\u00fc. Ar\u015fivler tarand\u0131, foto\u011fraflardan elde edilen ipu\u00e7lar\u0131n\u0131n pe\u015fine d\u00fc\u015f\u00fcld\u00fc, eskisiyle yenisiyle evlerin sahipleri bulundu, Kalei\u00e7i sakinleriyle g\u00f6r\u00fc\u015f\u00fcld\u00fc. Anlat\u0131lan \u00f6yk\u00fcler derlendi ve y\u0131llara uzanan tarih 11 ayr\u0131 belgeselde anlat\u0131ld\u0131.<br><br>1875 y\u0131l\u0131nda \u0130talyan ve T\u00fcrk ustalara yapt\u0131r\u0131lan, Antalyal\u0131lar\u0131 hurmayla tan\u0131\u015ft\u0131ran Hassun Kaptan Kona\u011f\u0131, Selanik\u2019ten m\u00fcbadeleyle gelen Hasan ve Nesli K\u0131v\u0131rc\u0131k \u00e7iftinin 5 \u00e7ocu\u011fuyla birlikte ya\u015fad\u0131\u011f\u0131 \u00c7er\u00e7iler Evi, mahallesinde 40 y\u0131l muhtarl\u0131k yapan ve \u2018Kont\u2019 ad\u0131nda pansiyonu olan Salih Asa ve ailesinin ya\u015fad\u0131\u011f\u0131 Kont Salih\u2019in Evi, m\u00fcbadeleyle K\u0131br\u0131s\u2019tan gelen Ay\u015fe ve Dervi\u015f Kulaks\u0131zlar \u00e7iftinin evi, Selanik g\u00f6\u00e7meni Hasan Attanindi ve ailesinin ya\u015fand\u0131\u011f\u0131 ve bug\u00fcn bir sanat galerisi olarak hizmet veren Simit\u00e7i M\u0131st\u0131k Galerisi, d\u00f6nemin Antalya Belediyesi\u2019nde zab\u0131ta olarak \u00e7al\u0131\u015fan Mustafa Pa\u015fa Akdemir\u2019in Giritli bir aileden sat\u0131n ald\u0131\u011f\u0131 Pa\u015falar Kona\u011f\u0131\u2019n\u0131n hikayesi projenin ilk aya\u011f\u0131nda yer ald\u0131.<br><br>Ge\u00e7en y\u0131l 7\u2019ncisi d\u00fczenlenen Uluslararas\u0131 Kalei\u00e7i Old Town Festivali\u2019nde projenin tan\u0131t\u0131m\u0131 ger\u00e7ekle\u015ftirilirken projenin ikinci etap i\u00e7in 40 ev kona\u011f\u0131n daha belgeselleri haz\u0131rland\u0131. \u0130kinci etapta 1800\u2019lerde \u0130skenderiye\u2019den g\u00f6\u00e7 eden ve \u2018Beyaz Arap\u2019 olarak an\u0131lan bir aileni ya\u015fad\u0131\u011f\u0131 Melek\u2019in Evi, Antalya 1918 y\u0131l\u0131nda s\u0131tmayla m\u00fccadele ederken atl\u0131 faytonlar i\u00e7in kullan\u0131lan Soykam\u2019\u0131n Fayton Garaj\u0131, 2004 y\u0131l\u0131nda Frans\u0131z Patrich Walch\u2019un sat\u0131n ald\u0131\u011f\u0131 ve 2 y\u0131l s\u00fcren restorasyon \u00e7al\u0131\u015fmas\u0131 sonucunda orijinal hale d\u00f6nd\u00fcr\u00fclen kona\u011f\u0131n tarihinin de bulundu\u011fu bir \u00e7ok yap\u0131n\u0131n tarihi belgesellerde anlat\u0131ld\u0131.<br><br>T\u00fcrk\u00e7e\u2019nin yan\u0131 s\u0131ra \u0130ngilizce, Rus\u00e7a ve Almanca olarak haz\u0131rlanan belgeseller, karekod haline getirilerek evlerin, konaklar\u0131n kap\u0131lar\u0131na 26-29 Ekim tarihlerinde 8\u2019incisi d\u00fczenlenecek festival \u00f6ncesi as\u0131ld\u0131. Belgeseller, karekodlar\u0131n cep telefonuyla taranmas\u0131yla izlenebilecek.<br><br>Belediye Ba\u015fkan\u0131 \u00dcmit Uysal, turizmde ba\u015far\u0131n\u0131n sahip olunan tesisler ve sunulan hizmet kadar kentlerin hikayeleri payla\u015fmas\u0131yla da ili\u015fkili oldu\u011funu s\u00f6yledi. Kalei\u00e7i\u2019nin tarihi y\u00fczy\u0131llara uzanan evleri, konaklar\u0131 ve sokaklar\u0131 etraf\u0131nda geli\u015fen olaylar\u0131n, hikayelerin \u00e7ok de\u011ferli oldu\u011funu bunlar\u0131n hem d\u00fcnyayla payla\u015f\u0131lmas\u0131 hem de gelecek ku\u015faklara aktar\u0131lmas\u0131 gerekti\u011fini belirten Ba\u015fkan Uysal, \u201cCep telefonlar\u0131m\u0131zla Kalei\u00e7i evlerinin giri\u015finde yer alan karekodlar\u0131 tarayarak o evin ge\u00e7mi\u015f sakinlerini tan\u0131yor, evin ge\u00e7irdi\u011fi d\u00f6n\u00fc\u015f\u00fcme tan\u0131kl\u0131k ediyoruz\u201d dedi.<\/p>\n\n\n\n<p><a href=\"https:\/\/muratpasa-bld.gov.tr\/Uploads\/9a23935f7a6647f187e51d188f5e0315.JPG\"><\/a><\/p>\n\n\n\n<p>&nbsp;Muratpa\u015fa Belediyesi \/ B\u00fclten<a href=\"https:\/\/muratpasa-bld.gov.tr\/Uploads\/64c31ba34f364b07baa513baabe42493.JPG\"><br><\/a><\/p>\n","protected":false},"excerpt":{"rendered":"<p>Antalya\u2019da Muratpa\u015fa Belediyesi, Kalei\u00e7i\u2019nin g\u00fcndelik ya\u015fam\u0131n tarihini sand\u0131klardan \u00e7\u0131kar\u0131p bug\u00fcne ta\u015f\u0131d\u0131\u011f\u0131 \u201cHaf\u0131za Mekanlar\u0131 ve K\u00fclt\u00fcrel Miras &#8211; Antalya Kalei\u00e7i Evleri\u201d projesinde ikinci etap tamamland\u0131. Ya\u015fanm\u0131\u015fl\u0131klar\u0131yla <a href=\"https:\/\/akdenizhaber.com.tr\/index.php\/2023\/10\/18\/kaleici-hikayesini-anlatiyor\/\" class=\"read-more-link\">[more&#8230;]<\/a><\/p>\n","protected":false},"author":2,"featured_media":16815,"comment_status":"open","ping_status":"open","sticky":false,"template":"","format":"standard","meta":{"footnotes":""},"categories":[2],"tags":[],"class_list":["post-16814","post","type-post","status-publish","format-standard","has-post-thumbnail","hentry","category-gundem"],"_links":{"self":[{"href":"https:\/\/akdenizhaber.com.tr\/index.php\/wp-json\/wp\/v2\/posts\/16814","targetHints":{"allow":["GET"]}}],"collection":[{"href":"https:\/\/akdenizhaber.com.tr\/index.php\/wp-json\/wp\/v2\/posts"}],"about":[{"href":"https:\/\/akdenizhaber.com.tr\/index.php\/wp-json\/wp\/v2\/types\/post"}],"author":[{"embeddable":true,"href":"https:\/\/akdenizhaber.com.tr\/index.php\/wp-json\/wp\/v2\/users\/2"}],"replies":[{"embeddable":true,"href":"https:\/\/akdenizhaber.com.tr\/index.php\/wp-json\/wp\/v2\/comments?post=16814"}],"version-history":[{"count":0,"href":"https:\/\/akdenizhaber.com.tr\/index.php\/wp-json\/wp\/v2\/posts\/16814\/revisions"}],"wp:featuredmedia":[{"embeddable":true,"href":"https:\/\/akdenizhaber.com.tr\/index.php\/wp-json\/wp\/v2\/media\/16815"}],"wp:attachment":[{"href":"https:\/\/akdenizhaber.com.tr\/index.php\/wp-json\/wp\/v2\/media?parent=16814"}],"wp:term":[{"taxonomy":"category","embeddable":true,"href":"https:\/\/akdenizhaber.com.tr\/index.php\/wp-json\/wp\/v2\/categories?post=16814"},{"taxonomy":"post_tag","embeddable":true,"href":"https:\/\/akdenizhaber.com.tr\/index.php\/wp-json\/wp\/v2\/tags?post=16814"}],"curies":[{"name":"wp","href":"https:\/\/api.w.org\/{rel}","templated":true}]}}