{"id":16811,"date":"2023-10-18T11:47:30","date_gmt":"2023-10-18T08:47:30","guid":{"rendered":"https:\/\/akdenizhaber.com.tr\/?p=16811"},"modified":"2023-10-18T11:47:31","modified_gmt":"2023-10-18T08:47:31","slug":"ibradi-da-2-etap-konut-yapim-calismalarina-basladi","status":"publish","type":"post","link":"https:\/\/akdenizhaber.com.tr\/index.php\/2023\/10\/18\/ibradi-da-2-etap-konut-yapim-calismalarina-basladi\/","title":{"rendered":"\u0130brad\u0131 \u2018da 2. Etap Konut yap\u0131m \u00e7al\u0131\u015fmalar\u0131na ba\u015flad\u0131"},"content":{"rendered":"\n<p><\/p>\n\n\n\n<p>\u0130brad\u0131\u2019n\u0131n konut ihtiyac\u0131n\u0131 kar\u015f\u0131lamak \u00fczere yap\u0131lacak olan 2. Etap konutlar 104 m2\u2019lik 18 daire olarak planland\u0131. \u0130brad\u0131 Belediyesi,&nbsp; Belediye konutlar\u0131 ile halka uygun, g\u00fcvenilir ve il\u00e7e esteti\u011fine uyan modern binalar yapmay\u0131 hedefliyor. Ba\u015fkan Serkan K\u00fc\u00e7\u00fckkuru, \u0130brad\u0131\u2019n\u0131n \u00fcst k\u0131sm\u0131nda yap\u0131lacak olan Belediye Evler in\u015faat alan\u0131nda incelemelerde bulundu<\/p>\n\n\n\n<p>Ba\u015fkan K\u00fc\u00e7\u00fckkuru \u201c2.Etap Belediye Konutlar\u0131n\u0131n in\u015faat\u0131na ba\u015flad\u0131k. Toplam 18 daireden olu\u015facak, 104 metrekare olacak konutlar\u0131m\u0131z\u0131 belediyemiz arazisinde, \u00f6z kayna\u011f\u0131m\u0131zla yap\u0131yoruz. , \u0130brad\u0131&#8217;m\u0131z\u0131n konut ihtiyac\u0131n\u0131 kar\u015f\u0131lamaya ekonomik \u015fekilde \u00e7\u00f6zmeye devam edece\u011fiz.&nbsp; \u0130brad\u0131 ve \u0130brad\u0131\u2019l\u0131 hem\u015ferilerimizin mutlulu\u011fu ve huzuru i\u00e7in \u00e7al\u0131\u015fmaya devam edece\u011fiz\u201d dedi<\/p>\n\n\n\n<p>(Haber Merkezi)<\/p>\n","protected":false},"excerpt":{"rendered":"<p>\u0130brad\u0131\u2019n\u0131n konut ihtiyac\u0131n\u0131 kar\u015f\u0131lamak \u00fczere yap\u0131lacak olan 2. Etap konutlar 104 m2\u2019lik 18 daire olarak planland\u0131. \u0130brad\u0131 Belediyesi,&nbsp; Belediye konutlar\u0131 ile halka uygun, g\u00fcvenilir ve <a href=\"https:\/\/akdenizhaber.com.tr\/index.php\/2023\/10\/18\/ibradi-da-2-etap-konut-yapim-calismalarina-basladi\/\" class=\"read-more-link\">[more&#8230;]<\/a><\/p>\n","protected":false},"author":2,"featured_media":16812,"comment_status":"open","ping_status":"open","sticky":false,"template":"","format":"standard","meta":{"footnotes":""},"categories":[2],"tags":[],"class_list":["post-16811","post","type-post","status-publish","format-standard","has-post-thumbnail","hentry","category-gundem"],"_links":{"self":[{"href":"https:\/\/akdenizhaber.com.tr\/index.php\/wp-json\/wp\/v2\/posts\/16811","targetHints":{"allow":["GET"]}}],"collection":[{"href":"https:\/\/akdenizhaber.com.tr\/index.php\/wp-json\/wp\/v2\/posts"}],"about":[{"href":"https:\/\/akdenizhaber.com.tr\/index.php\/wp-json\/wp\/v2\/types\/post"}],"author":[{"embeddable":true,"href":"https:\/\/akdenizhaber.com.tr\/index.php\/wp-json\/wp\/v2\/users\/2"}],"replies":[{"embeddable":true,"href":"https:\/\/akdenizhaber.com.tr\/index.php\/wp-json\/wp\/v2\/comments?post=16811"}],"version-history":[{"count":0,"href":"https:\/\/akdenizhaber.com.tr\/index.php\/wp-json\/wp\/v2\/posts\/16811\/revisions"}],"wp:featuredmedia":[{"embeddable":true,"href":"https:\/\/akdenizhaber.com.tr\/index.php\/wp-json\/wp\/v2\/media\/16812"}],"wp:attachment":[{"href":"https:\/\/akdenizhaber.com.tr\/index.php\/wp-json\/wp\/v2\/media?parent=16811"}],"wp:term":[{"taxonomy":"category","embeddable":true,"href":"https:\/\/akdenizhaber.com.tr\/index.php\/wp-json\/wp\/v2\/categories?post=16811"},{"taxonomy":"post_tag","embeddable":true,"href":"https:\/\/akdenizhaber.com.tr\/index.php\/wp-json\/wp\/v2\/tags?post=16811"}],"curies":[{"name":"wp","href":"https:\/\/api.w.org\/{rel}","templated":true}]}}