{"id":16802,"date":"2023-10-18T11:44:29","date_gmt":"2023-10-18T08:44:29","guid":{"rendered":"https:\/\/akdenizhaber.com.tr\/?p=16802"},"modified":"2023-10-18T11:44:30","modified_gmt":"2023-10-18T08:44:30","slug":"baskan-bocek-yangindan-zarar-goren-esnafi-ziyaret-etti","status":"publish","type":"post","link":"https:\/\/akdenizhaber.com.tr\/index.php\/2023\/10\/18\/baskan-bocek-yangindan-zarar-goren-esnafi-ziyaret-etti\/","title":{"rendered":"Ba\u015fkan B\u00f6cek yang\u0131ndan zarar g\u00f6ren esnaf\u0131 ziyaret etti"},"content":{"rendered":"\n<h2 class=\"wp-block-heading\">&nbsp;<\/h2>\n\n\n\n<h2 class=\"wp-block-heading\"><\/h2>\n\n\n\n<h2 class=\"wp-block-heading\">Antalya B\u00fcy\u00fck\u015fehir Belediye Ba\u015fkan\u0131 Muhittin B\u00f6cek, ge\u00e7ti\u011fimiz g\u00fcnlerde Eski Sanayi Sitesi\u2019nde \u00e7\u0131kan yang\u0131nda i\u015f yerleri zarar g\u00f6ren esnaf\u0131 ziyaret etti. Can kayb\u0131 olmamas\u0131n\u0131n en b\u00fcy\u00fck teselli oldu\u011funu belirten Ba\u015fkan B\u00f6cek, esnafa ge\u00e7mi\u015f olsun dileklerini iletti.<\/h2>\n\n\n\n<h2 class=\"wp-block-heading\">Muratpa\u015fa \u0130l\u00e7esi Cumhuriyet Mahallesi&#8217;nde bulunan Eski Sanayi Sitesi\u2019nde ah\u015fap at\u00f6lyelerinin bulundu\u011fu b\u00f6lgede ge\u00e7ti\u011fimiz g\u00fcnlerde \u00e7\u0131kan yang\u0131n\u0131n ard\u0131ndan 5 i\u015f yeri zarar g\u00f6rd\u00fc. Antalya B\u00fcy\u00fck\u015fehir Belediye Ba\u015fkan\u0131 Muhittin B\u00f6cek, Genel Sekreter Yard\u0131mc\u0131lar\u0131 Mustafa G\u00fcrb\u00fcz ve Ramazan Demir ile birlikte yang\u0131ndan etkilenen i\u015f yerlerini ziyaret ederek ge\u00e7mi\u015f olsun dileklerini iletti.<\/h2>\n\n\n\n<h2 class=\"wp-block-heading\">GE\u00c7M\u0130\u015e OLSUN D\u0130LE\u011e\u0130NDE BULUNDU<\/h2>\n\n\n\n<h2 class=\"wp-block-heading\">Ba\u015fkan B\u00f6cek, Antalya B\u00fcy\u00fck\u015fehir Belediyesi \u0130tfaiye Daire Ba\u015fkan\u0131 Ahmet K\u0131sa\u2019dan yang\u0131n hakk\u0131nda bilgi ald\u0131. Can kayb\u0131 olmamas\u0131n\u0131n en b\u00fcy\u00fck teselli oldu\u011funu s\u00f6yleyen Ba\u015fkan B\u00f6cek, esnafa ge\u00e7mi\u015f olsun dileklerini iletti. \u0130tfaiye ekiplerinin ihbar\u0131 al\u0131r almaz olay yerine geldi\u011fini ve yo\u011fun bir \u00e7al\u0131\u015fma sonucu yang\u0131n daha da b\u00fcy\u00fcmeden s\u00f6nd\u00fcr\u00fcld\u00fc\u011f\u00fcn\u00fc s\u00f6yleyen Ba\u015fkan B\u00f6cek, \u201cEsnaf\u0131m\u0131z\u0131 ziyaret ederek neler yap\u0131labilece\u011fi noktas\u0131nda g\u00f6r\u00fc\u015ft\u00fck. \u00d6n\u00fcm\u00fczdeki g\u00fcnlerde tekrar biraraya gelece\u011fiz. Allah bir daha b\u00f6yle bir olay ya\u015fatmas\u0131n. T\u00fcm esnaf\u0131m\u0131za ge\u00e7mi\u015f olsun dileklerimi iletiyorum\u201d dedi.<\/h2>\n\n\n\n<p>Antalya B\u00fcy\u00fck\u015fehir Belediyesi \/ B\u00fclten<\/p>\n","protected":false},"excerpt":{"rendered":"<p>&nbsp; Antalya B\u00fcy\u00fck\u015fehir Belediye Ba\u015fkan\u0131 Muhittin B\u00f6cek, ge\u00e7ti\u011fimiz g\u00fcnlerde Eski Sanayi Sitesi\u2019nde \u00e7\u0131kan yang\u0131nda i\u015f yerleri zarar g\u00f6ren esnaf\u0131 ziyaret etti. Can kayb\u0131 olmamas\u0131n\u0131n en <a href=\"https:\/\/akdenizhaber.com.tr\/index.php\/2023\/10\/18\/baskan-bocek-yangindan-zarar-goren-esnafi-ziyaret-etti\/\" class=\"read-more-link\">[more&#8230;]<\/a><\/p>\n","protected":false},"author":2,"featured_media":16803,"comment_status":"open","ping_status":"open","sticky":false,"template":"","format":"standard","meta":{"footnotes":""},"categories":[2],"tags":[],"class_list":["post-16802","post","type-post","status-publish","format-standard","has-post-thumbnail","hentry","category-gundem"],"_links":{"self":[{"href":"https:\/\/akdenizhaber.com.tr\/index.php\/wp-json\/wp\/v2\/posts\/16802","targetHints":{"allow":["GET"]}}],"collection":[{"href":"https:\/\/akdenizhaber.com.tr\/index.php\/wp-json\/wp\/v2\/posts"}],"about":[{"href":"https:\/\/akdenizhaber.com.tr\/index.php\/wp-json\/wp\/v2\/types\/post"}],"author":[{"embeddable":true,"href":"https:\/\/akdenizhaber.com.tr\/index.php\/wp-json\/wp\/v2\/users\/2"}],"replies":[{"embeddable":true,"href":"https:\/\/akdenizhaber.com.tr\/index.php\/wp-json\/wp\/v2\/comments?post=16802"}],"version-history":[{"count":0,"href":"https:\/\/akdenizhaber.com.tr\/index.php\/wp-json\/wp\/v2\/posts\/16802\/revisions"}],"wp:featuredmedia":[{"embeddable":true,"href":"https:\/\/akdenizhaber.com.tr\/index.php\/wp-json\/wp\/v2\/media\/16803"}],"wp:attachment":[{"href":"https:\/\/akdenizhaber.com.tr\/index.php\/wp-json\/wp\/v2\/media?parent=16802"}],"wp:term":[{"taxonomy":"category","embeddable":true,"href":"https:\/\/akdenizhaber.com.tr\/index.php\/wp-json\/wp\/v2\/categories?post=16802"},{"taxonomy":"post_tag","embeddable":true,"href":"https:\/\/akdenizhaber.com.tr\/index.php\/wp-json\/wp\/v2\/tags?post=16802"}],"curies":[{"name":"wp","href":"https:\/\/api.w.org\/{rel}","templated":true}]}}