{"id":16799,"date":"2023-10-18T11:43:18","date_gmt":"2023-10-18T08:43:18","guid":{"rendered":"https:\/\/akdenizhaber.com.tr\/?p=16799"},"modified":"2023-10-18T11:43:19","modified_gmt":"2023-10-18T08:43:19","slug":"saglikli-yasam-icin-haydi-asfim-spor-kurslarina","status":"publish","type":"post","link":"https:\/\/akdenizhaber.com.tr\/index.php\/2023\/10\/18\/saglikli-yasam-icin-haydi-asfim-spor-kurslarina\/","title":{"rendered":"Sa\u011fl\u0131kl\u0131 ya\u015fam i\u00e7in haydi ASF\u0130M spor kurslar\u0131na"},"content":{"rendered":"\n<p><\/p>\n\n\n\n<p>Antalya B\u00fcy\u00fck\u015fehir Belediyesi\u2019nin \u00fccretsiz spor imkan\u0131 sundu\u011fu Antalya Spor ve Fitness Merkezleri\u2019nde (ASF\u0130M) yeni d\u00f6nem kurs kay\u0131tlar\u0131 ba\u015flad\u0131.Kurslar i\u00e7in 31Ekim\u2019e kadar online kay\u0131t yap\u0131lacak, dersler ise 1 Kas\u0131m\u2019da ba\u015flayacak.<\/p>\n\n\n\n<p>Antalya B\u00fcy\u00fck\u015fehir Belediyesi Gen\u00e7lik ve Spor Hizmetleri Dairesi Ba\u015fkanl\u0131\u011f\u0131 b\u00fcnyesinde hizmet veren ASF\u0130M, vatanda\u015flar\u0131 sa\u011fl\u0131kl\u0131 ve hareketli ya\u015famla bulu\u015fturmaya devam ediyor. ASF\u0130M\u2019in \u00fccretsiz spor hizmetinden faydalanmak isteyen vatanda\u015flar\u0131n yeni d\u00f6nem kay\u0131tlar\u0131 i\u00e7in 16 -31Ekim tarihleri aras\u0131nda internet adresinden ba\u015fvuru yapmalar\u0131 gerekiyor.<\/p>\n\n\n\n<p>REFORMER, P\u0130LATES VE F\u0130TNESS<\/p>\n\n\n\n<p>ASF\u0130M kurslar\u0131 1 Kas\u0131m\u2019da ba\u015flayacak. Profesyonel e\u011fitmenler e\u015fli\u011finde \u00fccretsiz spor yapma imk\u00e2n\u0131 sunan ASF\u0130M\u2019lerde vatanda\u015flar i\u00e7in fitness, step-aerobik, pilates, wellnessreformer, zumba, \u00e7ocuklar i\u00e7in temel cimnastik dersleri ve parkinson hastalar\u0131 i\u00e7in de egzersiz kurslar\u0131 verilecek.<\/p>\n\n\n\n<p>\u0130LER\u0130 YA\u015e \u0130\u00c7\u0130N EGZERS\u0130Z KURSU<\/p>\n\n\n\n<p>ASF\u0130M\u2019de ayr\u0131ca \u2019ileri ya\u015f i\u00e7in egzersiz\u2019 kursu ile 60 ya\u015f \u00fcst\u00fc vatanda\u015flar i\u00e7in \u00f6zel \u00e7al\u0131\u015fma program\u0131yla formda kalmalar\u0131n\u0131 sa\u011flayacak. ASF\u0130M yaz kurslar\u0131nda kad\u0131nlara \u00f6zel savunma sanat\u0131 e\u011fitimi de verilecek.ASF\u0130M\u2019in kurslar\u0131ndan \u00fccretsiz faydalanmak isteyen vatanda\u015flar, 31 Ekim\u2019e kadar <a href=\"http:\/\/www.genclikspor.antalya.bel.tr\">www.genclikspor.antalya.bel.tr<\/a> adresinden<\/p>\n\n\n\n<p>online olarak ba\u015fvuru yapabilecek.<\/p>\n\n\n\n<p>Antalya B\u00fcy\u00fck\u015fehir Belediyesi \/ B\u00fclten<\/p>\n","protected":false},"excerpt":{"rendered":"<p>Antalya B\u00fcy\u00fck\u015fehir Belediyesi\u2019nin \u00fccretsiz spor imkan\u0131 sundu\u011fu Antalya Spor ve Fitness Merkezleri\u2019nde (ASF\u0130M) yeni d\u00f6nem kurs kay\u0131tlar\u0131 ba\u015flad\u0131.Kurslar i\u00e7in 31Ekim\u2019e kadar online kay\u0131t yap\u0131lacak, dersler <a href=\"https:\/\/akdenizhaber.com.tr\/index.php\/2023\/10\/18\/saglikli-yasam-icin-haydi-asfim-spor-kurslarina\/\" class=\"read-more-link\">[more&#8230;]<\/a><\/p>\n","protected":false},"author":2,"featured_media":16800,"comment_status":"open","ping_status":"open","sticky":false,"template":"","format":"standard","meta":{"footnotes":""},"categories":[2],"tags":[],"class_list":["post-16799","post","type-post","status-publish","format-standard","has-post-thumbnail","hentry","category-gundem"],"_links":{"self":[{"href":"https:\/\/akdenizhaber.com.tr\/index.php\/wp-json\/wp\/v2\/posts\/16799","targetHints":{"allow":["GET"]}}],"collection":[{"href":"https:\/\/akdenizhaber.com.tr\/index.php\/wp-json\/wp\/v2\/posts"}],"about":[{"href":"https:\/\/akdenizhaber.com.tr\/index.php\/wp-json\/wp\/v2\/types\/post"}],"author":[{"embeddable":true,"href":"https:\/\/akdenizhaber.com.tr\/index.php\/wp-json\/wp\/v2\/users\/2"}],"replies":[{"embeddable":true,"href":"https:\/\/akdenizhaber.com.tr\/index.php\/wp-json\/wp\/v2\/comments?post=16799"}],"version-history":[{"count":0,"href":"https:\/\/akdenizhaber.com.tr\/index.php\/wp-json\/wp\/v2\/posts\/16799\/revisions"}],"wp:featuredmedia":[{"embeddable":true,"href":"https:\/\/akdenizhaber.com.tr\/index.php\/wp-json\/wp\/v2\/media\/16800"}],"wp:attachment":[{"href":"https:\/\/akdenizhaber.com.tr\/index.php\/wp-json\/wp\/v2\/media?parent=16799"}],"wp:term":[{"taxonomy":"category","embeddable":true,"href":"https:\/\/akdenizhaber.com.tr\/index.php\/wp-json\/wp\/v2\/categories?post=16799"},{"taxonomy":"post_tag","embeddable":true,"href":"https:\/\/akdenizhaber.com.tr\/index.php\/wp-json\/wp\/v2\/tags?post=16799"}],"curies":[{"name":"wp","href":"https:\/\/api.w.org\/{rel}","templated":true}]}}