{"id":16781,"date":"2023-10-17T12:57:15","date_gmt":"2023-10-17T09:57:15","guid":{"rendered":"https:\/\/akdenizhaber.com.tr\/?p=16781"},"modified":"2023-10-17T12:57:15","modified_gmt":"2023-10-17T09:57:15","slug":"sampiyonada-dunya-ikincisi-oldular","status":"publish","type":"post","link":"https:\/\/akdenizhaber.com.tr\/index.php\/2023\/10\/17\/sampiyonada-dunya-ikincisi-oldular\/","title":{"rendered":"\u015eampiyonada D\u00fcnya ikincisi oldular"},"content":{"rendered":"\n<p><\/p>\n\n\n\n<p>Malezya &#8216;da ger\u00e7ekle\u015fen \u0130\u015fitme Engelliler Futbol&nbsp; D\u00fcnya \u015eampiyonas\u0131na , \u00dclkemiz Erkek ve Kad\u0131n Futbol tak\u0131mlar\u0131 olarak iki tak\u0131m ile kat\u0131ld\u0131. \u015eampiyonada,&nbsp; \u0130l\u00e7emiz Kaymakaml\u0131k Sosyal Yard\u0131mla\u015fma ve Dayan\u0131\u015fma Vakf\u0131 \u00e7al\u0131\u015fan\u0131, Engelliler Koordinat\u00f6r\u00fc Guddusi Ayd\u0131n Erkek Milli Tak\u0131m Antren\u00f6r\u00fc,&nbsp; Kad\u0131n Milli tak\u0131m\u0131n\u0131n da terc\u00fcman\u0131 olarak g\u00f6rev ald\u0131. \u015eampiyonada Kad\u0131n Futbol Milli Tak\u0131m\u0131m\u0131z D\u00fcnya ikincisi olurken, son iki D\u00fcnya \u015eampiyonu Erkek Futbol Milli Tak\u0131m\u0131m\u0131z,&nbsp; grubundan gol yemeden ve yenilmeden birinci \u00e7\u0131kmas\u0131na ra\u011fmen ilk eleme ma\u00e7\u0131nda Japonya&#8217; ya yenilerek derece yapamad\u0131.<\/p>\n\n\n\n<p>Konu hakk\u0131nda a\u00e7\u0131klama yapan Guddusi Ayd\u0131n,&nbsp; &#8221; 4.&#8217; s\u00fc Malezya &#8216; da ger\u00e7ekle\u015fen 2023 D\u00fcnya \u015eampiyonas\u0131na Erkek ve Kad\u0131n Futbol Milli tak\u0131mlar\u0131m\u0131z ile kat\u0131ld\u0131k. Erkek Tak\u0131m\u0131m\u0131z\u0131n Teknik Direkt\u00f6r\u00fc Ali Metin, Kad\u0131n Futbol Milli Tak\u0131m\u0131m\u0131z\u0131n Teknik Direkt\u00f6r\u00fc R\u0131fat Demir y\u00f6netiminde 5 Ayl\u0131k haz\u0131rl\u0131k d\u00f6neminden ge\u00e7ti.<\/p>\n\n\n\n<p>Kad\u0131n Milli Tak\u0131m\u0131m\u0131z\u0131n teknik ekibi ve sporcular\u0131 derece yapmak hedefi ile ba\u015flad\u0131klar\u0131 haz\u0131rl\u0131k d\u00f6neminde \u00f6zverili ve gayretle \u00e7al\u0131\u015fmalar\u0131n\u0131 yo\u011fun bir \u015fekilde s\u00fcrd\u00fcrd\u00fcler. \u00c7eyrek finalde Japonya&#8217; y\u0131 4 &#8211; 0 yenen Kad\u0131n Millilerimiz, yar\u0131 finalde , grupta yenildi\u011fi Polanya&#8217; y\u0131 , titiz ve \u00f6zverili bir haz\u0131rl\u0131k s\u00fcrecinden sonra 2- 1 yenerek final oynama hakk\u0131 kazand\u0131. Tarihinde ilk defa final oynayan Kad\u0131nlar\u0131m\u0131z Amerika&#8217; ya yenilerek D\u00fcnya ikincisi olurken, tarih&#8217; te bir ilk&#8217; i ger\u00e7ekle\u015ftirmenin mutlulu\u011funu ya\u015fad\u0131k.<\/p>\n\n\n\n<p>Erkekler 2012 ve 2016 D\u00fcnya \u015eampiyonu olarak kat\u0131ld\u0131\u011f\u0131m\u0131z turnuva \u00f6ncesinde teknik ekip ve sporcular\u0131m\u0131z ile uzun bir haz\u0131rl\u0131k d\u00f6nemi ge\u00e7irdik, iyi haz\u0131rland\u0131k. Hedefimiz son D\u00fcnya \u015eampiyonlu\u011fu \u00fcnvan\u0131n\u0131 korumakt\u0131. Grup ma\u00e7lar\u0131m\u0131zdan gol yemeden ve yenilmeden farkl\u0131 galibiyetler ile grup birincisi olarak \u00e7\u0131kt\u0131k. \u0130lk eleme ma\u00e7\u0131nda Japonya &#8216; ya yenilerek derece yapma \u015fans\u0131n\u0131 kaybetti. Toplamda 6 m\u00fcsabaka 5 galibiyet bir ma\u011flubiyet,&nbsp; 31 gol at\u0131p 6 gol yiyerek turnuvay\u0131 bitirmi\u015f oldu.<\/p>\n\n\n\n<p>Her ma\u00e7\u0131m\u0131zda, sahay\u0131 ay y\u0131ld\u0131zl\u0131 bayraklarla s\u00fcsleyip, istiklal mar\u015f\u0131m\u0131z\u0131 i\u015faret dili ile s\u00f6ylemenin gururu ve mutlulu\u011funu ya\u015fad\u0131k.<\/p>\n\n\n\n<p>Bu s\u00fcre\u00e7te yan\u0131m\u0131zda olup destekleri ile bize g\u00fc\u00e7 veren,&nbsp; Malezya B\u00fcy\u00fckel\u00e7imiz Emir Salim Y\u00fcksel ve personeline,&nbsp; Antalya Milletvekilimiz \u0130brahim Ayd\u0131n&#8217; a,&nbsp; Federasyon Ba\u015fkan\u0131m\u0131z Kerim Vural ve y\u00f6neticilerimize, dualar\u0131 ve takipleri ile deste\u011fini hissettiren Milletimize ve TRT ailesine te\u015fekk\u00fcr ederiz.&nbsp; Bundan sonraki hedefimiz , \u00dclkemizin ev sahipli\u011finde Mart ay&#8217; \u0131nda Ankara&#8217;da ger\u00e7ekle\u015fecek olan k\u0131\u015f olimpiyatlar\u0131na haz\u0131rlanarak, \u00fclkemizi en iyi \u015fekilde temsil etmek olacakt\u0131r.<\/p>\n\n\n\n<p>(Haber Merkezi)<\/p>\n","protected":false},"excerpt":{"rendered":"<p>Malezya &#8216;da ger\u00e7ekle\u015fen \u0130\u015fitme Engelliler Futbol&nbsp; D\u00fcnya \u015eampiyonas\u0131na , \u00dclkemiz Erkek ve Kad\u0131n Futbol tak\u0131mlar\u0131 olarak iki tak\u0131m ile kat\u0131ld\u0131. \u015eampiyonada,&nbsp; \u0130l\u00e7emiz Kaymakaml\u0131k Sosyal Yard\u0131mla\u015fma <a href=\"https:\/\/akdenizhaber.com.tr\/index.php\/2023\/10\/17\/sampiyonada-dunya-ikincisi-oldular\/\" class=\"read-more-link\">[more&#8230;]<\/a><\/p>\n","protected":false},"author":2,"featured_media":16782,"comment_status":"open","ping_status":"open","sticky":false,"template":"","format":"standard","meta":{"footnotes":""},"categories":[2],"tags":[],"class_list":["post-16781","post","type-post","status-publish","format-standard","has-post-thumbnail","hentry","category-gundem"],"_links":{"self":[{"href":"https:\/\/akdenizhaber.com.tr\/index.php\/wp-json\/wp\/v2\/posts\/16781","targetHints":{"allow":["GET"]}}],"collection":[{"href":"https:\/\/akdenizhaber.com.tr\/index.php\/wp-json\/wp\/v2\/posts"}],"about":[{"href":"https:\/\/akdenizhaber.com.tr\/index.php\/wp-json\/wp\/v2\/types\/post"}],"author":[{"embeddable":true,"href":"https:\/\/akdenizhaber.com.tr\/index.php\/wp-json\/wp\/v2\/users\/2"}],"replies":[{"embeddable":true,"href":"https:\/\/akdenizhaber.com.tr\/index.php\/wp-json\/wp\/v2\/comments?post=16781"}],"version-history":[{"count":0,"href":"https:\/\/akdenizhaber.com.tr\/index.php\/wp-json\/wp\/v2\/posts\/16781\/revisions"}],"wp:featuredmedia":[{"embeddable":true,"href":"https:\/\/akdenizhaber.com.tr\/index.php\/wp-json\/wp\/v2\/media\/16782"}],"wp:attachment":[{"href":"https:\/\/akdenizhaber.com.tr\/index.php\/wp-json\/wp\/v2\/media?parent=16781"}],"wp:term":[{"taxonomy":"category","embeddable":true,"href":"https:\/\/akdenizhaber.com.tr\/index.php\/wp-json\/wp\/v2\/categories?post=16781"},{"taxonomy":"post_tag","embeddable":true,"href":"https:\/\/akdenizhaber.com.tr\/index.php\/wp-json\/wp\/v2\/tags?post=16781"}],"curies":[{"name":"wp","href":"https:\/\/api.w.org\/{rel}","templated":true}]}}