{"id":16775,"date":"2023-10-17T12:55:21","date_gmt":"2023-10-17T09:55:21","guid":{"rendered":"https:\/\/akdenizhaber.com.tr\/?p=16775"},"modified":"2023-10-17T12:55:21","modified_gmt":"2023-10-17T09:55:21","slug":"manavgat-sirtkoy-mahallesi-grup-yolu-asfaltlaniyor","status":"publish","type":"post","link":"https:\/\/akdenizhaber.com.tr\/index.php\/2023\/10\/17\/manavgat-sirtkoy-mahallesi-grup-yolu-asfaltlaniyor\/","title":{"rendered":"Manavgat S\u0131rtk\u00f6y Mahallesi Grup Yolu asfaltlan\u0131yor"},"content":{"rendered":"\n<p><\/p>\n\n\n\n<p>Antalya B\u00fcy\u00fck\u015fehir Belediyesi, Manavgat il\u00e7esinde S\u0131rtk\u00f6y Mahallesi\u2019nin kulland\u0131\u011f\u0131 16kilometrelik grup yolunda asfaltlama \u00e7al\u0131\u015fmas\u0131na ba\u015flad\u0131.<\/p>\n\n\n\n<p>Antalya B\u00fcy\u00fck\u015fehir Belediyesi K\u0131rsal Hizmetler Dairesi Ba\u015fkanl\u0131\u011f\u0131, Manavgat\u2019ta bozulan yollar\u0131n yap\u0131m\u0131na devam ediyor. Ekipler, altyap\u0131s\u0131 tamamlanan 16 kilometrelik S\u0131rtk\u00f6y Mahallesi yolunda asfaltlama \u00e7al\u0131\u015fmas\u0131na ba\u015flad\u0131. Grup yolunda daha \u00f6nce g\u00fc\u00e7lendirme, b\u00fcz ve \u015farampol \u00e7al\u0131\u015fmalar\u0131 yap\u0131lm\u0131\u015ft\u0131. \u00c7al\u0131\u015fmalar tamamland\u0131\u011f\u0131nda grup yolu g\u00fcvenli ve konforlu hale gelecek.<\/p>\n\n\n\n<p>HAYIRLI OLSUN<\/p>\n\n\n\n<p>Antalya B\u00fcy\u00fck\u015fehir Belediyesi K\u0131rsal Hizmetler Sorumlusu \u0130sa Akdemir, S\u0131rtk\u00f6y Mahalle Muhtar\u0131 Mehmet \u00c7il ve mahalle sakinleri ile birlikte yap\u0131lan sathi asfalt kaplama \u00e7al\u0131\u015fmalar\u0131n\u0131 yerinde inceleyerek, b\u00f6lge halk\u0131na hay\u0131rl\u0131 olmas\u0131n\u0131 diledi. S\u0131rtk\u00f6y Mahalle Muhtar\u0131 Mehmet \u00c7il, \u201c2021 y\u0131l\u0131nda \u00e7\u0131kan b\u00fcy\u00fck Manavgat yang\u0131n\u0131ndan sonra kesilen a\u011fa\u00e7lar\u0131n ta\u015f\u0131nmas\u0131 s\u00fcrecinde tonajl\u0131 ara\u00e7lar yolumuzu bozdu. Bozulan yolumuzun asfaltlanmas\u0131n\u0131 Ba\u015fkan\u0131m\u0131z Muhittin B\u00f6cek\u2019ten talep ettik. Ekiplerini g\u00f6nderdi ve k\u0131sa zamanda altyap\u0131s\u0131n\u0131 tamamlad\u0131. Asfaltlama \u00e7al\u0131\u015fmas\u0131 ba\u015flad\u0131. Ba\u015fkan\u0131m\u0131z Muhittin B\u00f6cek\u2019e te\u015fekk\u00fcr ediyorum\u201d dedi.<\/p>\n\n\n\n<p>Antalya B\u00fcy\u00fck\u015fehir Belediyesi \/ B\u00fclten<\/p>\n","protected":false},"excerpt":{"rendered":"<p>Antalya B\u00fcy\u00fck\u015fehir Belediyesi, Manavgat il\u00e7esinde S\u0131rtk\u00f6y Mahallesi\u2019nin kulland\u0131\u011f\u0131 16kilometrelik grup yolunda asfaltlama \u00e7al\u0131\u015fmas\u0131na ba\u015flad\u0131. Antalya B\u00fcy\u00fck\u015fehir Belediyesi K\u0131rsal Hizmetler Dairesi Ba\u015fkanl\u0131\u011f\u0131, Manavgat\u2019ta bozulan yollar\u0131n yap\u0131m\u0131na <a href=\"https:\/\/akdenizhaber.com.tr\/index.php\/2023\/10\/17\/manavgat-sirtkoy-mahallesi-grup-yolu-asfaltlaniyor\/\" class=\"read-more-link\">[more&#8230;]<\/a><\/p>\n","protected":false},"author":2,"featured_media":16776,"comment_status":"open","ping_status":"open","sticky":false,"template":"","format":"standard","meta":{"footnotes":""},"categories":[2],"tags":[],"class_list":["post-16775","post","type-post","status-publish","format-standard","has-post-thumbnail","hentry","category-gundem"],"_links":{"self":[{"href":"https:\/\/akdenizhaber.com.tr\/index.php\/wp-json\/wp\/v2\/posts\/16775","targetHints":{"allow":["GET"]}}],"collection":[{"href":"https:\/\/akdenizhaber.com.tr\/index.php\/wp-json\/wp\/v2\/posts"}],"about":[{"href":"https:\/\/akdenizhaber.com.tr\/index.php\/wp-json\/wp\/v2\/types\/post"}],"author":[{"embeddable":true,"href":"https:\/\/akdenizhaber.com.tr\/index.php\/wp-json\/wp\/v2\/users\/2"}],"replies":[{"embeddable":true,"href":"https:\/\/akdenizhaber.com.tr\/index.php\/wp-json\/wp\/v2\/comments?post=16775"}],"version-history":[{"count":0,"href":"https:\/\/akdenizhaber.com.tr\/index.php\/wp-json\/wp\/v2\/posts\/16775\/revisions"}],"wp:featuredmedia":[{"embeddable":true,"href":"https:\/\/akdenizhaber.com.tr\/index.php\/wp-json\/wp\/v2\/media\/16776"}],"wp:attachment":[{"href":"https:\/\/akdenizhaber.com.tr\/index.php\/wp-json\/wp\/v2\/media?parent=16775"}],"wp:term":[{"taxonomy":"category","embeddable":true,"href":"https:\/\/akdenizhaber.com.tr\/index.php\/wp-json\/wp\/v2\/categories?post=16775"},{"taxonomy":"post_tag","embeddable":true,"href":"https:\/\/akdenizhaber.com.tr\/index.php\/wp-json\/wp\/v2\/tags?post=16775"}],"curies":[{"name":"wp","href":"https:\/\/api.w.org\/{rel}","templated":true}]}}