{"id":16769,"date":"2023-10-17T12:51:57","date_gmt":"2023-10-17T09:51:57","guid":{"rendered":"https:\/\/akdenizhaber.com.tr\/?p=16769"},"modified":"2023-10-17T12:51:58","modified_gmt":"2023-10-17T09:51:58","slug":"alanya-bucak-cokele-yaylasi-yolu-asfalta-kavustu","status":"publish","type":"post","link":"https:\/\/akdenizhaber.com.tr\/index.php\/2023\/10\/17\/alanya-bucak-cokele-yaylasi-yolu-asfalta-kavustu\/","title":{"rendered":"Alanya Bucak \u00c7\u00f6kele Yaylas\u0131 yolu asfalta kavu\u015ftu"},"content":{"rendered":"\n<p><\/p>\n\n\n\n<p>Antalya B\u00fcy\u00fck\u015fehir Belediyesi k\u0131rsal alan ekipleri, Alanya\u2019n\u0131n y\u0131llard\u0131r yap\u0131lmas\u0131 beklenen \u00c7\u00f6kele Yayla yolunu asfaltlad\u0131.<\/p>\n\n\n\n<p>Antalya B\u00fcy\u00fck\u015fehir Belediyesi K\u0131rsal Hizmetler Dairesi Ba\u015fkanl\u0131\u011f\u0131 Alanya ekipleri taraf\u0131ndan ge\u00e7ti\u011fimiz y\u0131l geni\u015fletme \u00e7al\u0131\u015fmas\u0131 yap\u0131lan Bucak Mahallesi \u00c7\u00f6kele Yaylas\u0131 yolunu haz\u0131rl\u0131k \u00e7al\u0131\u015fmalar\u0131 tamamland\u0131ktan sonra asfaltlad\u0131. Dim Vadisi\u2019nde bulunan Bucak Mahallesi\u2019nin Akda\u011f eteklerinde bulunan \u00c7\u00f6kele Yaylas\u0131 y\u0131llard\u0131r yol sorunu ya\u015f\u0131yordu. Mahalle muhtar\u0131 ve b\u00f6lge sakinlerinin taleplerini de\u011ferlendiren B\u00fcy\u00fck\u015fehir Belediyesi, yapt\u0131\u011f\u0131 \u00e7al\u0131\u015fmayla sorunu k\u00f6kten \u00e7\u00f6zd\u00fc.<\/p>\n\n\n\n<p>2 bin 800 metre uzunlu\u011fundaki yolun asfaltlanmas\u0131 mahalle sakinleri ve muhtar Bar\u0131\u015f Akda\u011f taraf\u0131ndan sevin\u00e7le kar\u015f\u0131land\u0131. Asfalt \u00e7al\u0131\u015fmalar\u0131n\u0131 yerinde takip eden Bucak Mahallesi Muhtar\u0131 Bar\u0131\u015f Akda\u011f, \u201c Y\u0131llard\u0131r s\u00fcren yol sorunumuzu B\u00fcy\u00fck\u015fehir Belediye Ba\u015fkan\u0131m\u0131z Muhittin B\u00f6cek \u00e7\u00f6zd\u00fc. \u015eimdi yaylam\u0131za daha rahat bir \u015fekilde ula\u015f\u0131m\u0131 sa\u011flayaca\u011f\u0131z. Eme\u011fi ge\u00e7enlere te\u015fekk\u00fcr ediyorum \u201c dedi.<\/p>\n\n\n\n<p>Antalya B\u00fcy\u00fck\u015fehir Belediyesi \/ B\u00fclten<\/p>\n","protected":false},"excerpt":{"rendered":"<p>Antalya B\u00fcy\u00fck\u015fehir Belediyesi k\u0131rsal alan ekipleri, Alanya\u2019n\u0131n y\u0131llard\u0131r yap\u0131lmas\u0131 beklenen \u00c7\u00f6kele Yayla yolunu asfaltlad\u0131. Antalya B\u00fcy\u00fck\u015fehir Belediyesi K\u0131rsal Hizmetler Dairesi Ba\u015fkanl\u0131\u011f\u0131 Alanya ekipleri taraf\u0131ndan ge\u00e7ti\u011fimiz <a href=\"https:\/\/akdenizhaber.com.tr\/index.php\/2023\/10\/17\/alanya-bucak-cokele-yaylasi-yolu-asfalta-kavustu\/\" class=\"read-more-link\">[more&#8230;]<\/a><\/p>\n","protected":false},"author":2,"featured_media":16770,"comment_status":"open","ping_status":"open","sticky":false,"template":"","format":"standard","meta":{"footnotes":""},"categories":[2],"tags":[],"class_list":["post-16769","post","type-post","status-publish","format-standard","has-post-thumbnail","hentry","category-gundem"],"_links":{"self":[{"href":"https:\/\/akdenizhaber.com.tr\/index.php\/wp-json\/wp\/v2\/posts\/16769","targetHints":{"allow":["GET"]}}],"collection":[{"href":"https:\/\/akdenizhaber.com.tr\/index.php\/wp-json\/wp\/v2\/posts"}],"about":[{"href":"https:\/\/akdenizhaber.com.tr\/index.php\/wp-json\/wp\/v2\/types\/post"}],"author":[{"embeddable":true,"href":"https:\/\/akdenizhaber.com.tr\/index.php\/wp-json\/wp\/v2\/users\/2"}],"replies":[{"embeddable":true,"href":"https:\/\/akdenizhaber.com.tr\/index.php\/wp-json\/wp\/v2\/comments?post=16769"}],"version-history":[{"count":0,"href":"https:\/\/akdenizhaber.com.tr\/index.php\/wp-json\/wp\/v2\/posts\/16769\/revisions"}],"wp:featuredmedia":[{"embeddable":true,"href":"https:\/\/akdenizhaber.com.tr\/index.php\/wp-json\/wp\/v2\/media\/16770"}],"wp:attachment":[{"href":"https:\/\/akdenizhaber.com.tr\/index.php\/wp-json\/wp\/v2\/media?parent=16769"}],"wp:term":[{"taxonomy":"category","embeddable":true,"href":"https:\/\/akdenizhaber.com.tr\/index.php\/wp-json\/wp\/v2\/categories?post=16769"},{"taxonomy":"post_tag","embeddable":true,"href":"https:\/\/akdenizhaber.com.tr\/index.php\/wp-json\/wp\/v2\/tags?post=16769"}],"curies":[{"name":"wp","href":"https:\/\/api.w.org\/{rel}","templated":true}]}}