{"id":16766,"date":"2023-10-17T12:50:27","date_gmt":"2023-10-17T09:50:27","guid":{"rendered":"https:\/\/akdenizhaber.com.tr\/?p=16766"},"modified":"2023-10-17T12:50:28","modified_gmt":"2023-10-17T09:50:28","slug":"erasmuslu-ogrencilerden-inovasyon-merkezine-ziyaret","status":"publish","type":"post","link":"https:\/\/akdenizhaber.com.tr\/index.php\/2023\/10\/17\/erasmuslu-ogrencilerden-inovasyon-merkezine-ziyaret\/","title":{"rendered":"Erasmuslu \u00f6\u011frencilerden \u0130novasyon Merkezi\u2019ne ziyaret"},"content":{"rendered":"\n<p><\/p>\n\n\n\n<p>Erasmus program\u0131 kapsam\u0131nda Antalya\u2019ya gelen 36 \u00f6\u011frenci Antalya B\u00fcy\u00fck\u015fehir Belediyesi\u2019ne ba\u011fl\u0131 \u00c7evre E\u011fitim ve \u0130novasyon Merkezi\u2019niziyaret etti.<\/p>\n\n\n\n<p>&#8220;EveryDropMatters!&#8221; adl\u0131 Erasmus+ Gen\u00e7lik De\u011fi\u015fimi projesi kapsam\u0131nda, \u0130talya, Macaristan, Romanya, Bulgaristan, Yunanistan ve Polonya&#8217;dan gelen 36 \u00f6\u011frenci, Antalya B\u00fcy\u00fck\u015fehir Belediyesi&#8217;ne ba\u011fl\u0131 \u00c7evre E\u011fitim ve \u0130novasyon Merkezi&#8217;ni ziyaret etti.&nbsp; Gen\u00e7ler, su k\u0131tl\u0131\u011f\u0131 \u00fczerine yap\u0131lan \u00e7al\u0131\u015fmalar\u0131 incelemek \u00fczere \u00e7e\u015fitli \u00fclkeleri ziyaret ederek \u00e7al\u0131\u015fmalar\u0131 yerinde inceleyerek hem gezi hem de \u00f6\u011frenme f\u0131rsat\u0131 buluyor.<\/p>\n\n\n\n<p>6 \u00fclkeden gelen 36 \u00f6\u011frenci \u00c7evre E\u011fitim ve \u0130novasyon Merkezi\u2019nde yap\u0131lan \u00e7al\u0131\u015fmalar\u0131 inceledi. \u00d6\u011frenciler, Antalya B\u00fcy\u00fck\u015fehir Belediye Ba\u015fkan Dan\u0131\u015fman\u0131 Lokman Atasoy \u00f6\u011frenci gen\u00e7lere Antalya\u2019da yap\u0131lan \u00e7evre \u00e7al\u0131\u015fmalar\u0131n\u0131 anlatt\u0131.<\/p>\n\n\n\n<p>Antalya B\u00fcy\u00fck\u015fehir Belediyesi \/ B\u00fclten<\/p>\n","protected":false},"excerpt":{"rendered":"<p>Erasmus program\u0131 kapsam\u0131nda Antalya\u2019ya gelen 36 \u00f6\u011frenci Antalya B\u00fcy\u00fck\u015fehir Belediyesi\u2019ne ba\u011fl\u0131 \u00c7evre E\u011fitim ve \u0130novasyon Merkezi\u2019niziyaret etti. &#8220;EveryDropMatters!&#8221; adl\u0131 Erasmus+ Gen\u00e7lik De\u011fi\u015fimi projesi kapsam\u0131nda, \u0130talya, <a href=\"https:\/\/akdenizhaber.com.tr\/index.php\/2023\/10\/17\/erasmuslu-ogrencilerden-inovasyon-merkezine-ziyaret\/\" class=\"read-more-link\">[more&#8230;]<\/a><\/p>\n","protected":false},"author":2,"featured_media":16767,"comment_status":"open","ping_status":"open","sticky":false,"template":"","format":"standard","meta":{"footnotes":""},"categories":[2],"tags":[],"class_list":["post-16766","post","type-post","status-publish","format-standard","has-post-thumbnail","hentry","category-gundem"],"_links":{"self":[{"href":"https:\/\/akdenizhaber.com.tr\/index.php\/wp-json\/wp\/v2\/posts\/16766","targetHints":{"allow":["GET"]}}],"collection":[{"href":"https:\/\/akdenizhaber.com.tr\/index.php\/wp-json\/wp\/v2\/posts"}],"about":[{"href":"https:\/\/akdenizhaber.com.tr\/index.php\/wp-json\/wp\/v2\/types\/post"}],"author":[{"embeddable":true,"href":"https:\/\/akdenizhaber.com.tr\/index.php\/wp-json\/wp\/v2\/users\/2"}],"replies":[{"embeddable":true,"href":"https:\/\/akdenizhaber.com.tr\/index.php\/wp-json\/wp\/v2\/comments?post=16766"}],"version-history":[{"count":0,"href":"https:\/\/akdenizhaber.com.tr\/index.php\/wp-json\/wp\/v2\/posts\/16766\/revisions"}],"wp:featuredmedia":[{"embeddable":true,"href":"https:\/\/akdenizhaber.com.tr\/index.php\/wp-json\/wp\/v2\/media\/16767"}],"wp:attachment":[{"href":"https:\/\/akdenizhaber.com.tr\/index.php\/wp-json\/wp\/v2\/media?parent=16766"}],"wp:term":[{"taxonomy":"category","embeddable":true,"href":"https:\/\/akdenizhaber.com.tr\/index.php\/wp-json\/wp\/v2\/categories?post=16766"},{"taxonomy":"post_tag","embeddable":true,"href":"https:\/\/akdenizhaber.com.tr\/index.php\/wp-json\/wp\/v2\/tags?post=16766"}],"curies":[{"name":"wp","href":"https:\/\/api.w.org\/{rel}","templated":true}]}}