{"id":16744,"date":"2023-10-17T12:45:50","date_gmt":"2023-10-17T09:45:50","guid":{"rendered":"https:\/\/akdenizhaber.com.tr\/?p=16744"},"modified":"2023-10-17T12:45:50","modified_gmt":"2023-10-17T09:45:50","slug":"tutuncuden-otizmli-birey-ve-ailelerine-mujde","status":"publish","type":"post","link":"https:\/\/akdenizhaber.com.tr\/index.php\/2023\/10\/17\/tutuncuden-otizmli-birey-ve-ailelerine-mujde\/","title":{"rendered":"T\u00fct\u00fcnc\u00fc\u2019den otizmli birey ve ailelerine m\u00fcjde!"},"content":{"rendered":"\n<p><\/p>\n\n\n\n<p>Kepez Belediye Ba\u015fkan\u0131 Hakan T\u00fct\u00fcnc\u00fc, \u201cOtizmli \u00e7ocu\u011fu olan anne ve babalar bizden sonra \u00e7ocu\u011fumuz ne olacak diye d\u00fc\u015f\u00fcnmeyecek. Antalya\u2019da otizmli \u00e7ocuklar\u0131m\u0131z\u0131 el ele vererek sevgiyle sar\u0131p sarmalayaca\u011f\u0131m\u0131z o sistemi kurmay\u0131 biz ba\u015faraca\u011f\u0131z.\u201d dedi. T\u00fct\u00fcnc\u00fc, otizmli bireyler i\u00e7in Kepez\u2019de e\u011fitim merkezi kurulaca\u011f\u0131n\u0131, istihdam edilmeleriyle ilgili de \u00e7al\u0131\u015fmalar y\u00fcr\u00fctt\u00fcklerini de m\u00fcjdeledi.<\/p>\n\n\n\n<p>Otizmli Gen\u00e7 Bireylere Beceri ve Meslek Kazand\u0131rma \u00c7al\u0131\u015ftay\u0131 Antalya Bilim \u00dcniversitesi ABU Konferans Salonunda ger\u00e7ekle\u015ftirildi. \u00c7al\u0131\u015ftaya konu\u015fmac\u0131 olarak kat\u0131lan Kepez Belediye Ba\u015fkan\u0131 Hakan T\u00fct\u00fcnc\u00fc, otizmli birey ve ailelerine m\u00fcjdeler \u00fcst\u00fcne m\u00fcjde verdi. Otizmli bireylerin hayata tutunmas\u0131, sosyal ya\u015fama adapte olmalar\u0131 konusunda gereken neyse yapt\u0131klar\u0131n\u0131 ve yapmaya da devam edeceklerini belirten Ba\u015fkan T\u00fct\u00fcnc\u00fc, Aksu\u2019da otizmli \u00e7ocuklara e\u011fitim yuvas\u0131 olan merkezin bir benzerinin Kepez\u2019e kazand\u0131r\u0131laca\u011f\u0131n\u0131 m\u00fcjdeledi. Aksu\u2019da otizmliler i\u00e7in meydana getirilen tesise de\u011finen Ba\u015fkan T\u00fct\u00fcnc\u00fc, \u201cBu tesis g\u00fczel bir model. Bir Antalya modeli. Oradaki e\u011fitim kalitesini \u00e7e\u015fitlili\u011fini art\u0131rmaya \u00e7al\u0131\u015f\u0131yoruz, hem oray\u0131 el ele vererek daha g\u00fczel bir hale getirmeye \u00e7al\u0131\u015f\u0131yoruz. Belediye olarak onlar\u0131n ula\u015f\u0131mlar\u0131n\u0131 kolayla\u015ft\u0131r\u0131c\u0131 ad\u0131mlar at\u0131yoruz. Orada ailelerin \u00e7ocuklar\u0131yla ne kadar mutlu olduklar\u0131n\u0131 g\u00f6rd\u00fcm ve bu ger\u00e7ekten \u00e7ok \u00f6nemli. \u015eimdi o tesislerin say\u0131s\u0131n\u0131 art\u0131r\u0131yoruz ve bir tanede Kepez\u2019de yap\u0131yoruz. Tabi bu i\u015fler g\u00f6n\u00fcll\u00fc arkada\u015flar\u0131m\u0131zla ilerliyor. Biz belediye olarak bu i\u015fler i\u00e7in ne kadar imkan sa\u011flasak, finansal koysak, her ne kadar bu hizmetler i\u00e7in binalar tahsis etsek, onlar\u0131n s\u00fcrd\u00fcr\u00fcl\u00fcrl\u00fc\u011f\u00fc sevgi dolu kalplerle oluyor. Sivil inisiyatif olmadan s\u00fcrd\u00fcr\u00fclebilirli\u011fe maalesef eri\u015fmiyor. Sivil toplumun, derneklerin, g\u00f6n\u00fcll\u00fclerimizin bu i\u015fe g\u00f6n\u00fcl koymalar\u0131 yapm\u0131\u015f oldu\u011fumuz bu \u00e7al\u0131\u015fmalar\u0131n s\u00fcrd\u00fcr\u00fclebilirli\u011fi bak\u0131m\u0131ndan \u00e7ok de\u011ferli, \u00e7ok \u00f6nemli, \u00e7ok k\u0131ymetli. \u201c dedi.<\/p>\n\n\n\n<p>Kepez Belediye Ba\u015fkan\u0131 Hakan T\u00fct\u00fcnc\u00fc, otizmli yeti\u015fkin bireylerin istihdam\u0131na y\u00f6nelik \u00f6rnek ad\u0131mlar atacaklar\u0131n\u0131n da alt\u0131n\u0131 \u00e7izdi. &nbsp;<\/p>\n\n\n\n<p>Ba\u015fkan T\u00fct\u00fcnc\u00fc, \u201cBizim yapt\u0131\u011f\u0131m\u0131z belediyecilik \u00e7al\u0131\u015fmalar\u0131n\u0131n baz\u0131lar\u0131 T\u00fcrkiye\u2019ye \u00f6rnek oldu. Biz o tecr\u00fcbeleri di\u011fer belediyelerle payla\u015fmaktan mutlu oluyoruz. Bilim merkezi, k\u00fct\u00fcphanelerimiz, sa\u011fl\u0131k merkezlerimiz T\u00fcrkiye\u2019de bir\u00e7ok belediye taraf\u0131ndan \u00f6rnek al\u0131nan projeler. Otistik bireylerimiz i\u00e7in yapt\u0131\u011f\u0131m\u0131z \u00e7al\u0131\u015fmalar\u0131nda T\u00fcrkiye\u2019ye \u00f6rnek olmas\u0131n\u0131 istiyorum.\u201d diye konu\u015ftu. &nbsp;<\/p>\n\n\n\n<p>T\u00dcRK\u0130YE\u2019YE \u00d6RNEK OLACAK<\/p>\n\n\n\n<p>\u201cAnne ve babalar bizden sonra \u00e7ocu\u011fumuz ne olacak diye d\u00fc\u015f\u00fcnmeyecek.\u201d diyerek s\u00f6zlerini s\u00fcrd\u00fcren Ba\u015fkan T\u00fct\u00fcnc\u00fc, \u201cAntalya\u2019da da kendi kendini besleyen, kendi kendini \u00e7eviren o sistemi biz ba\u015fara biliriz. Ve biz bunu ba\u015faraca\u011f\u0131z. &nbsp;\u0130n\u015fallah Antalya\u2019ya k\u0131sa bir s\u00fcrede bu sistemi kazand\u0131raca\u011f\u0131z. Belediyelerin rehberli\u011finde g\u00fczel bir hizmet kervan\u0131na d\u00f6n\u00fc\u015fecek. Otizmli \u00e7ocuklar\u0131m\u0131z\u0131 hep birlikte el ele vererek sevgiyle sar\u0131p sarmalayaca\u011f\u0131z\u201cdedi.<\/p>\n\n\n\n<p>Ba\u015fkan T\u00fct\u00fcnc\u00fc konu\u015fmas\u0131n\u0131n sonunda otizmli bireylere katk\u0131lar\u0131ndan dolay\u0131 Kafkas\u0131n Kad\u0131nlar\u0131 Derne\u011fi ve Akdeniz Otizm Spor Derne\u011fi Ba\u015fkan\u0131 Demet \u00c7ileli Baz\u2019a te\u015fekk\u00fcr etti.<\/p>\n\n\n\n<p>Kepez Belediyesi \/ B\u00fclten<\/p>\n","protected":false},"excerpt":{"rendered":"<p>Kepez Belediye Ba\u015fkan\u0131 Hakan T\u00fct\u00fcnc\u00fc, \u201cOtizmli \u00e7ocu\u011fu olan anne ve babalar bizden sonra \u00e7ocu\u011fumuz ne olacak diye d\u00fc\u015f\u00fcnmeyecek. Antalya\u2019da otizmli \u00e7ocuklar\u0131m\u0131z\u0131 el ele vererek sevgiyle <a href=\"https:\/\/akdenizhaber.com.tr\/index.php\/2023\/10\/17\/tutuncuden-otizmli-birey-ve-ailelerine-mujde\/\" class=\"read-more-link\">[more&#8230;]<\/a><\/p>\n","protected":false},"author":2,"featured_media":16745,"comment_status":"open","ping_status":"open","sticky":false,"template":"","format":"standard","meta":{"footnotes":""},"categories":[2],"tags":[],"class_list":["post-16744","post","type-post","status-publish","format-standard","has-post-thumbnail","hentry","category-gundem"],"_links":{"self":[{"href":"https:\/\/akdenizhaber.com.tr\/index.php\/wp-json\/wp\/v2\/posts\/16744","targetHints":{"allow":["GET"]}}],"collection":[{"href":"https:\/\/akdenizhaber.com.tr\/index.php\/wp-json\/wp\/v2\/posts"}],"about":[{"href":"https:\/\/akdenizhaber.com.tr\/index.php\/wp-json\/wp\/v2\/types\/post"}],"author":[{"embeddable":true,"href":"https:\/\/akdenizhaber.com.tr\/index.php\/wp-json\/wp\/v2\/users\/2"}],"replies":[{"embeddable":true,"href":"https:\/\/akdenizhaber.com.tr\/index.php\/wp-json\/wp\/v2\/comments?post=16744"}],"version-history":[{"count":0,"href":"https:\/\/akdenizhaber.com.tr\/index.php\/wp-json\/wp\/v2\/posts\/16744\/revisions"}],"wp:featuredmedia":[{"embeddable":true,"href":"https:\/\/akdenizhaber.com.tr\/index.php\/wp-json\/wp\/v2\/media\/16745"}],"wp:attachment":[{"href":"https:\/\/akdenizhaber.com.tr\/index.php\/wp-json\/wp\/v2\/media?parent=16744"}],"wp:term":[{"taxonomy":"category","embeddable":true,"href":"https:\/\/akdenizhaber.com.tr\/index.php\/wp-json\/wp\/v2\/categories?post=16744"},{"taxonomy":"post_tag","embeddable":true,"href":"https:\/\/akdenizhaber.com.tr\/index.php\/wp-json\/wp\/v2\/tags?post=16744"}],"curies":[{"name":"wp","href":"https:\/\/api.w.org\/{rel}","templated":true}]}}