{"id":16740,"date":"2023-10-16T13:27:57","date_gmt":"2023-10-16T10:27:57","guid":{"rendered":"https:\/\/akdenizhaber.com.tr\/?p=16740"},"modified":"2023-10-16T13:27:57","modified_gmt":"2023-10-16T10:27:57","slug":"manavgatta-ci-borek-etkinligi","status":"publish","type":"post","link":"https:\/\/akdenizhaber.com.tr\/index.php\/2023\/10\/16\/manavgatta-ci-borek-etkinligi\/","title":{"rendered":"Manavgat\u2019ta \u201c\u00c7i B\u00f6rek\u201d Etkinli\u011fi"},"content":{"rendered":"\n<p><\/p>\n\n\n\n<p>Manavgat\u2019ta faaliyet g\u00f6steren K\u0131r\u0131m T\u00fcrkleri K\u00fclt\u00fcr ve Yard\u0131mla\u015fma Derne\u011fi \u00c7i B\u00f6rek etkinli\u011fi d\u00fczenledi. Dernek Y\u00f6netim Kurulu Ba\u015fkan\u0131 Di\u011fdem Ba\u015fak Ba\u015fk\u0131r \u00c7al\u0131\u015fkan \u201cHem k\u00fclt\u00fcr\u00fcm\u00fczden hem de K\u0131r\u0131m mutfa\u011f\u0131m\u0131zdan \u00f6ne \u00e7\u0131kan \u00e7i b\u00f6re\u011fimizi&nbsp; tan\u0131tmak ve \u00fcyelerimizle&nbsp; kayna\u015fmak amac\u0131yla d\u00fczenledi\u011fimiz etkinli\u011fimize t\u00fcm Manavgatl\u0131lar\u0131 bekliyoruz \u201ddedi. Etkinlik 22 Ekim 2023 Pazar g\u00fcn\u00fc \u00c7olakl\u0131 mahallesi&nbsp; Milkum Sitesi restoran\u0131nda yap\u0131lacak.<\/p>\n\n\n\n<p>(Haber Merkezi)<\/p>\n","protected":false},"excerpt":{"rendered":"<p>Manavgat\u2019ta faaliyet g\u00f6steren K\u0131r\u0131m T\u00fcrkleri K\u00fclt\u00fcr ve Yard\u0131mla\u015fma Derne\u011fi \u00c7i B\u00f6rek etkinli\u011fi d\u00fczenledi. Dernek Y\u00f6netim Kurulu Ba\u015fkan\u0131 Di\u011fdem Ba\u015fak Ba\u015fk\u0131r \u00c7al\u0131\u015fkan \u201cHem k\u00fclt\u00fcr\u00fcm\u00fczden hem de <a href=\"https:\/\/akdenizhaber.com.tr\/index.php\/2023\/10\/16\/manavgatta-ci-borek-etkinligi\/\" class=\"read-more-link\">[more&#8230;]<\/a><\/p>\n","protected":false},"author":2,"featured_media":16742,"comment_status":"open","ping_status":"open","sticky":false,"template":"","format":"standard","meta":{"footnotes":""},"categories":[2],"tags":[],"class_list":["post-16740","post","type-post","status-publish","format-standard","has-post-thumbnail","hentry","category-gundem"],"_links":{"self":[{"href":"https:\/\/akdenizhaber.com.tr\/index.php\/wp-json\/wp\/v2\/posts\/16740","targetHints":{"allow":["GET"]}}],"collection":[{"href":"https:\/\/akdenizhaber.com.tr\/index.php\/wp-json\/wp\/v2\/posts"}],"about":[{"href":"https:\/\/akdenizhaber.com.tr\/index.php\/wp-json\/wp\/v2\/types\/post"}],"author":[{"embeddable":true,"href":"https:\/\/akdenizhaber.com.tr\/index.php\/wp-json\/wp\/v2\/users\/2"}],"replies":[{"embeddable":true,"href":"https:\/\/akdenizhaber.com.tr\/index.php\/wp-json\/wp\/v2\/comments?post=16740"}],"version-history":[{"count":0,"href":"https:\/\/akdenizhaber.com.tr\/index.php\/wp-json\/wp\/v2\/posts\/16740\/revisions"}],"wp:featuredmedia":[{"embeddable":true,"href":"https:\/\/akdenizhaber.com.tr\/index.php\/wp-json\/wp\/v2\/media\/16742"}],"wp:attachment":[{"href":"https:\/\/akdenizhaber.com.tr\/index.php\/wp-json\/wp\/v2\/media?parent=16740"}],"wp:term":[{"taxonomy":"category","embeddable":true,"href":"https:\/\/akdenizhaber.com.tr\/index.php\/wp-json\/wp\/v2\/categories?post=16740"},{"taxonomy":"post_tag","embeddable":true,"href":"https:\/\/akdenizhaber.com.tr\/index.php\/wp-json\/wp\/v2\/tags?post=16740"}],"curies":[{"name":"wp","href":"https:\/\/api.w.org\/{rel}","templated":true}]}}