{"id":16735,"date":"2023-10-16T11:09:57","date_gmt":"2023-10-16T08:09:57","guid":{"rendered":"https:\/\/akdenizhaber.com.tr\/?p=16735"},"modified":"2023-10-16T11:09:57","modified_gmt":"2023-10-16T08:09:57","slug":"serikte-baspehlivan-zeybek-oldu","status":"publish","type":"post","link":"https:\/\/akdenizhaber.com.tr\/index.php\/2023\/10\/16\/serikte-baspehlivan-zeybek-oldu\/","title":{"rendered":"Serik\u2019te Ba\u015fpehlivan Zeybek Oldu"},"content":{"rendered":"\n<p><\/p>\n\n\n\n<p>Pazar g\u00fcn\u00fc yap\u0131lan Serik Kadriye ya\u011fl\u0131 pehlivan g\u00fcre\u015flerinde Ba\u015fpehlivan Yusuf Can Zeybek oldu. 70\u2019in \u00fczerinde ba\u015fpehlivan\u0131n kat\u0131ld\u0131\u011f\u0131 g\u00fcre\u015flerde 1.nciye ayr\u0131ca elektrikli otomobil hediye edildi. Sabah\u0131n erken saatlerinde ba\u015flayan g\u00fcre\u015flere Serikli g\u00fcre\u015f severlerin yan\u0131 s\u0131ra \u00e7evre il ve il\u00e7elerden de \u00e7ok say\u0131da seyirci kat\u0131ld\u0131. \u00d6te yandan ya\u011fl\u0131 pehlivan g\u00fcre\u015flerinde ilk kez kad\u0131n izleyiciler i\u00e7in de oturma trib\u00fcn\u00fc haz\u0131rland\u0131. Bir \u00e7ok g\u00fcre\u015f\u00e7inin anne, k\u0131z karde\u015f ve sevenleri de bu trib\u00fcnden pehlivanlara destek verdiler.<\/p>\n\n\n\n<p>K\u0131rkp\u0131nar\u0131 aratmayan ve k\u0131ran k\u0131rana ge\u00e7en g\u00fcre\u015flerin neticelenmesi yats\u0131 ezan\u0131n\u0131 da ge\u00e7ti ve y\u00fczlerce izleyici oturdu\u011fu trib\u00fcnlerden kalkmadan bu heyecana ortak oldular. 6 tur sonucu finalde \u0130smail Ko\u00e7\u2019u uzatmalarda puanla yenen bu y\u0131l\u0131n K\u0131rkp\u0131nar ve T\u00fcrkiye Ba\u015fpehlivan\u0131 Yusuf Can Zeybek oldu. 2.nci v3 3.nc\u00fcl\u00fc\u011f\u00fc ise K\u00fcr\u015fat \u015eevki Korkmaz ile Mustafa Batu payla\u015ft\u0131lar.<\/p>\n\n\n\n<p>(Haber Merkezi)<\/p>\n","protected":false},"excerpt":{"rendered":"<p>Pazar g\u00fcn\u00fc yap\u0131lan Serik Kadriye ya\u011fl\u0131 pehlivan g\u00fcre\u015flerinde Ba\u015fpehlivan Yusuf Can Zeybek oldu. 70\u2019in \u00fczerinde ba\u015fpehlivan\u0131n kat\u0131ld\u0131\u011f\u0131 g\u00fcre\u015flerde 1.nciye ayr\u0131ca elektrikli otomobil hediye edildi. Sabah\u0131n <a href=\"https:\/\/akdenizhaber.com.tr\/index.php\/2023\/10\/16\/serikte-baspehlivan-zeybek-oldu\/\" class=\"read-more-link\">[more&#8230;]<\/a><\/p>\n","protected":false},"author":2,"featured_media":16736,"comment_status":"open","ping_status":"open","sticky":false,"template":"","format":"standard","meta":{"footnotes":""},"categories":[2],"tags":[],"class_list":["post-16735","post","type-post","status-publish","format-standard","has-post-thumbnail","hentry","category-gundem"],"_links":{"self":[{"href":"https:\/\/akdenizhaber.com.tr\/index.php\/wp-json\/wp\/v2\/posts\/16735","targetHints":{"allow":["GET"]}}],"collection":[{"href":"https:\/\/akdenizhaber.com.tr\/index.php\/wp-json\/wp\/v2\/posts"}],"about":[{"href":"https:\/\/akdenizhaber.com.tr\/index.php\/wp-json\/wp\/v2\/types\/post"}],"author":[{"embeddable":true,"href":"https:\/\/akdenizhaber.com.tr\/index.php\/wp-json\/wp\/v2\/users\/2"}],"replies":[{"embeddable":true,"href":"https:\/\/akdenizhaber.com.tr\/index.php\/wp-json\/wp\/v2\/comments?post=16735"}],"version-history":[{"count":0,"href":"https:\/\/akdenizhaber.com.tr\/index.php\/wp-json\/wp\/v2\/posts\/16735\/revisions"}],"wp:featuredmedia":[{"embeddable":true,"href":"https:\/\/akdenizhaber.com.tr\/index.php\/wp-json\/wp\/v2\/media\/16736"}],"wp:attachment":[{"href":"https:\/\/akdenizhaber.com.tr\/index.php\/wp-json\/wp\/v2\/media?parent=16735"}],"wp:term":[{"taxonomy":"category","embeddable":true,"href":"https:\/\/akdenizhaber.com.tr\/index.php\/wp-json\/wp\/v2\/categories?post=16735"},{"taxonomy":"post_tag","embeddable":true,"href":"https:\/\/akdenizhaber.com.tr\/index.php\/wp-json\/wp\/v2\/tags?post=16735"}],"curies":[{"name":"wp","href":"https:\/\/api.w.org\/{rel}","templated":true}]}}