{"id":16726,"date":"2023-10-16T13:28:00","date_gmt":"2023-10-16T10:28:00","guid":{"rendered":"https:\/\/akdenizhaber.com.tr\/?p=16726"},"modified":"2023-10-16T13:28:58","modified_gmt":"2023-10-16T10:28:58","slug":"tutuncu-belediye-olarak-her-zaman-is-dunyasinin-yanindayiz","status":"publish","type":"post","link":"https:\/\/akdenizhaber.com.tr\/index.php\/2023\/10\/16\/tutuncu-belediye-olarak-her-zaman-is-dunyasinin-yanindayiz\/","title":{"rendered":"T\u00fct\u00fcnc\u00fc; \u201cBelediye olarak her zaman \u0130\u015f d\u00fcnyas\u0131n\u0131n yan\u0131nday\u0131z\u201d"},"content":{"rendered":"\n<p><\/p>\n\n\n\n<p>ATSO 18. Grup Plastik Kau\u00e7uk ve Al\u00fcminyum \u00dcr\u00fcnleri Meslek Komitesi \u00fcyelerinin taleplerini dinleyen Kepez Belediye Ba\u015fkan\u0131 Hakan T\u00fct\u00fcnc\u00fc, \u201cBelediye birimlerimiz \u00fczerine d\u00fc\u015feni en g\u00fczel \u015fekilde yerine getirecektir.&nbsp; Esnaf\u0131m\u0131z\u0131n zaten yan\u0131nday\u0131z. \u0130\u015f d\u00fcnyas\u0131n\u0131n da, i\u015f insanlar\u0131m\u0131z\u0131n da, Ticaret Odas\u0131 \u00fcyelerimizin de her zaman yan\u0131nda olaca\u011f\u0131z\u201d dedi.&nbsp;<\/p>\n\n\n\n<p>Kepez Belediye Ba\u015fkan\u0131 Hakan T\u00fct\u00fcnc\u00fc,&nbsp; ATSO 18. Grup Plastik Kau\u00e7uk ve Al\u00fcminyum \u00dcr\u00fcnleri Meslek Komitesi \u00fcyeleriyle bir araya geldi. ATSO Ba\u015fkan\u0131 Ali Bahar\u2019\u0131n ev sahipli\u011finde Atat\u00fcrk Konferans Salonunda ger\u00e7ekle\u015fen toplant\u0131da komite \u00fcyeleri sekt\u00f6rlerine y\u00f6nelik taleplerini iletti, Ba\u015fkan T\u00fct\u00fcnc\u00fc\u2019de sekt\u00f6r temsilcilerinin sorular\u0131n\u0131 cevaplad\u0131. Toplant\u0131n\u0131n ard\u0131ndan bir de\u011ferlendirme yapan Kepez Belediye Ba\u015fkan\u0131 Hakan T\u00fct\u00fcnc\u00fc, Antalya Ticaret ve Sanayi Odas\u0131 Ba\u015fkan\u0131 Ali Bahar&#8217;a te\u015fekk\u00fcr ederek, \u201cSekt\u00f6rle belediyeyi bulu\u015fturan ve sekt\u00f6r\u00fcn taleplerini dinledi\u011fimiz \u00e7\u00f6z\u00fcm \u00f6nerilerini konu\u015ftu\u011fumuz harikulade verimli, g\u00fczel bir toplant\u0131 icra ettik. \u201cdedi.<\/p>\n\n\n\n<p>SEKT\u00d6R\u00dcN TALEPLER\u0130N\u0130 D\u0130NLED\u0130<\/p>\n\n\n\n<p>Toplant\u0131n\u0131n oda\u011f\u0131nda iki konu oldu\u011funu belirterek a\u00e7\u0131klamalar\u0131n\u0131 s\u00fcrd\u00fcren Ba\u015fkan T\u00fct\u00fcnc\u00fc, \u201cBunlardan birincisi geri d\u00f6n\u00fc\u015f\u00fcmc\u00fc esnaf\u0131m\u0131z\u0131n toplu i\u015f yerlerine y\u00f6nelik yer talepleri ve yeni i\u015f yerinin kurulmas\u0131 talebiydi. \u0130kincisi de kay\u0131t d\u0131\u015f\u0131yla m\u00fccadeleydi.&nbsp; Her iki konuda sekt\u00f6r a\u00e7\u0131s\u0131ndan son derece anlaml\u0131 \u015fehircilik bak\u0131m\u0131ndan da son derece gerekli taleplerdi. Bu taleplerle ilgili belediye birimlerimiz \u00fczerine d\u00fc\u015feni en g\u00fczel \u015fekilde yapacak. Adeta bir ticaret odas\u0131n\u0131n partneri gibi ilgili birimlerimiz hareket edecek. Esnaf\u0131m\u0131z\u0131n zaten yan\u0131nday\u0131z, i\u015f d\u00fcnyas\u0131n\u0131n da, i\u015f insanlar\u0131m\u0131z\u0131n da Ticaret Odas\u0131 \u00fcyelerimizin de her zaman bu konuda yan\u0131nda olaca\u011f\u0131z. \u201cdiye konu\u015ftu.<\/p>\n\n\n\n<p>SORUNLARI ETRAFLI \u015eEK\u0130LDE ELE ALDIK<\/p>\n\n\n\n<p>Birlikte y\u00f6neti\u015fim konusuna da de\u011finen Ba\u015fkan T\u00fct\u00fcnc\u00fc, \u201c\u015eehrin temel meselelerini, payda\u015flar\u0131m\u0131zla birlikte g\u00f6r\u00fc\u015f\u00fcp onlarla birlikte beraber \u00e7areler \u00fcretip o \u00fcretti\u011fimiz \u00e7areleri de birlikte beraberce hayata ge\u00e7irmekten bahsediyoruz. Antalya Ticaret ve Sanayi Odas\u0131 Ba\u015fkan\u0131m\u0131z Ali Bahar ile bu konuda ger\u00e7ekten \u00e7ok ciddi manada mesafeler alm\u0131\u015f olmak bizi \u015fehrimiz ad\u0131na sevindiriyor. Bundan \u00f6nce de \u00e7e\u015fitli sekt\u00f6rlerin taleplerini bize iletmi\u015flerdi ve bug\u00fcn de yine geri d\u00f6n\u00fc\u015f\u00fcmc\u00fc karde\u015flerimizin, dostlar\u0131m\u0131z\u0131n sevgili hem\u015ferilerimizin ticaret ve sanayi odas\u0131n\u0131n bu grubunun meselelerini etrafl\u0131 bir bi\u00e7imde ele ald\u0131k. E\u011fer \u00fcst d\u00fczey bir irade ortaya konursa \u015fehrin problemleri ile alakal\u0131 \u00e7\u00f6z\u00fcmlerin \u00e7ok h\u0131zl\u0131 geldi\u011fini g\u00f6r\u00fcyoruz. Ali Bahar ba\u015fkan\u0131m\u0131z\u0131 ve \u00e7ok de\u011ferli komite \u00fcyesi arkada\u015flar\u0131m\u0131za \u00e7ok te\u015fekk\u00fcr ediyoruz. \u201c diye konu\u015ftu.<\/p>\n\n\n\n<p>BELED\u0130YE OLARAK KARARLILI\u011eIMIZ DEVAM EDECEK<\/p>\n\n\n\n<p>\u201cGeri d\u00f6n\u00fc\u015f\u00fcmc\u00fc esnaf\u0131m\u0131z\u0131n geri d\u00f6n\u00fc\u015f\u00fcmc\u00fc firmalar\u0131m\u0131z\u0131n desteklenmesi konusunda belediye olarak kararl\u0131l\u0131\u011f\u0131m\u0131z devam edecek.\u201d diyerek s\u00f6zlerini s\u00fcrd\u00fcren Ba\u015fkan T\u00fct\u00fcnc\u00fc, \u201cDevlet olarak da kararl\u0131l\u0131\u011f\u0131m\u0131z devam etmeli, ediyor, edecek. \u00d6zellikle s\u0131f\u0131r at\u0131k projesi kapsam\u0131nda \u00e7ok farkl\u0131 bir pozisyona gelen sekt\u00f6r\u00fcn bundan sonra bizim desteklerimizle, gayretlerimizle ve bu ortak akl\u0131n ortaya \u00e7\u0131karm\u0131\u015f oldu\u011fu yol haritas\u0131n\u0131 takiple \u00e7ok daha iyi noktalara ula\u015faca\u011f\u0131n\u0131 d\u00fc\u015f\u00fcn\u00fcyorum.\u201d ifadelerini kulland\u0131.<\/p>\n\n\n\n<p>T\u0130CARET VE EKONOM\u0130M\u0130ZE FAYDA GET\u0130R\u0130YOR<\/p>\n\n\n\n<p>Antalya Ticaret ve Sanayi Odas\u0131 Ba\u015fkan\u0131 Ali Bahar da, Kepez Belediye Ba\u015fkan\u0131 Hakan T\u00fct\u00fcnc\u00fc\u2019n\u00fcn, sadece kendi b\u00f6lgesinde de\u011fil, di\u011fer b\u00f6lgelerdeki sorunlara da \u00e7ok \u00e7abuk \u00e7\u00f6z\u00fcm getirdi\u011fini s\u00f6yledi. Bahar, \u201cOnun i\u00e7in ba\u015fkan\u0131m\u0131z bizim i\u00e7in \u00e7ok de\u011ferli.&nbsp; Ticaretimize ekonomimize b\u00fcy\u00fck faydalar getiriyor. Kendilerine huzurlar\u0131n\u0131zda te\u015fekk\u00fcr etmek istiyorum. Sekt\u00f6r\u00fcn sorunlar\u0131yla ilgili d\u00fczenlenen bu toplant\u0131n\u0131n \u00e7ok hay\u0131rl\u0131 olaca\u011f\u0131n\u0131 d\u00fc\u015f\u00fcn\u00fcyorum. \u201cdedi.<\/p>\n\n\n\n<p>Kepez Belediyesi \/ B\u00fclten<\/p>\n","protected":false},"excerpt":{"rendered":"<p>ATSO 18. Grup Plastik Kau\u00e7uk ve Al\u00fcminyum \u00dcr\u00fcnleri Meslek Komitesi \u00fcyelerinin taleplerini dinleyen Kepez Belediye Ba\u015fkan\u0131 Hakan T\u00fct\u00fcnc\u00fc, \u201cBelediye birimlerimiz \u00fczerine d\u00fc\u015feni en g\u00fczel \u015fekilde <a href=\"https:\/\/akdenizhaber.com.tr\/index.php\/2023\/10\/16\/tutuncu-belediye-olarak-her-zaman-is-dunyasinin-yanindayiz\/\" class=\"read-more-link\">[more&#8230;]<\/a><\/p>\n","protected":false},"author":2,"featured_media":16727,"comment_status":"open","ping_status":"open","sticky":false,"template":"","format":"standard","meta":{"footnotes":""},"categories":[2],"tags":[],"class_list":["post-16726","post","type-post","status-publish","format-standard","has-post-thumbnail","hentry","category-gundem"],"_links":{"self":[{"href":"https:\/\/akdenizhaber.com.tr\/index.php\/wp-json\/wp\/v2\/posts\/16726","targetHints":{"allow":["GET"]}}],"collection":[{"href":"https:\/\/akdenizhaber.com.tr\/index.php\/wp-json\/wp\/v2\/posts"}],"about":[{"href":"https:\/\/akdenizhaber.com.tr\/index.php\/wp-json\/wp\/v2\/types\/post"}],"author":[{"embeddable":true,"href":"https:\/\/akdenizhaber.com.tr\/index.php\/wp-json\/wp\/v2\/users\/2"}],"replies":[{"embeddable":true,"href":"https:\/\/akdenizhaber.com.tr\/index.php\/wp-json\/wp\/v2\/comments?post=16726"}],"version-history":[{"count":0,"href":"https:\/\/akdenizhaber.com.tr\/index.php\/wp-json\/wp\/v2\/posts\/16726\/revisions"}],"wp:featuredmedia":[{"embeddable":true,"href":"https:\/\/akdenizhaber.com.tr\/index.php\/wp-json\/wp\/v2\/media\/16727"}],"wp:attachment":[{"href":"https:\/\/akdenizhaber.com.tr\/index.php\/wp-json\/wp\/v2\/media?parent=16726"}],"wp:term":[{"taxonomy":"category","embeddable":true,"href":"https:\/\/akdenizhaber.com.tr\/index.php\/wp-json\/wp\/v2\/categories?post=16726"},{"taxonomy":"post_tag","embeddable":true,"href":"https:\/\/akdenizhaber.com.tr\/index.php\/wp-json\/wp\/v2\/tags?post=16726"}],"curies":[{"name":"wp","href":"https:\/\/api.w.org\/{rel}","templated":true}]}}