{"id":16717,"date":"2023-10-16T10:57:33","date_gmt":"2023-10-16T07:57:33","guid":{"rendered":"https:\/\/akdenizhaber.com.tr\/?p=16717"},"modified":"2023-10-16T10:57:34","modified_gmt":"2023-10-16T07:57:34","slug":"muratpasada-afetlere-karsi-mucadele","status":"publish","type":"post","link":"https:\/\/akdenizhaber.com.tr\/index.php\/2023\/10\/16\/muratpasada-afetlere-karsi-mucadele\/","title":{"rendered":"Muratpa\u015fa\u2019da Afetlere kar\u015f\u0131 m\u00fccadele"},"content":{"rendered":"\n<p><\/p>\n\n\n\n<p>Antalya\u2019da Muratpa\u015fa Belediyesi\u2019nin aralar\u0131nda Arama Kurtarma Derne\u011fi (AKUT), Jandarma Arama Kurtarma (JAK), AFAD gibi dernek ve kurumlarla d\u00fczenlendi\u011fi etkinlikte Ba\u015fkanvekili H\u00fcseyin Sar\u0131, afetler ve \u00f6nleyici \u00e7al\u0131\u015fmalarda sivil toplum kurulu\u015flar\u0131, g\u00f6n\u00fcll\u00fcler ve kamu y\u00f6netiminin birlikte \u00e7al\u0131\u015fmas\u0131n\u0131n \u00f6neminin alt\u0131n\u0131 \u00e7izdi.<\/p>\n\n\n\n<p>Birle\u015fmi\u015f Milletler Genel Kurulu karar\u0131yla 1989\u2019da ilan edilen 13 Ekim Uluslararas\u0131 Afet Risklerinin Azalt\u0131lmas\u0131 G\u00fcn\u00fc dolay\u0131s\u0131yla d\u00fczenlenen etkinlik Abdullah Sevim\u00e7ok Sivil Toplum ve \u0130novasyon Merkezlerinde (ASS\u0130M) yap\u0131ld\u0131. Etkinlikte, AKUT, AFAD ve JAK\u2019\u0131n yan\u0131 s\u0131ra MAKSAT Arama Kurtarma Derne\u011fi, ANDA Derne\u011fi, TUKS arama kurtarma ekipleri, PARS Hayvan Arama Kurtarma Ekibi ve afet b\u00f6lgelerinde haberle\u015fmeyi sa\u011flayan T\u00fcrkiye Radyo Amat\u00f6rleri Cemiyeti (TRAC) yer ald\u0131.<br><br>Dernekler, ASS\u0130M\u2019de a\u00e7t\u0131klar\u0131 stantlarda arama-kurtarma \u00e7al\u0131\u015fmalar\u0131nda kulland\u0131klar\u0131 ekipmanlar\u0131 sergilerken deneyimlerini de payla\u015ft\u0131. Stantlar\u0131 gezen Belediye Ba\u015fkan Yard\u0131mc\u0131s\u0131 H\u00fcseyin Sar\u0131, afetler ve \u00f6nleyici \u00e7al\u0131\u015fmalarda sivil toplum kurulu\u015flar\u0131, g\u00f6n\u00fcll\u00fcler ve kamu y\u00f6netiminin birlikte \u00e7al\u0131\u015fmas\u0131n\u0131n \u00f6neminin alt\u0131n\u0131 \u00e7izdi ve \u201cMuratpa\u015fa Belediyesi olarak Ba\u015fkan\u0131m\u0131z \u00dcmit Uysal \u00f6nderli\u011finde aksatmadan bu i\u015fleri devam ettirmeye \u00e7al\u0131\u015f\u0131yoruz\u201d dedi.<br><br>MAKSAT Arama Kurtarma Ekip Ba\u015fkan\u0131 Sevim D\u00fcndar \u201cAmac\u0131m\u0131z ekip arkada\u015flar\u0131m\u0131zla beraber daha bilin\u00e7li bir toplum olu\u015fturmak ad\u0131na afet fark\u0131ndal\u0131\u011f\u0131 bilincinin olu\u015fturulmas\u0131n\u0131 sa\u011flamak. Belediyemize b\u00f6yle bir etkinlik d\u00fczenlendi\u011fi i\u00e7in \u00e7ok te\u015fekk\u00fcr ediyoruz\u201d diye konu\u015ftu. PARS ekibinden Cem Ba\u015fer ise afet b\u00f6lgelerinde veteriner hekimlerle birlikte hayvanlar\u0131 kurtarmak \u00fczerine \u00e7al\u0131\u015ft\u0131klar\u0131n\u0131 belirterek, \u201c\u0130nsanlar\u0131 kurtard\u0131\u011f\u0131m\u0131z zaman ula\u015ft\u0131rabilece\u011fimiz noktalar var. Ama bir hayvan kurtard\u0131\u011f\u0131m\u0131z zaman bunu ula\u015ft\u0131rabilece\u011fimiz bir nokta bug\u00fcne kadar yoktu\u201d dedi.<br><br>ASS\u0130M\u2019de d\u00fczenlenen etkinlik, seminerle devam etti. \u00dcniversite \u00f6\u011frencilerinin yo\u011fun ilgi g\u00f6sterdi\u011fi seminerde deprem, sel ve yang\u0131n olmak \u00fczere do\u011fal afetlerde al\u0131nabilecek \u00f6nlemler ve korunma y\u00f6ntemleriyle ilgili bilgi verildi.<br><br>D\u0130REN\u00c7L\u0130 B\u0130R ANTALYA \u0130\u00c7\u0130N<br><br>Muratpa\u015fa Belediyesi, T\u00fcrkiye&#8217;yi sarsan deprem felaketinin ard\u0131ndan depreme dayan\u0131kl\u0131 bir kent i\u00e7in ilk ad\u0131m\u0131n\u0131 Mahalle Afet G\u00f6n\u00fcll\u00fcs\u00fc (MAG) program\u0131yla att\u0131. Her mahallede afet g\u00f6n\u00fcll\u00fc grubu olu\u015fturmay\u0131 hedefleyen programda teorik e\u011fitimlerin ard\u0131ndan uygulamal\u0131 e\u011fitimler de tamamland\u0131. \u0130lk m\u00fcdahale, afet bilinci, afet anatomisi, g\u00f6n\u00fcll\u00fcl\u00fck, ilk yard\u0131m, arama-kurtarma gibi ba\u015fl\u0131klarda yap\u0131lan teorik e\u011fitimlerin ard\u0131ndan g\u00f6n\u00fcll\u00fcler, enkaz ba\u015f\u0131nda \u00f6\u011frendiklerini uygulad\u0131. Muratpa\u015fa Belediyesi ayr\u0131ca mart ay\u0131nda ald\u0131\u011f\u0131 meclis karar\u0131yla il\u00e7ede yeni yap\u0131lacak t\u00fcm binalara perde beton uygulamas\u0131 zorunlulu\u011fu getirdi.<\/p>\n\n\n\n<p>Muratpa\u015fa Belediyesi \/ B\u00fclten<\/p>\n","protected":false},"excerpt":{"rendered":"<p>Antalya\u2019da Muratpa\u015fa Belediyesi\u2019nin aralar\u0131nda Arama Kurtarma Derne\u011fi (AKUT), Jandarma Arama Kurtarma (JAK), AFAD gibi dernek ve kurumlarla d\u00fczenlendi\u011fi etkinlikte Ba\u015fkanvekili H\u00fcseyin Sar\u0131, afetler ve \u00f6nleyici <a href=\"https:\/\/akdenizhaber.com.tr\/index.php\/2023\/10\/16\/muratpasada-afetlere-karsi-mucadele\/\" class=\"read-more-link\">[more&#8230;]<\/a><\/p>\n","protected":false},"author":2,"featured_media":16718,"comment_status":"open","ping_status":"open","sticky":false,"template":"","format":"standard","meta":{"footnotes":""},"categories":[2],"tags":[],"class_list":["post-16717","post","type-post","status-publish","format-standard","has-post-thumbnail","hentry","category-gundem"],"_links":{"self":[{"href":"https:\/\/akdenizhaber.com.tr\/index.php\/wp-json\/wp\/v2\/posts\/16717","targetHints":{"allow":["GET"]}}],"collection":[{"href":"https:\/\/akdenizhaber.com.tr\/index.php\/wp-json\/wp\/v2\/posts"}],"about":[{"href":"https:\/\/akdenizhaber.com.tr\/index.php\/wp-json\/wp\/v2\/types\/post"}],"author":[{"embeddable":true,"href":"https:\/\/akdenizhaber.com.tr\/index.php\/wp-json\/wp\/v2\/users\/2"}],"replies":[{"embeddable":true,"href":"https:\/\/akdenizhaber.com.tr\/index.php\/wp-json\/wp\/v2\/comments?post=16717"}],"version-history":[{"count":0,"href":"https:\/\/akdenizhaber.com.tr\/index.php\/wp-json\/wp\/v2\/posts\/16717\/revisions"}],"wp:featuredmedia":[{"embeddable":true,"href":"https:\/\/akdenizhaber.com.tr\/index.php\/wp-json\/wp\/v2\/media\/16718"}],"wp:attachment":[{"href":"https:\/\/akdenizhaber.com.tr\/index.php\/wp-json\/wp\/v2\/media?parent=16717"}],"wp:term":[{"taxonomy":"category","embeddable":true,"href":"https:\/\/akdenizhaber.com.tr\/index.php\/wp-json\/wp\/v2\/categories?post=16717"},{"taxonomy":"post_tag","embeddable":true,"href":"https:\/\/akdenizhaber.com.tr\/index.php\/wp-json\/wp\/v2\/tags?post=16717"}],"curies":[{"name":"wp","href":"https:\/\/api.w.org\/{rel}","templated":true}]}}