{"id":16698,"date":"2023-10-14T11:03:24","date_gmt":"2023-10-14T08:03:24","guid":{"rendered":"https:\/\/akdenizhaber.com.tr\/?p=16698"},"modified":"2023-10-14T11:03:25","modified_gmt":"2023-10-14T08:03:25","slug":"yahya-kemal-kutuphanesi-acildi","status":"publish","type":"post","link":"https:\/\/akdenizhaber.com.tr\/index.php\/2023\/10\/14\/yahya-kemal-kutuphanesi-acildi\/","title":{"rendered":"Yahya Kemal K\u00fct\u00fcphanesi A\u00e7\u0131ld\u0131"},"content":{"rendered":"\n<p><\/p>\n\n\n\n<p>Kepez Belediyesi\u2019nin Cumhuriyetin 100.y\u0131l\u0131na arma\u011fan edece\u011fi 22 k\u00fct\u00fcphane projesinden biri olan Yahya Kemal K\u00fct\u00fcphanesi, Alt\u0131nova\u2019da kap\u0131lar\u0131n\u0131 okurlara a\u00e7t\u0131.<\/p>\n\n\n\n<p>Kepez Belediyesi\u2019nin 300 metre kare alan \u00fczerine 2 katl\u0131 olarak in\u015fa etti\u011fi, \u015fair ve yazar Yahya Kemal\u2019in ad\u0131n\u0131n ya\u015fat\u0131laca\u011f\u0131 k\u00fct\u00fcphane t\u00f6renle hizmete a\u00e7\u0131ld\u0131. Alt\u0131nova\u2019ya kazand\u0131r\u0131lan ve 20 bin kitap kapasiteli k\u00fct\u00fcphanenin a\u00e7\u0131l\u0131\u015f\u0131na Kepez Kaymakam\u0131 Nusret \u015eahin, Kepez Belediye Ba\u015fkan\u0131 Hakan T\u00fct\u00fcnc\u00fc, Kepez \u0130l\u00e7e Milli E\u011fitim M\u00fcd\u00fcr\u00fc Kenan Yavuz, muhtarlar, meclis \u00fcyeleri ve vatanda\u015flar kat\u0131ld\u0131. T\u00f6renin a\u00e7\u0131l\u0131\u015f konu\u015fmas\u0131 yapan Alt\u0131nova Orta Mahalle Muhtar\u0131 Nurten Kurt, \u201cBu e\u011fitim ve bilim yuvas\u0131n\u0131n mahallemize yap\u0131lmas\u0131na katk\u0131 sunan belediye ba\u015fkan\u0131m\u0131z Hakan T\u00fct\u00fcnc\u00fc\u2019ye te\u015fekk\u00fcr ederim.\u201d dedi. Kepez \u0130l\u00e7e Milli E\u011fitim M\u00fcd\u00fcr\u00fc Kenan Yavuz da, \u201cHakan ba\u015fkan\u0131m\u0131z\u0131n Kepez\u2019e \u00e7ok g\u00fczel hizmetleri var. D\u00fcn\u00fcne bug\u00fcn\u00fcne in\u015fallah yar\u0131nlar\u0131na da hizmetleri devam edecektir. \u015eehirler sadece imar ve fiziki geli\u015fimden ibaret de\u011fildir. Bir kentin kimyas\u0131n\u0131 olu\u015fturan k\u00fct\u00fcphaneler, gen\u00e7lik merkezleri, mahalle konaklar\u0131d\u0131r. Siz bunlar\u0131 yaparken asl\u0131nda kentinde kimyas\u0131n\u0131 g\u00fczelle\u015ftirdiniz. Bu de\u011ferlere verilen isimler ayr\u0131ca \u00e7ok k\u0131ymetli. Ahmet Hamdi Tanp\u0131nar, Ne\u015fet Erta\u015f, Erdem Bayaz\u0131t ve bug\u00fcn ki k\u00fct\u00fcphaneye verilen Yahya Kemal Beyatl\u0131 ismi\u2026 Hizmetlerinizden dolay\u0131 Hakan Ba\u015fkan\u0131m\u0131za \u00e7ok te\u015fekk\u00fcr ederim. Bu k\u00fct\u00fcphaneler her daim mahallelerimizin bir \u0131\u015f\u0131\u011f\u0131 olsun.\u201d diye konu\u015ftu<\/p>\n\n\n\n<p>ALTINOVA\u2019NIN ALTIN YILLARI<\/p>\n\n\n\n<p>Kepez Belediye Ba\u015fkan\u0131 Hakan T\u00fct\u00fcnc\u00fc de, Kepez\u2019e bir yeni k\u00fct\u00fcphane daha kazand\u0131rman\u0131n mutlulu\u011fu i\u00e7inde olduklar\u0131n\u0131 dile getirdi. Yahya Kemal K\u00fct\u00fcphanesi\u2019nin kazand\u0131r\u0131ld\u0131\u011f\u0131 Alt\u0131nova Mahallesinin de\u011fi\u015fim ve d\u00f6n\u00fc\u015f\u00fcm\u00fcne de\u011finerek s\u00f6zlerini s\u00fcrd\u00fcren Ba\u015fkan T\u00fct\u00fcnc\u00fc, \u201cAlt\u0131nova Antalya\u2019n\u0131n de\u011fi\u015fim r\u00fczgar\u0131n\u0131n esti\u011fi en \u00f6zel semtlerden birisi. Alt\u0131nova g\u00f6reve geldi\u011fimizde nice problemle ba\u015f etmek durumundayd\u0131. Bug\u00fcn imar problemiyle bir \u00e7ok sorunu geride b\u0131rakm\u0131\u015f bir Alt\u0131nova var. Alt\u0131nova 45 y\u0131ld\u0131r imar problemleriyle u\u011fra\u015f\u0131yordu. G\u00f6reve geldi\u011fimizde K\u0131rcami \u00e7\u00f6z\u00fcl\u00fcr, Alt\u0131nova \u00e7\u00f6z\u00fclmez dediler. Gayret ettik 8 y\u0131ll\u0131k eme\u011fin arkas\u0131ndan Alt\u0131nova\u2019n\u0131n imar meselesini \u00e7\u00f6zd\u00fck. \u0130mar problemini, \u00e7\u00f6zeli 7 y\u0131l olmu\u015f. Bir yerde imar sorununu \u00e7\u00f6zmezseniz orada \u015fehircilik meydana getiremezsiniz. Alt\u0131nova \u0130mar\u0131n\u0131n \u00e7\u00f6z\u00fclmesi, Alt\u0131nova\u2019y\u0131 Kepez\u2019e ba\u011flayan yeni bir arterin EXPO 2016\u2019n\u0131n a\u00e7\u0131lmas\u0131n\u0131n da \u00f6n\u00fcn\u00fc a\u00e7t\u0131. Alt\u0131novay\u0131 alt\u0131n y\u0131lar\u0131na ta\u015f\u0131mak bizlere nasip oldu diye tarih kaynaklar\u0131 yazacak\u201c dedi.<\/p>\n\n\n\n<p>22 K\u00dcT\u00dcPHANE B\u0130R HAZ\u0130NE<\/p>\n\n\n\n<p>K\u00fct\u00fcphanelerin \u00f6\u011frenciler i\u00e7in \u00e7ok g\u00fczel bir ders \u00e7al\u0131\u015fma mekan\u0131 ve i\u00e7indeki kitaplarla da bilgi havuzu oldu\u011funa de\u011finen Ba\u015fkan T\u00fct\u00fcnc\u00fc, \u201cBu k\u00fct\u00fcphane Alt\u0131nova\u2019daki \u00f6\u011frencilerimizin beklentilerine kar\u015f\u0131l\u0131k gelecek bir k\u00fct\u00fcphane\u2026 Kepez\u2019e 22 tane k\u00fct\u00fcphane kazand\u0131r\u0131yoruz. 22 k\u00fct\u00fcphane bir \u015fehir i\u00e7in \u00e7ok \u00f6nemli bir hazinedir.\u201d diye konu\u015ftu. Aruzun son temsilci Yahya Kemal\u2019in ad\u0131n\u0131n Alt\u0131nova K\u00fct\u00fcphanesinde ya\u015fayaca\u011f\u0131n\u0131 belirten Ba\u015fkan T\u00fct\u00fcnc\u00fc, \u201c\u00d6l\u00fcm\u00fcnden sonra klasik edebiyat\u0131m\u0131z\u0131n can damarlar\u0131ndan biride kopmu\u015f oldu. Biz hala onun \u015fiirleriyle kendimizi buluyoruz. Onun nesirleriyle kendimize istikamet \u00e7iziyoruz. B\u00f6ylesi bir neslin yeti\u015fmesine katk\u0131 veriyoruz.\u201d dedi.<\/p>\n\n\n\n<p>Kepez Belediye Ba\u015fkan\u0131 Hakan T\u00fct\u00fcnc\u00fc\u2019n\u00fcn konu\u015fmas\u0131n\u0131n ard\u0131ndan kurdele kesimiyle Yahya Kemal K\u00fct\u00fcphanesinin a\u00e7\u0131l\u0131\u015f\u0131 yap\u0131ld\u0131. Ba\u015fkan T\u00fct\u00fcnc\u00fc ve beraberindeki heyet k\u00fct\u00fcphaneyi gezdi, raflardaki kitaplar\u0131 inceledi.&nbsp;<\/p>\n\n\n\n<p>Kepez Belediyesi \/ B\u00fclten<\/p>\n","protected":false},"excerpt":{"rendered":"<p>Kepez Belediyesi\u2019nin Cumhuriyetin 100.y\u0131l\u0131na arma\u011fan edece\u011fi 22 k\u00fct\u00fcphane projesinden biri olan Yahya Kemal K\u00fct\u00fcphanesi, Alt\u0131nova\u2019da kap\u0131lar\u0131n\u0131 okurlara a\u00e7t\u0131. Kepez Belediyesi\u2019nin 300 metre kare alan \u00fczerine <a href=\"https:\/\/akdenizhaber.com.tr\/index.php\/2023\/10\/14\/yahya-kemal-kutuphanesi-acildi\/\" class=\"read-more-link\">[more&#8230;]<\/a><\/p>\n","protected":false},"author":2,"featured_media":16699,"comment_status":"open","ping_status":"open","sticky":false,"template":"","format":"standard","meta":{"footnotes":""},"categories":[2],"tags":[],"class_list":["post-16698","post","type-post","status-publish","format-standard","has-post-thumbnail","hentry","category-gundem"],"_links":{"self":[{"href":"https:\/\/akdenizhaber.com.tr\/index.php\/wp-json\/wp\/v2\/posts\/16698","targetHints":{"allow":["GET"]}}],"collection":[{"href":"https:\/\/akdenizhaber.com.tr\/index.php\/wp-json\/wp\/v2\/posts"}],"about":[{"href":"https:\/\/akdenizhaber.com.tr\/index.php\/wp-json\/wp\/v2\/types\/post"}],"author":[{"embeddable":true,"href":"https:\/\/akdenizhaber.com.tr\/index.php\/wp-json\/wp\/v2\/users\/2"}],"replies":[{"embeddable":true,"href":"https:\/\/akdenizhaber.com.tr\/index.php\/wp-json\/wp\/v2\/comments?post=16698"}],"version-history":[{"count":0,"href":"https:\/\/akdenizhaber.com.tr\/index.php\/wp-json\/wp\/v2\/posts\/16698\/revisions"}],"wp:featuredmedia":[{"embeddable":true,"href":"https:\/\/akdenizhaber.com.tr\/index.php\/wp-json\/wp\/v2\/media\/16699"}],"wp:attachment":[{"href":"https:\/\/akdenizhaber.com.tr\/index.php\/wp-json\/wp\/v2\/media?parent=16698"}],"wp:term":[{"taxonomy":"category","embeddable":true,"href":"https:\/\/akdenizhaber.com.tr\/index.php\/wp-json\/wp\/v2\/categories?post=16698"},{"taxonomy":"post_tag","embeddable":true,"href":"https:\/\/akdenizhaber.com.tr\/index.php\/wp-json\/wp\/v2\/tags?post=16698"}],"curies":[{"name":"wp","href":"https:\/\/api.w.org\/{rel}","templated":true}]}}