{"id":16693,"date":"2023-10-14T11:02:11","date_gmt":"2023-10-14T08:02:11","guid":{"rendered":"https:\/\/akdenizhaber.com.tr\/?p=16693"},"modified":"2023-10-14T11:02:11","modified_gmt":"2023-10-14T08:02:11","slug":"100-yilda-sanat-sergisi-duzenleniyor","status":"publish","type":"post","link":"https:\/\/akdenizhaber.com.tr\/index.php\/2023\/10\/14\/100-yilda-sanat-sergisi-duzenleniyor\/","title":{"rendered":"100. Y\u0131lda Sanat Sergisi d\u00fczenleniyor"},"content":{"rendered":"\n<p><\/p>\n\n\n\n<p>Akdeniz \u00dcniversitesi G\u00fczel Sanatlar Fak\u00fcltesi, T\u00fcrkiye Cumhuriyeti\u2019nin Kurulu\u015funun 100. Y\u0131l\u0131 29 Ekim 2023 \u00d6zel Etkinlik Program\u0131 \u00c7er\u00e7evesinde, 100. Y\u0131l\u0131nda T\u00fcrkiye Cumhuriyeti Sanat Sergisi d\u00fczenliyor.<\/p>\n\n\n\n<p>Akdeniz \u00dcniversitesi G\u00fczel Sanatlar Fak\u00fcltesi\u2019nin her sene d\u00fczenlemi\u015f oldu\u011fu \u201c21. Geleneksel Cumhuriyet Sergisi ve Etkinlikleri\u201d bu y\u0131l 25 Ekim 2023 \u00c7ar\u015famba g\u00fcn\u00fc saat 15:00\u2019da G\u00fczel Sanatlar Fak\u00fcltesi Sergi Salonunda ger\u00e7ekle\u015ftirilecek. \u201c100. Y\u0131l\u0131nda T\u00fcrkiye Cumhuriyeti\u201d ba\u015fl\u0131kl\u0131 serginin k\u00fcrat\u00f6rl\u00fc\u011f\u00fcn\u00fc Do\u00e7. Umut Kayap\u0131nar ve Dr. \u00d6\u011fr. \u00dcyesi Selda \u00d6zturan \u00fcstleniyor.<\/p>\n\n\n\n<p>100. YILA \u00d6ZEL PROJE VE ETK\u0130NL\u0130KLER<\/p>\n\n\n\n<p>G\u00fczel Sanatlar Fak\u00fcltesi Dekan\u0131 Prof. Dr. Sibel Pa\u015fao\u011flu, Cumhuriyetimiz kurucusu B\u00fcy\u00fck \u00d6nder Mustafa Kemal Atat\u00fcrk\u2019\u00fcn Cumhuriyetin ilan\u0131n\u0131n 10. Y\u0131l\u0131 kapsam\u0131nda gen\u00e7lere hitaben yapt\u0131\u011f\u0131 konu\u015fmas\u0131nda \u201cT\u00fcrk Milleti! Ebediyete ak\u0131p giden her on senede, bu b\u00fcy\u00fck millet bayram\u0131n\u0131 daha b\u00fcy\u00fck \u015fereflerle, saadetlerle huzur ve refah i\u00e7inde kutlaman\u0131 g\u00f6n\u00fclden dilerim. Ne mutlu T\u00fcrk\u2019\u00fcm diyene!\u201d s\u00f6z\u00fcn\u00fc hat\u0131rlatarak, bu tarihi mirasa ulusal birlik ve gururla sahip \u00e7\u0131kmak amac\u0131yla etkinlikler planlad\u0131klar\u0131n\u0131 anlatt\u0131.<\/p>\n\n\n\n<p>G\u00dcZEL SANATLAR FAK\u00dcLTES\u0130 25. YILINI KUTLUYOR<\/p>\n\n\n\n<p>Bu y\u0131l\u0131n ayn\u0131 zamanda G\u00fczel Sanatlar Fak\u00fcltesi\u2019nin de 25. y\u0131l d\u00f6n\u00fcm\u00fc oldu\u011funu hat\u0131rlatan Prof. Dr. Sibel Pa\u015fao\u011flu, \u201cBu y\u0131l\u0131n \u00f6nemine binaen Rekt\u00f6rl\u00fc\u011f\u00fcm\u00fcz himayelerinde 2023-2024 Akademik y\u0131l\u0131 i\u00e7erisinde, T\u00fcrkiye Cumhuriyetinin 100. Y\u0131l\u0131 ana ba\u015fl\u0131\u011f\u0131 alt\u0131nda, Cumhuriyet ve sanat alan\u0131ndaki ilkler, plastik sanatlara, m\u00fczik, kad\u0131n, nevruz, gen\u00e7lik gibi Cumhuriyetle ili\u015fkilendirdi\u011fimiz alt ba\u015fl\u0131k ve g\u00fcncel temalar \u00e7er\u00e7evesinde uluslararas\u0131 j\u00fcrili karma sergiler, heykel sempozyumu, paneller ve m\u00fczikal dinletiler gibi \u00e7ok say\u0131da etkinlik d\u00fczenlemeyi planl\u0131yoruz. Sergimiz geni\u015f bir takvime yay\u0131lan \u00e7ok say\u0131daki etkinli\u011fin bir ilk ad\u0131m\u0131 olarak g\u00f6r\u00fclmelidir.\u201d ifadelerini kulland\u0131.<\/p>\n\n\n\n<p>CUMHUR\u0130YET \u00d6NCES\u0130 VE SONRASINDA KADIN VE SANAT KONFERANSI<\/p>\n\n\n\n<p>Akdeniz \u00dcniversitesi\u2019nde Cumhuriyetin 100. Y\u0131l\u0131nda \u201cCumhuriyet \u00d6ncesi ve Sonras\u0131nda Kad\u0131n ve Sanat\u201d Konferans\u0131 d\u00fczenlenecek.<\/p>\n\n\n\n<p>Akdeniz \u00dcniversitesi G\u00fczel Sanatlar Fak\u00fcltesi taraf\u0131ndan Cumhuriyetin 100. ve G\u00fczel Sanatlar Fak\u00fcltesi\u2019nin 25. kurulu\u015f y\u0131llar\u0131n\u0131 kutlamak \u00fczere \u00e7e\u015fitli sanat etkinlikleri planland\u0131. Bu kapsamda Cumhuriyet \u00d6ncesi ve Sonras\u0131nda Kad\u0131n ve Sanat konulu konferans sanatseverlerin ilgisine sunulacak. Minyat\u00fcr sanat\u00e7\u0131s\u0131 G\u00fcnseli Kato\u2019nun konu\u015fmac\u0131 olarak kat\u0131laca\u011f\u0131 konferans 25 Ekim 2023 \u00c7ar\u015famba g\u00fcn\u00fc saat 13.00\u2019de Akdeniz \u00dcniversitesi Atat\u00fcrk Konferans Salonu\u2019nda ger\u00e7ekle\u015ftirilecek.<\/p>\n\n\n\n<p>Akdeniz \u00dcniversitesi Rekt\u00f6rl\u00fc\u011f\u00fc \/ B\u00fclten<\/p>\n","protected":false},"excerpt":{"rendered":"<p>Akdeniz \u00dcniversitesi G\u00fczel Sanatlar Fak\u00fcltesi, T\u00fcrkiye Cumhuriyeti\u2019nin Kurulu\u015funun 100. Y\u0131l\u0131 29 Ekim 2023 \u00d6zel Etkinlik Program\u0131 \u00c7er\u00e7evesinde, 100. Y\u0131l\u0131nda T\u00fcrkiye Cumhuriyeti Sanat Sergisi d\u00fczenliyor. Akdeniz <a href=\"https:\/\/akdenizhaber.com.tr\/index.php\/2023\/10\/14\/100-yilda-sanat-sergisi-duzenleniyor\/\" class=\"read-more-link\">[more&#8230;]<\/a><\/p>\n","protected":false},"author":2,"featured_media":16694,"comment_status":"open","ping_status":"open","sticky":false,"template":"","format":"standard","meta":{"footnotes":""},"categories":[2],"tags":[],"class_list":["post-16693","post","type-post","status-publish","format-standard","has-post-thumbnail","hentry","category-gundem"],"_links":{"self":[{"href":"https:\/\/akdenizhaber.com.tr\/index.php\/wp-json\/wp\/v2\/posts\/16693","targetHints":{"allow":["GET"]}}],"collection":[{"href":"https:\/\/akdenizhaber.com.tr\/index.php\/wp-json\/wp\/v2\/posts"}],"about":[{"href":"https:\/\/akdenizhaber.com.tr\/index.php\/wp-json\/wp\/v2\/types\/post"}],"author":[{"embeddable":true,"href":"https:\/\/akdenizhaber.com.tr\/index.php\/wp-json\/wp\/v2\/users\/2"}],"replies":[{"embeddable":true,"href":"https:\/\/akdenizhaber.com.tr\/index.php\/wp-json\/wp\/v2\/comments?post=16693"}],"version-history":[{"count":0,"href":"https:\/\/akdenizhaber.com.tr\/index.php\/wp-json\/wp\/v2\/posts\/16693\/revisions"}],"wp:featuredmedia":[{"embeddable":true,"href":"https:\/\/akdenizhaber.com.tr\/index.php\/wp-json\/wp\/v2\/media\/16694"}],"wp:attachment":[{"href":"https:\/\/akdenizhaber.com.tr\/index.php\/wp-json\/wp\/v2\/media?parent=16693"}],"wp:term":[{"taxonomy":"category","embeddable":true,"href":"https:\/\/akdenizhaber.com.tr\/index.php\/wp-json\/wp\/v2\/categories?post=16693"},{"taxonomy":"post_tag","embeddable":true,"href":"https:\/\/akdenizhaber.com.tr\/index.php\/wp-json\/wp\/v2\/tags?post=16693"}],"curies":[{"name":"wp","href":"https:\/\/api.w.org\/{rel}","templated":true}]}}