{"id":16687,"date":"2023-10-14T11:00:36","date_gmt":"2023-10-14T08:00:36","guid":{"rendered":"https:\/\/akdenizhaber.com.tr\/?p=16687"},"modified":"2023-10-14T11:00:37","modified_gmt":"2023-10-14T08:00:37","slug":"belediye-ekiplerinden-gece-mesaisi","status":"publish","type":"post","link":"https:\/\/akdenizhaber.com.tr\/index.php\/2023\/10\/14\/belediye-ekiplerinden-gece-mesaisi\/","title":{"rendered":"Belediye ekiplerinden gece mesaisi"},"content":{"rendered":"\n<p><\/p>\n\n\n\n<p>D\u00f6\u015femealt\u0131 Belediyesi ekipleri vatanda\u015flardan gelen talepler do\u011frultusunda \u00e7al\u0131\u015fmalar\u0131n\u0131 24 saat esas\u0131na g\u00f6re aral\u0131ks\u0131z olarak s\u00fcrd\u00fcr\u00fcyor.<\/p>\n\n\n\n<p>D\u00f6\u015femealt\u0131 Sanayi esnaf\u0131n\u0131n g\u00fcnd\u00fcz ara\u00e7 yo\u011funlu\u011fu ya\u015fanmas\u0131 nedeniyle m\u0131nt\u0131ka temizli\u011finin gece mesaisine ald\u0131. Nar Masa ekipleri, Temizlik \u0130\u015fleri M\u00fcd\u00fcrl\u00fc\u011f\u00fc Haz\u0131r ekiple birlikte gece temizli\u011fi yapt\u0131. Vatanda\u015flardan gelen talepleri ilgili birimlerle de\u011ferlendirip en k\u0131sa s\u00fcrede taleplerin sonu\u00e7lanmas\u0131n\u0131 sa\u011flayan D\u00f6\u015femealt\u0131 Belediyesi Nar Masa ekipleri vatanda\u015ftan tam not ald\u0131. Halk\u0131n talep, \u00f6neri ve \u015fik\u00e2yetlerini alan Nar Masa ekipleri kurulan haz\u0131r ekiplerle birlikte sorunlara \u00e7\u00f6z\u00fcm \u00fcretti.<\/p>\n\n\n\n<p>Gen\u00e7lerden gelen \u00f6neri \u00fczerine \u015eehit Mustafa G\u00fcrcan Caddesinde bulunan bisiklet yolunda iyile\u015ftirmeler yapan belediye ekipleri gece de Sanayi esnaf\u0131n\u0131n talebi do\u011frultusunda gece m\u0131nt\u0131ka temizli\u011fi yapt\u0131. Yol s\u00fcp\u00fcrme ara\u00e7lar\u0131 ve ara\u00e7lar\u0131n giremedi\u011fi alanlarda yaya personelle temizlik yapan belediye ekipleri esnaftan da ge\u00e7er not ald\u0131. Belediye ekipleri \u00e7\u00f6p konteynerlerinin d\u00fczenli olarak dezenfekte edilerek k\u00f6t\u00fc koku ve bakteri yaymas\u0131n\u0131 \u00f6nledi.<\/p>\n\n\n\n<p>D\u00f6\u015femealt\u0131 Belediyesi \/ B\u00fclten<\/p>\n","protected":false},"excerpt":{"rendered":"<p>D\u00f6\u015femealt\u0131 Belediyesi ekipleri vatanda\u015flardan gelen talepler do\u011frultusunda \u00e7al\u0131\u015fmalar\u0131n\u0131 24 saat esas\u0131na g\u00f6re aral\u0131ks\u0131z olarak s\u00fcrd\u00fcr\u00fcyor. D\u00f6\u015femealt\u0131 Sanayi esnaf\u0131n\u0131n g\u00fcnd\u00fcz ara\u00e7 yo\u011funlu\u011fu ya\u015fanmas\u0131 nedeniyle m\u0131nt\u0131ka temizli\u011finin <a href=\"https:\/\/akdenizhaber.com.tr\/index.php\/2023\/10\/14\/belediye-ekiplerinden-gece-mesaisi\/\" class=\"read-more-link\">[more&#8230;]<\/a><\/p>\n","protected":false},"author":2,"featured_media":16688,"comment_status":"open","ping_status":"open","sticky":false,"template":"","format":"standard","meta":{"footnotes":""},"categories":[2],"tags":[],"class_list":["post-16687","post","type-post","status-publish","format-standard","has-post-thumbnail","hentry","category-gundem"],"_links":{"self":[{"href":"https:\/\/akdenizhaber.com.tr\/index.php\/wp-json\/wp\/v2\/posts\/16687","targetHints":{"allow":["GET"]}}],"collection":[{"href":"https:\/\/akdenizhaber.com.tr\/index.php\/wp-json\/wp\/v2\/posts"}],"about":[{"href":"https:\/\/akdenizhaber.com.tr\/index.php\/wp-json\/wp\/v2\/types\/post"}],"author":[{"embeddable":true,"href":"https:\/\/akdenizhaber.com.tr\/index.php\/wp-json\/wp\/v2\/users\/2"}],"replies":[{"embeddable":true,"href":"https:\/\/akdenizhaber.com.tr\/index.php\/wp-json\/wp\/v2\/comments?post=16687"}],"version-history":[{"count":0,"href":"https:\/\/akdenizhaber.com.tr\/index.php\/wp-json\/wp\/v2\/posts\/16687\/revisions"}],"wp:featuredmedia":[{"embeddable":true,"href":"https:\/\/akdenizhaber.com.tr\/index.php\/wp-json\/wp\/v2\/media\/16688"}],"wp:attachment":[{"href":"https:\/\/akdenizhaber.com.tr\/index.php\/wp-json\/wp\/v2\/media?parent=16687"}],"wp:term":[{"taxonomy":"category","embeddable":true,"href":"https:\/\/akdenizhaber.com.tr\/index.php\/wp-json\/wp\/v2\/categories?post=16687"},{"taxonomy":"post_tag","embeddable":true,"href":"https:\/\/akdenizhaber.com.tr\/index.php\/wp-json\/wp\/v2\/tags?post=16687"}],"curies":[{"name":"wp","href":"https:\/\/api.w.org\/{rel}","templated":true}]}}