{"id":16684,"date":"2023-10-14T11:00:08","date_gmt":"2023-10-14T08:00:08","guid":{"rendered":"https:\/\/akdenizhaber.com.tr\/?p=16684"},"modified":"2023-10-14T11:00:09","modified_gmt":"2023-10-14T08:00:09","slug":"cikar-amacli-silahli-suc-orgutu-operasyonu","status":"publish","type":"post","link":"https:\/\/akdenizhaber.com.tr\/index.php\/2023\/10\/14\/cikar-amacli-silahli-suc-orgutu-operasyonu\/","title":{"rendered":"\u00c7\u0131kar Ama\u00e7l\u0131 Silahl\u0131 Su\u00e7 \u00d6rg\u00fct\u00fc Operasyonu"},"content":{"rendered":"\n<p><\/p>\n\n\n\n<p>Kemer Cumhuriyet Ba\u015fsavc\u0131l\u0131\u011f\u0131\u2019n\u0131n talimatlar\u0131 do\u011frultusunda, Ka\u00e7ak\u00e7\u0131l\u0131k ve Organize Su\u00e7larla M\u00fccadele \u015eube M\u00fcd\u00fcrl\u00fc\u011f\u00fc g\u00f6revlilerince&nbsp;\u201c\u00c7\u0131kar Ama\u00e7l\u0131 Silahl\u0131 Su\u00e7 \u00d6rg\u00fct\u00fcne\u201d y\u00f6nelik yap\u0131lan operasyon kapsam\u0131nda; aralar\u0131nda \u00f6rg\u00fct lideri ve \u00f6rg\u00fct y\u00f6neticilerinin de bulundu\u011fu 39 \u015f\u00fcpheli yakaland\u0131.<\/p>\n\n\n\n<p>&nbsp;Yap\u0131lan operasyon kapsam\u0131nda;&nbsp;<br>&#8211; 15 adet tabanca,&nbsp;<br>&#8211; 21 adet tabanca \u015farj\u00f6r\u00fc,&nbsp;<br>&#8211; 1.360 adet tabanca fi\u015fe\u011fi,<br>&#8211; 2 adet av t\u00fcfe\u011fi,&nbsp;<br>&#8211; 45 adet av t\u00fcfe\u011fi fi\u015fe\u011fi,&nbsp;<br>&#8211; 2 adet bo\u015f kovan, \u00e7ok say\u0131da \u00e7ek-senet ve bir miktar Metamfetamin ele ge\u00e7irildi.&nbsp;<\/p>\n\n\n\n<p>Kemer Cumhuriyet Ba\u015fsavc\u0131l\u0131\u011f\u0131na sevk edilen \u015f\u00fcphelilerden 10 \u015f\u00fcpheli serbest kalm\u0131\u015f, 10 \u015f\u00fcpheli hakk\u0131nda adli kontrol karar\u0131 uygulanm\u0131\u015f, 19 \u015f\u00fcpheli ise tutukland\u0131.<\/p>\n\n\n\n<p>\u0130limiz genelinde halk\u0131n can ve mal g\u00fcvenli\u011fini tehlikeye d\u00fc\u015f\u00fcrecek yasad\u0131\u015f\u0131 \u00f6rg\u00fctl\u00fc yap\u0131lanmalar ve t\u00fcm su\u00e7larla m\u00fccadele kararl\u0131l\u0131kla devam edilmektedir.<\/p>\n\n\n\n<p>(Haber Merkezi)<\/p>\n","protected":false},"excerpt":{"rendered":"<p>Kemer Cumhuriyet Ba\u015fsavc\u0131l\u0131\u011f\u0131\u2019n\u0131n talimatlar\u0131 do\u011frultusunda, Ka\u00e7ak\u00e7\u0131l\u0131k ve Organize Su\u00e7larla M\u00fccadele \u015eube M\u00fcd\u00fcrl\u00fc\u011f\u00fc g\u00f6revlilerince&nbsp;\u201c\u00c7\u0131kar Ama\u00e7l\u0131 Silahl\u0131 Su\u00e7 \u00d6rg\u00fct\u00fcne\u201d y\u00f6nelik yap\u0131lan operasyon kapsam\u0131nda; aralar\u0131nda \u00f6rg\u00fct lideri ve <a href=\"https:\/\/akdenizhaber.com.tr\/index.php\/2023\/10\/14\/cikar-amacli-silahli-suc-orgutu-operasyonu\/\" class=\"read-more-link\">[more&#8230;]<\/a><\/p>\n","protected":false},"author":2,"featured_media":16685,"comment_status":"open","ping_status":"open","sticky":false,"template":"","format":"standard","meta":{"footnotes":""},"categories":[2],"tags":[],"class_list":["post-16684","post","type-post","status-publish","format-standard","has-post-thumbnail","hentry","category-gundem"],"_links":{"self":[{"href":"https:\/\/akdenizhaber.com.tr\/index.php\/wp-json\/wp\/v2\/posts\/16684","targetHints":{"allow":["GET"]}}],"collection":[{"href":"https:\/\/akdenizhaber.com.tr\/index.php\/wp-json\/wp\/v2\/posts"}],"about":[{"href":"https:\/\/akdenizhaber.com.tr\/index.php\/wp-json\/wp\/v2\/types\/post"}],"author":[{"embeddable":true,"href":"https:\/\/akdenizhaber.com.tr\/index.php\/wp-json\/wp\/v2\/users\/2"}],"replies":[{"embeddable":true,"href":"https:\/\/akdenizhaber.com.tr\/index.php\/wp-json\/wp\/v2\/comments?post=16684"}],"version-history":[{"count":0,"href":"https:\/\/akdenizhaber.com.tr\/index.php\/wp-json\/wp\/v2\/posts\/16684\/revisions"}],"wp:featuredmedia":[{"embeddable":true,"href":"https:\/\/akdenizhaber.com.tr\/index.php\/wp-json\/wp\/v2\/media\/16685"}],"wp:attachment":[{"href":"https:\/\/akdenizhaber.com.tr\/index.php\/wp-json\/wp\/v2\/media?parent=16684"}],"wp:term":[{"taxonomy":"category","embeddable":true,"href":"https:\/\/akdenizhaber.com.tr\/index.php\/wp-json\/wp\/v2\/categories?post=16684"},{"taxonomy":"post_tag","embeddable":true,"href":"https:\/\/akdenizhaber.com.tr\/index.php\/wp-json\/wp\/v2\/tags?post=16684"}],"curies":[{"name":"wp","href":"https:\/\/api.w.org\/{rel}","templated":true}]}}