{"id":16638,"date":"2023-10-12T11:40:05","date_gmt":"2023-10-12T08:40:05","guid":{"rendered":"https:\/\/akdenizhaber.com.tr\/?p=16638"},"modified":"2023-10-12T11:40:05","modified_gmt":"2023-10-12T08:40:05","slug":"beseri-bilimler-fakultesinde-ilk-ders-zili-caldi","status":"publish","type":"post","link":"https:\/\/akdenizhaber.com.tr\/index.php\/2023\/10\/12\/beseri-bilimler-fakultesinde-ilk-ders-zili-caldi\/","title":{"rendered":"Be\u015feri Bilimler Fak\u00fcltesi\u2019nde ilk ders zili \u00e7ald\u0131"},"content":{"rendered":"\n<p><\/p>\n\n\n\n<p>Akdeniz \u00dcniversitesi (A\u00dc), Manavgat Y\u00fcksek \u00d6\u011fretim Bilimsel ve Teknolojik Ara\u015ft\u0131rmalar Vakf\u0131 (MAY\u00d6V) ve Manavgat Sanayici ve \u0130\u015f \u0130nsanlar\u0131 Derne\u011fi (MAS\u0130AD) aras\u0131nda ger\u00e7ekle\u015ftirilen protokol ile Manavgat&#8217;ta tarihi g\u00fcn ilk ders zili ile ba\u015flad\u0131.<\/p>\n\n\n\n<p>Hay\u0131rsever G\u00fclten \u00c7a\u011f\u0131ran\u2019\u0131n destek ve katk\u0131lar\u0131 ile hayata ge\u00e7irilen T.C. Akdeniz \u00dcniversitesi Manavgat G\u00fclten &amp; Ayten \u00c7a\u011f\u0131ran Yerle\u015fkesi i\u00e7erisinde bulunan A\u00dc Manavgat Sosyal ve Be\u015feri Bilimler Fak\u00fcltesi yeni binas\u0131nda ilk kez 2023-2024 E\u011fitim D\u00f6neminde kap\u0131lar\u0131n\u0131 \u00f6\u011frencilere a\u00e7t\u0131. \u0130lk ders m\u00fcnasebetiyle ger\u00e7ekle\u015fen a\u00e7\u0131l\u0131\u015fa Hay\u0131rsever G\u00fclten \u00c7a\u011f\u0131ran, MAY\u00d6V Y\u00f6netim Kurulu Ba\u015fkan\u0131 Doktor Muammer G\u00fcne\u015f ve Y\u00f6netim Kurulu \u00dcyeleri, MAS\u0130AD Y\u00f6netim Kurulu Ba\u015fkan\u0131 M\u00fccahit Tatar, Fak\u00fclte y\u00f6neticileri ve \u00f6\u011frenciler kat\u0131ld\u0131lar. Hay\u0131rsever G\u00fclten \u00c7a\u011f\u0131ran, Yerle\u015fke giri\u015finde kat\u0131l\u0131mc\u0131lar\u0131n co\u015fku dolu alk\u0131\u015flar\u0131yla kar\u015f\u0131land\u0131. Fak\u00fcltenin i\u00e7erisini gezerek yetkililerden bilgi alan G\u00fclten \u00c7a\u011f\u0131ran\u2019\u0131n sevinci g\u00f6zlerinden okunuyordu. Dekan Prof. Dr. \u00dcmit Deniz Ulu\u015far, Dekan Yard\u0131mc\u0131s\u0131 ve Sosyal Hizmet B\u00f6l\u00fcm\u00fc \u00d6\u011fretim G\u00f6revlisi Do\u00e7. Dr. Arif Aytekin, Dekan Yard\u0131mc\u0131s\u0131 Do\u00e7.Dr. Ayten Kaya K\u0131l\u0131\u00e7, Do\u00e7. Dr. Mehmet Kayaku\u015f, Y\u00f6netim Bili\u015fim Sistemleri B\u00f6l\u00fcm\u00fc \u00d6\u011fretim G\u00f6revlisi Do\u00e7. Dr. Hale Alan ve Fak\u00fclte Sekreteri Yasemin Akku\u015f a\u00e7\u0131l\u0131\u015fa kat\u0131lan konuklarla yak\u0131ndan ilgilendiler. \u0130lk derslerinde; Dekan Yard\u0131mc\u0131s\u0131 ve Sosyal Hizmet B\u00f6l\u00fcm\u00fc \u00d6\u011fretim G\u00f6revlisi Do\u00e7. Dr. Arif Aytekin Sosyal Hizmet a\u00e7\u0131s\u0131ndan G\u00f6\u00e7 ve Y\u00f6netim Bili\u015fim Sistemleri B\u00f6l\u00fcm\u00fc \u00d6\u011fretim G\u00f6revlisi Do\u00e7. Dr. Hale Alan ise Finansal Y\u00f6netim konular\u0131n\u0131 i\u015flediler. MAY\u00d6V Y\u00f6netim Kurulu Ba\u015fkan\u0131 Dr. Muammer G\u00fcne\u015f; MAS\u0130AD Ba\u015fkan\u0131 M\u00fccahit Tatar, MAY\u00d6V \u00fcyeleri Neriman \u00d6zen, Mustafa Kemal Kaya, Sedat \u00d6z, Necdet Acar, Denetim Kurulu \u00dcyeleri Atila Y\u0131ld\u0131z ve Ali \u00c7inkaya, Y\u00fcklenici Kahraman K\u00f6ro\u011flu, MAY\u00d6V Koordinat\u00f6r\u00fc H\u00fcseyin Cengiz ve misafir olarak gelen Slovakya Pavol Jozef Safarik \u00dcniversitesi \u00d6\u011fretim G\u00f6revlisi Do\u00e7. Ph. Dr. Lenka Lachytova ve \u00f6\u011fretim g\u00f6revlilerine \u2018\u0130lk Derse Kat\u0131l\u0131m Belgesi\u2019 ve birer g\u00fcl hediye ederek emekleri ve destekleri i\u00e7in te\u015fekk\u00fcr etti. Dr. G\u00fcne\u015f, \u00f6\u011frencilere ve fak\u00fclte k\u00fct\u00fcphanesine de kendi yazd\u0131\u011f\u0131 \u2018Centillaz\u0131n \u0130nad\u0131\u2019 isimli kitab\u0131n\u0131 imzal\u0131 olarak hediye etti. Konuklar daha sonra MAY\u00d6V \u00dcyesi Sedat \u00d6z ve e\u015fi Fahriye Han\u0131m\u0131n davetlisi olarak Villa Side Residence Hotel\u2019de \u00f6\u011fle yeme\u011finde bir araya geldiler.<\/p>\n\n\n\n<p>Dr. G\u00fcne\u015f; \u201cG\u00fclten Ablam\u0131z ve MAY\u00d6V \u00fcyeleriyle gurur duyuyoruz.\u201d<\/p>\n\n\n\n<p>Konferans Salonunda ger\u00e7ekle\u015fen t\u00f6rende konu\u015fan MAY\u00d6V Y\u00f6netim Kurulu Ba\u015fkan\u0131 KBB Uzman\u0131 Dr. Muammer G\u00fcne\u015f, bug\u00fcne gelebilmek i\u00e7in \u00e7ok ama \u00e7ok \u00e7al\u0131\u015ft\u0131klar\u0131n\u0131, \u00e7ok \u00e7abalad\u0131klar\u0131n\u0131 ve uzun zamand\u0131r bug\u00fcn\u00fc heyecanla beklediklerini dile getirdi. Dr. G\u00fcne\u015f; \u201cYerle\u015fkemiz 33 d\u00f6n\u00fcml\u00fck bir arazi \u00fczerinde, fak\u00fcltemizin taban oturumu ise 4 bin 500 metrekaredir. Binam\u0131z baz\u0131 b\u00f6lgeleri 3 baz\u0131 b\u00f6lgeleri 4 katl\u0131 ve 18 bin 650 metrekare kapal\u0131 alan\u0131 olan birinci s\u0131n\u0131f bir yap\u0131. Eski d\u00f6nemde belediye hastanesi olarak planlanarak ortaya konulan harap haldeki metruk ve at\u0131l durumda oldu\u011fundan dolay\u0131 e\u011fitime uygun hale getirilmesi i\u00e7in mimarlar \u00e7ok \u00e7aba g\u00f6sterdi. Ayr\u0131ca bizden ekstra istenen konferans salonunu da biz yapt\u0131k. Fak\u00fcltemiz \u015fu anda T\u00fcrkiye\u2019deki en b\u00fcy\u00fck deprem g\u00fcvenli\u011fi, i\u015f g\u00fcvenli\u011fi ile her t\u00fcrl\u00fc tedbirin al\u0131nd\u0131\u011f\u0131, t\u00fcm engellilerin her alana ula\u015fabildi\u011fi ve in\u015faat\u0131 s\u0131ras\u0131nda sa\u011fl\u0131k birimi projelendirilmi\u015f tek binad\u0131r. Hay\u0131rsever G\u00fclten \u00c7a\u011f\u0131ran Ablam\u0131z, y\u00f6netim kurulumuz, denetim kurulumuz ve t\u00fcm Manavgat bu i\u015fe g\u00f6n\u00fcl verdi. Herkes bize inand\u0131 ve g\u00fcvendi, biz de bu g\u00fcveni bo\u015fa \u00e7\u0131karmad\u0131k. Bu mutlu ve tarihi g\u00fcnde fak\u00fcltemizin a\u00e7\u0131l\u0131\u015f\u0131n\u0131 yapt\u0131k. Hay\u0131rsever ablam\u0131z\u0131n bizden sadece bir tek iste\u011fi vard\u0131; \u2018Ben \u00f6lmeden bu bah\u00e7ede ve s\u0131n\u0131flarda \u00f6\u011frencileri g\u00f6rmek istiyorum.\u2019 diyordu. Biz de onun bu iste\u011fini bug\u00fcn burada ger\u00e7ekle\u015ftirdi\u011fimiz i\u00e7in \u00e7ok mutluyuz. Bug\u00fcn Manavgat i\u00e7in tarihi bir an. Sevgili G\u00fclten Ablam\u0131z, bug\u00fcn \u00e7ok mutluyuz, \u00e7\u00fcnk\u00fc Sizi burada en b\u00fcy\u00fck dile\u011finiz olan \u00f6\u011frencilerle bulu\u015fturmay\u0131 ba\u015fard\u0131k. Size \u015fahs\u0131m, y\u00f6netim kurulum ve Manavgat ad\u0131na \u00e7ok te\u015fekk\u00fcr ederiz. O kadar g\u00fczel ve muhte\u015fem bir i\u015f yapt\u0131n\u0131z ki, biz de bu g\u00fczel i\u015flerden dolay\u0131 Sizinle ve kendimizle gurur duyuyoruz. Sizin gibi hay\u0131rsever vatanda\u015flar\u0131n katk\u0131lar\u0131 olmasa bu \u00fclkede pek \u00e7ok \u015fey yap\u0131lamazd\u0131. Biz bu kal\u0131c\u0131 ve gelecek nesillere aktar\u0131lacak bir esere katk\u0131 veren insanlar olarak \u00e7ok mutluyuz ve bunu Size bor\u00e7luyuz. Size \u00e7ok am \u00e7ok te\u015fekk\u00fcr ederiz. Annenize, baban\u0131za ve k\u0131z karde\u015finize rahmet diliyor ve size sa\u011fl\u0131kl\u0131 uzun \u00f6m\u00fcr temenni ediyor ve ellerinizden \u00f6p\u00fcyorum.\u201d diye konu\u015ftu.<\/p>\n\n\n\n<p>Dekan Vekili Ulu\u015far; \u201cBuras\u0131 bir kamp\u00fcs alan\u0131na d\u00f6n\u00fc\u015fecek\u201d<\/p>\n\n\n\n<p>Dekan Vekili Prof. Dr. \u00dcmit Deniz Ulu\u015far; Hay\u0131rsever G\u00fclten \u00c7a\u011f\u0131ran te\u015fekk\u00fcr ederek ba\u015flad\u0131 konu\u015fmas\u0131n\u0131; \u201cDe\u011ferli kat\u0131l\u0131mc\u0131lar\u0131m\u0131z ve de\u011ferli ba\u011f\u0131\u015f\u00e7\u0131m\u0131z, bug\u00fcn sizlerle birlikte olmak ger\u00e7ekten \u00e7ok g\u00fczel bir gurur. G\u00fclten \u00c7a\u011f\u0131ran Han\u0131m ve Doktor Muammer G\u00fcne\u015f Beyin yapt\u0131\u011f\u0131 inan\u0131lmaz \u00e7aba ve irade ile bu bina bug\u00fcnk\u00fc duruma getirildi. 18 bin metrekare alana kurulu yerle\u015fkemize \u00e7ok say\u0131da hocam\u0131z ve \u00f6\u011frencimizin gelebilece\u011fi ger\u00e7ekten \u00e7ok b\u00fcy\u00fck bir bina. Ortadaki yolu kapatmak ile ilgili \u00e7al\u0131\u015fmalar\u0131m\u0131z s\u00fcr\u00fcyor ve b\u00fcy\u00fck ihtimalle buras\u0131 bir kamp\u00fcs alan\u0131na d\u00f6n\u00fc\u015fecek. \u0130yi ki vars\u0131n\u0131z emeklerinize sa\u011fl\u0131k iyi ki bizlere destek veriyorsunuz.\u201d diyerek tamamlad\u0131.<\/p>\n\n\n\n<p>Tatar; \u201cBug\u00fcn \u00e7ok \u00f6nemli bir ad\u0131m att\u0131k\u201d<\/p>\n\n\n\n<p>Manavgat sanayici ve \u0130\u015f \u0130nsanlar\u0131 Derne\u011fi Y\u00f6netim Kurulu Ba\u015fkan\u0131 M\u00fccahit Tatar ise, A\u00dc, MAY\u00d6V ve MAS\u0130AD aras\u0131ndaki protokolde arabulucu ve g\u00f6zlemci s\u0131fat\u0131yla yer ald\u0131klar\u0131n\u0131 ve bundan onur duyduklar\u0131n\u0131 s\u00f6yleyerek konu\u015fmas\u0131na ba\u015flad\u0131. Tatar; \u201c\u0130lk g\u00f6r\u00fc\u015fmeyi yapt\u0131\u011f\u0131m\u0131z g\u00fcnlerde Hay\u0131rsever G\u00fclten Ablam\u0131z kar\u015f\u0131 binadan bu tarafa bakt\u0131\u011f\u0131nda \u2018O\u011flum burada \u00f6\u011frenciler mi okuyacak, k\u0131z \u00e7ocuklar\u0131 m\u0131 okuyacak?\u2019 diye sordu\u011funda kendisine evet cevab\u0131 verdi\u011fimde de bunun mutlaka yap\u0131lmas\u0131 gerekti\u011fini s\u00f6yledi. \u00c7ok de\u011ferli hay\u0131rsever ablam\u0131z G\u00fclten \u00c7a\u011f\u0131ran Han\u0131ma, MAY\u00d6V Y\u00f6netim Kuruluna, bu yap\u0131n\u0131n bug\u00fcne gelmesinde b\u00fcy\u00fck eme\u011fi olan Kahraman K\u00f6ro\u011flu ve H\u00fcseyin Cengiz\u2019e \u00f6zellikle ellerini ta\u015f\u0131n alt\u0131na sokarak; gerek pandemi gerekse Manavgat yang\u0131n\u0131 ve \u00e7ok ac\u0131lar ya\u015fad\u0131\u011f\u0131m\u0131z t\u00fcm s\u00fcre\u00e7te ara vermeden \u00e7al\u0131\u015ft\u0131klar\u0131 i\u00e7in \u00e7ok te\u015fekk\u00fcr ederim. Bu s\u00fcre\u00e7te \u00e7ok s\u0131k\u0131nt\u0131lar \u00e7ekildi, yapamazs\u0131n\u0131z, ba\u015faramazs\u0131n\u0131z diyenler oldu. Biz halisane niyetimizi t\u00fcm g\u00fcc\u00fcm\u00fczle ortaya koyduk. T\u00fcm ekonomik krizlere ra\u011fmen y\u0131lmad\u0131k, bu arada bizlere destek olan \u00e7ok say\u0131da dostlar\u0131m\u0131z da oldu. \u015eunu anlad\u0131k ki Manavgatl\u0131 y\u0131lmad\u0131\u011f\u0131 ve inand\u0131\u011f\u0131 ve \u00e7al\u0131\u015ft\u0131\u011f\u0131 m\u00fcddet\u00e7e Allah kar\u015f\u0131l\u0131\u011f\u0131n\u0131 mutlaka verecektir. Omuz omuza vererek birbirimize her a\u015famada destek olduk. Bug\u00fcn \u00e7ok \u015f\u00fck\u00fcr fak\u00fcltemizin ilk ders etkinli\u011fine kat\u0131ld\u0131k. Kar\u0131nca bereketini g\u00fcveniyoruz dedik. Allah hamdolsun bize bug\u00fcnleri nasip etti. Bug\u00fcn \u00e7ok \u00f6nemli bir ad\u0131m att\u0131k. Bundan sonra art\u0131k ok yayadan \u00e7\u0131km\u0131\u015ft\u0131r ve hedefimize ad\u0131m ad\u0131m yakla\u015f\u0131yoruz. Manavgatl\u0131 hem\u015ferilerimizden dile\u011fimiz buras\u0131 sadece MAY\u00d6V\u2019\u00fcn ya da MAS\u0130AD\u2019\u0131n meselesi de\u011fil aksine t\u00fcm Manavgat\u2019\u0131n meselesidir. Hep birlikte bu fak\u00fclteye sahip \u00e7\u0131kal\u0131m. Allah hepsinden raz\u0131 olsun.\u201d<\/p>\n\n\n\n<p>Hay\u0131rsever G\u00fclten \u00c7a\u011f\u0131ran; \u201c\u00d6\u011frencilerin s\u0131n\u0131flarda olmas\u0131 ile en b\u00fcy\u00fck hayalim ger\u00e7ekle\u015fti.\u201d<\/p>\n\n\n\n<p>Hay\u0131rsever G\u00fclten \u00c7a\u011f\u0131ran; \u00f6zellikle \u00f6\u011frencileri burada yerle\u015fkenin bah\u00e7esinde ve s\u0131n\u0131flarda g\u00f6rmenin en b\u00fcy\u00fck hayali oldu\u011funu s\u00f6yleyerek; \u201cAilemden kalma elimde imkan\u0131m oldu. Ba\u015fta B\u00fcy\u00fck Atat\u00fcrk\u2019\u00fcn Girit\u2019ten gelenlere vermi\u015f oldu\u011fu sahildeki arazilerin de\u011ferlendirilerek elde edilen gelir kar\u015f\u0131l\u0131\u011f\u0131nda elime nakit ge\u00e7ti. Kimsem kalmam\u0131\u015ft\u0131 ve bunu de\u011ferlendirmem gerekiyordu. Ben milliyet\u00e7i bir insan\u0131m ve bu nedenle milletim i\u00e7in ne yapabilirim diye \u00f6nce kendim d\u00fc\u015f\u00fcnd\u00fcm. Kendim de ya\u015fl\u0131 oldu\u011fum i\u00e7in ya\u015fl\u0131lar i\u00e7in bir eser b\u0131rakmak ilk akl\u0131ma gelen oldu ancak bunu hayata ge\u00e7iremedim. Daha sonra babam\u0131n vefat\u0131yla bir arkada\u015f\u0131mla konu\u015farak bir okul yapt\u0131rmak istedi\u011fimi dile getirdim. Ancak nas\u0131l yapaca\u011f\u0131m\u0131 ve elimdeki nakiti nereye yat\u0131raca\u011f\u0131m\u0131 s\u00f6yleyince bir ba\u015fka arkada\u015f\u0131m\u0131n arsas\u0131 oldu\u011funu s\u00f6yledi. O g\u00fcne kadar hi\u00e7bir resmi yere gitmemi\u015ftim ancak ilk defa hayat\u0131mda o zaman \u00e7\u0131kt\u0131m Vali Bey\u2019e gittim ve ondan sonra da Allah \u00f6n\u00fcme ta\u015f koymad\u0131 ve ben ilerledim. Gerisi zaten burada ve g\u00f6r\u00fcn\u00fcyor. Ben elimdeki nakiti asla tek ba\u015f\u0131ma de\u011ferlendiremezdi. \u00d6zel Akdeniz Hastanesi sahibi olan akrabam Doktor Yusuf Ayd\u0131n\u2019a konuyu a\u00e7arak fikrini sordum. Bir bakt\u0131m ki terkedilmi\u015f bu binay\u0131 g\u00f6r\u00fcnce \u00e7ok \u00fcz\u00fcld\u00fcm ve hemen de\u011ferlendirelim dedim. Burada MAY\u00d6V ve Be\u015feri Bilimler Fak\u00fcltesi \u00d6\u011fretim \u00fcyelerinin de yard\u0131m ve destekleri ile herkes yard\u0131mc\u0131 oldu. Benim eme\u011fim yok sadece d\u00fc\u015f\u00fcnce katk\u0131m oldu ve b\u00f6ylece ilerleyerek bug\u00fcne geldik. Buraya ad\u0131m\u0131n verilmesinden \u00e7ok buradan mezun olacak \u00f6\u011frencilerin buray\u0131 en iyi \u015fekilde temsil etmeleri beni daha \u00e7ok mutlu eder. Na\u00e7izane tek dile\u011fim bir T\u00fcrk olarak buradan mezun olacak \u00f6\u011frencilerimizle gurur duymakt\u0131r. T\u00fcrk topra\u011f\u0131n\u0131 kesinlikle yabanc\u0131lara satmay\u0131n.\u201d diyerek ve \u2018Ne mutlu T\u00fcrk\u2019\u00fcm diyene\u2019 s\u00f6zlerini vurgulayarak duygular\u0131n\u0131 dile getirdi.<\/p>\n\n\n\n<p>\u0130lk ders: \u201cBu d\u00fcnyan\u0131n en \u00e7ok ihtiya\u00e7 duydu\u011fu \u015fey; \u0130yi, G\u00fczel \u0130nsanlard\u0131r\u201d<\/p>\n\n\n\n<p>Dekan Yard\u0131mc\u0131s\u0131 ve Sosyal Hizmet B\u00f6l\u00fcm\u00fc \u00d6\u011fretim G\u00f6revlisi Do\u00e7. Dr. Arif Aytekin; \u201c\u0130lk dersimde normalde Sosyal Hizmet a\u00e7\u0131s\u0131ndan G\u00f6\u00e7 olgusu \u00fczerine bir ders yapacakt\u0131m, ancak G\u00fclten \u00c7a\u011f\u0131ran Han\u0131m\u0131n, bize verdi\u011fi dersi d\u00fc\u015f\u00fcn\u00fcnce kendi dersimden vazge\u00e7erek, onun bize verdi\u011fi dersi almay\u0131 tercih ettim. De\u011fer y\u00fckl\u00fc, \u00e7ok anlaml\u0131 bu ders \u00fczerine bir ka\u00e7 s\u00f6z etmek isterim. Her \u015feyden \u00f6nce i\u00e7inde ilk olarak bulundu\u011fumuz \u00e7a\u011f itibariyle, herkes g\u00f6z\u00fcn\u00fc maddi olana dikmi\u015fken, G\u00fclten abla maddiyattan daha \u00f6nemli de\u011ferlerin oldu\u011funu bize ya\u015fayarak, uygulayarak unutulmaz bir ders vermi\u015ftir. \u0130kincisi T\u00fcrk tarihi, \u00f6zellikle Sel\u00e7uklu ve Osmanl\u0131 tarihi vak\u0131f medeniyeti \u00f6zelli\u011fi ile tebar\u00fcz etmi\u015ftir. G\u00fclten Han\u0131m Manavgat Y\u00fcksek \u00d6\u011fretim Vakf\u0131 MAY\u00d6V\u2019e katk\u0131 sunarak, b\u00f6ylesi g\u00f6rkemli bir kurumun olu\u015fmas\u0131 hayaliyle T\u00fcrkl\u00fc\u011f\u00fcm\u00fcz\u00fc, \u00f6z\u00fcm\u00fcz\u00fc, insanl\u0131\u011f\u0131m\u0131z\u0131 yeniden hat\u0131rlatma dersini bize vermi\u015ftir. J. S. Bach ben &#8220;m\u00fczik yaparken ibadet etti\u011fimi&#8221; hissediyorum der. Ben de, G\u00fclten ablan\u0131n \u00abde\u011fer y\u00fckl\u00fc bu davran\u0131\u015f\u0131yla\u00bb J.S. Bach&#8217;\u0131n a\u00e7\u0131klamas\u0131 aras\u0131nda derin bir anlam ili\u015fkisi oldu\u011funu d\u00fc\u015f\u00fcn\u00fcyorum. B\u00f6ylece \u00aben b\u00fcy\u00fck yat\u0131r\u0131m\u0131n insana yap\u0131lan yat\u0131r\u0131m\u00bb oldu\u011funu,&nbsp; en kutsal, \u00f6nemli kurumun e\u011fitim kurumu oldu\u011funu bize apa\u00e7\u0131k bir ders olarak sunmu\u015ftur. Dini literat\u00fcrde &#8220;sadaka-i cari&#8221; diye bir tabir vard\u0131r&#8230; Bu, \u00f6yle bir de\u011fer y\u00f6nelimli davran\u0131\u015f ki, siz \u00f6lseniz bile o, hay\u0131r, hasenat, iyilik olarak devam eder. G\u00fclten Han\u0131m yapt\u0131\u011f\u0131 bu davran\u0131\u015fla bir bak\u0131ma, Manavgat \u0131rma\u011f\u0131 gibi kesintisiz akacak bir iyilik dersini bize vermektedir. Biz e\u011fitimciler ve \u00f6\u011frenciler olarak bu iyilik \u0131rma\u011f\u0131ndan kana kana i\u00e7ece\u011fiz, bundan hi\u00e7 \u015f\u00fcpheniz olmas\u0131n. \u00d6nemli bir T\u00fcrk d\u00fc\u015f\u00fcn\u00fcr\u00fc, benim de i\u00e7inde oldu\u011fum \u00fcniversite \u00f6\u011frencileri ile yapt\u0131\u011f\u0131 bir toplant\u0131da; \u2018Bu i\u00e7inde ya\u015fad\u0131\u011f\u0131m\u0131z sorunlu modern d\u00fcnyan\u0131n b\u00fcy\u00fck sorunlar\u0131n\u0131 \u00e7\u00f6zmek i\u00e7in en \u00e7ok neye ihtiya\u00e7 var?\u2019 sorusunu \u00f6\u011frencilere sordu. Her bir \u00f6\u011frenci kendi ideoloji \u00e7er\u00e7evesinde cevap verdi. Baz\u0131lar\u0131 sosyalizm, baz\u0131lar\u0131 kapitalizm, baz\u0131lar\u0131 din, baz\u0131lar\u0131 hukuk, baz\u0131lar\u0131 millet olma bilinci vs. diye cevap verdiler. Ancak ger\u00e7ek cevap \u015fuydu: \u2018BU D\u00dcNYANIN EN \u00c7OK \u0130HT\u0130YA\u00c7 DUYDU\u011eU \u015eEY; \u0130Y\u0130, G\u00dcZEL \u0130NSANLARDIR.\u2019 G\u00fclten Han\u0131m bir iyilik mele\u011fi olarak bize iyi ve g\u00fczel insan olman\u0131n ne kadar \u00f6nemli oldu\u011fu dersini verdi\u011fi i\u00e7in, \u00fcniversitemiz ve \u00f6\u011frencilerimiz ad\u0131na kendisine sonsuz te\u015fekk\u00fcrler ederiz.\u201d diye konu\u015ftu.<\/p>\n\n\n\n<p>Bu s\u00f6zler kar\u015f\u0131s\u0131nda duygu dolu anlar ya\u015fayan Hay\u0131rsever G\u00fclten \u00c7a\u011f\u0131ran, bu s\u00f6zlerin kesinlikle kendisini tarif etti\u011fini kaydetti. \u00c7a\u011f\u0131ran, konu\u015fmas\u0131n\u0131 \u015f\u00f6yle s\u00fcrd\u00fcrd\u00fc; \u201c\u0130nsan belli bir ya\u015fa geldikten sonra daha \u00e7ok iyili\u011fin iyilik getirdi\u011fine, k\u00f6t\u00fcl\u00fc\u011f\u00fcn de muhakkak k\u00f6t\u00fcl\u00fck getirdi\u011fini g\u00f6r\u00fcyor. Her zaman iyilik d\u00fc\u015f\u00fcn\u00fcn, \u00e7\u00fcnk\u00fc iyilik d\u00fc\u015f\u00fcn\u00fcrseniz iyilik geliyor. Her \u00e7ocu\u011fumuzun mutlaka \u0130stanbul\u2019u g\u00f6rmesini isterim. \u0130stanbul \u00e7ok g\u00fczel bir medeniyet ve bilgi \u015fehri ve burada her \u015feyi g\u00f6rebilirsiniz.\u201d<\/p>\n\n\n\n<p>\u00c7\u0131k\u0131\u015fta Hay\u0131rsever G\u00fclten \u00c7a\u011f\u0131ran ile hat\u0131ra foto\u011fraf\u0131 \u00e7ektirerek bu an\u0131 \u00f6l\u00fcms\u00fczle\u015ftiren \u00f6\u011frenciler, veda ederken kendisine te\u015fekk\u00fcr ederek Mezuniyet t\u00f6renlerinde de kendisini mutlaka aralar\u0131nda g\u00f6rmek istediklerini dile getirdiler.<\/p>\n\n\n\n<p>(Haber Merkezi)<\/p>\n","protected":false},"excerpt":{"rendered":"<p>Akdeniz \u00dcniversitesi (A\u00dc), Manavgat Y\u00fcksek \u00d6\u011fretim Bilimsel ve Teknolojik Ara\u015ft\u0131rmalar Vakf\u0131 (MAY\u00d6V) ve Manavgat Sanayici ve \u0130\u015f \u0130nsanlar\u0131 Derne\u011fi (MAS\u0130AD) aras\u0131nda ger\u00e7ekle\u015ftirilen protokol ile Manavgat&#8217;ta <a href=\"https:\/\/akdenizhaber.com.tr\/index.php\/2023\/10\/12\/beseri-bilimler-fakultesinde-ilk-ders-zili-caldi\/\" class=\"read-more-link\">[more&#8230;]<\/a><\/p>\n","protected":false},"author":2,"featured_media":16639,"comment_status":"open","ping_status":"open","sticky":false,"template":"","format":"standard","meta":{"footnotes":""},"categories":[2],"tags":[],"class_list":["post-16638","post","type-post","status-publish","format-standard","has-post-thumbnail","hentry","category-gundem"],"_links":{"self":[{"href":"https:\/\/akdenizhaber.com.tr\/index.php\/wp-json\/wp\/v2\/posts\/16638","targetHints":{"allow":["GET"]}}],"collection":[{"href":"https:\/\/akdenizhaber.com.tr\/index.php\/wp-json\/wp\/v2\/posts"}],"about":[{"href":"https:\/\/akdenizhaber.com.tr\/index.php\/wp-json\/wp\/v2\/types\/post"}],"author":[{"embeddable":true,"href":"https:\/\/akdenizhaber.com.tr\/index.php\/wp-json\/wp\/v2\/users\/2"}],"replies":[{"embeddable":true,"href":"https:\/\/akdenizhaber.com.tr\/index.php\/wp-json\/wp\/v2\/comments?post=16638"}],"version-history":[{"count":0,"href":"https:\/\/akdenizhaber.com.tr\/index.php\/wp-json\/wp\/v2\/posts\/16638\/revisions"}],"wp:featuredmedia":[{"embeddable":true,"href":"https:\/\/akdenizhaber.com.tr\/index.php\/wp-json\/wp\/v2\/media\/16639"}],"wp:attachment":[{"href":"https:\/\/akdenizhaber.com.tr\/index.php\/wp-json\/wp\/v2\/media?parent=16638"}],"wp:term":[{"taxonomy":"category","embeddable":true,"href":"https:\/\/akdenizhaber.com.tr\/index.php\/wp-json\/wp\/v2\/categories?post=16638"},{"taxonomy":"post_tag","embeddable":true,"href":"https:\/\/akdenizhaber.com.tr\/index.php\/wp-json\/wp\/v2\/tags?post=16638"}],"curies":[{"name":"wp","href":"https:\/\/api.w.org\/{rel}","templated":true}]}}