{"id":16623,"date":"2023-10-12T11:36:41","date_gmt":"2023-10-12T08:36:41","guid":{"rendered":"https:\/\/akdenizhaber.com.tr\/?p=16623"},"modified":"2023-10-12T11:36:42","modified_gmt":"2023-10-12T08:36:42","slug":"muratpasadan-farkindalik-etkinligi","status":"publish","type":"post","link":"https:\/\/akdenizhaber.com.tr\/index.php\/2023\/10\/12\/muratpasadan-farkindalik-etkinligi\/","title":{"rendered":"Muratpa\u015fa\u2019dan Fark\u0131ndal\u0131k Etkinli\u011fi"},"content":{"rendered":"\n<p><\/p>\n\n\n\n<p>Antalya\u2019da Muratpa\u015fa Belediyesi, d\u00fczenleyece\u011fi 2 ayr\u0131 \u00e7al\u0131\u015fmas\u0131yla 1-31 Ekim Meme Kanseri Fark\u0131ndal\u0131k Ay\u0131\u2019na destek verecek.<\/p>\n\n\n\n<p>\u0130lk etkinlik 14 Ekim Cumartesi T\u00fcrkan \u015eoray K\u00fclt\u00fcr Merkezi\u2019nde ger\u00e7ekle\u015fecek. Hastal\u0131k hakk\u0131nda kat\u0131l\u0131mc\u0131lar\u0131 ayd\u0131nlatacak Meme Kanseri Bilgilendirme Toplant\u0131s\u0131, saat 14.00\u2019te ba\u015flayacak. Meme kanserinin nedenleri, belirtileri, te\u015fhisi ve tedavi y\u00f6ntemlerinin konu\u015fulaca\u011f\u0131 toplant\u0131da Op. Dr. Ali \u00d6zl\u00fck, Prof. Dr. Emel Durmaz, Uzm. Dr. T\u00fcmay Akar, Op. Dr. Neslihan Hazar ve Op. Dr. Harun \u015eim\u015fek konu\u015fmac\u0131 olarak yer alacak.<br>Muratpa\u015fa Belediyesi\u2019nin meme kanseri i\u00e7in d\u00fczenledi\u011fi bir di\u011fer fark\u0131ndal\u0131k etkinli\u011fi 20 Ekim Cuma g\u00fcn\u00fc \u2018Meme Kanseri Fark\u0131ndal\u0131k Y\u00fcr\u00fcy\u00fc\u015f\u00fc\u2019 ile devam edecek. Muratpa\u015fa Laura AVM \u00f6n\u00fcnden 15.30\u2019da ba\u015flayacak y\u00fcr\u00fcy\u00fc\u015f, bando e\u015fli\u011finde Muratpa\u015fa Belediyesi Atat\u00fcrk Kent Meydan\u0131\u2019na kadar s\u00fcrecek. Kent meydan\u0131nda etkinlik, seminerle devam edecek.<\/p>\n\n\n\n<p>Muratpa\u015fa Belediyesi \/ B\u00fclten<\/p>\n","protected":false},"excerpt":{"rendered":"<p>Antalya\u2019da Muratpa\u015fa Belediyesi, d\u00fczenleyece\u011fi 2 ayr\u0131 \u00e7al\u0131\u015fmas\u0131yla 1-31 Ekim Meme Kanseri Fark\u0131ndal\u0131k Ay\u0131\u2019na destek verecek. \u0130lk etkinlik 14 Ekim Cumartesi T\u00fcrkan \u015eoray K\u00fclt\u00fcr Merkezi\u2019nde ger\u00e7ekle\u015fecek. <a href=\"https:\/\/akdenizhaber.com.tr\/index.php\/2023\/10\/12\/muratpasadan-farkindalik-etkinligi\/\" class=\"read-more-link\">[more&#8230;]<\/a><\/p>\n","protected":false},"author":2,"featured_media":16624,"comment_status":"open","ping_status":"open","sticky":false,"template":"","format":"standard","meta":{"footnotes":""},"categories":[2],"tags":[],"class_list":["post-16623","post","type-post","status-publish","format-standard","has-post-thumbnail","hentry","category-gundem"],"_links":{"self":[{"href":"https:\/\/akdenizhaber.com.tr\/index.php\/wp-json\/wp\/v2\/posts\/16623","targetHints":{"allow":["GET"]}}],"collection":[{"href":"https:\/\/akdenizhaber.com.tr\/index.php\/wp-json\/wp\/v2\/posts"}],"about":[{"href":"https:\/\/akdenizhaber.com.tr\/index.php\/wp-json\/wp\/v2\/types\/post"}],"author":[{"embeddable":true,"href":"https:\/\/akdenizhaber.com.tr\/index.php\/wp-json\/wp\/v2\/users\/2"}],"replies":[{"embeddable":true,"href":"https:\/\/akdenizhaber.com.tr\/index.php\/wp-json\/wp\/v2\/comments?post=16623"}],"version-history":[{"count":0,"href":"https:\/\/akdenizhaber.com.tr\/index.php\/wp-json\/wp\/v2\/posts\/16623\/revisions"}],"wp:featuredmedia":[{"embeddable":true,"href":"https:\/\/akdenizhaber.com.tr\/index.php\/wp-json\/wp\/v2\/media\/16624"}],"wp:attachment":[{"href":"https:\/\/akdenizhaber.com.tr\/index.php\/wp-json\/wp\/v2\/media?parent=16623"}],"wp:term":[{"taxonomy":"category","embeddable":true,"href":"https:\/\/akdenizhaber.com.tr\/index.php\/wp-json\/wp\/v2\/categories?post=16623"},{"taxonomy":"post_tag","embeddable":true,"href":"https:\/\/akdenizhaber.com.tr\/index.php\/wp-json\/wp\/v2\/tags?post=16623"}],"curies":[{"name":"wp","href":"https:\/\/api.w.org\/{rel}","templated":true}]}}