{"id":16588,"date":"2023-10-11T10:59:15","date_gmt":"2023-10-11T07:59:15","guid":{"rendered":"https:\/\/akdenizhaber.com.tr\/?p=16588"},"modified":"2023-10-11T10:59:16","modified_gmt":"2023-10-11T07:59:16","slug":"dereceye-girenlerin-odulleri-tutuncuden","status":"publish","type":"post","link":"https:\/\/akdenizhaber.com.tr\/index.php\/2023\/10\/11\/dereceye-girenlerin-odulleri-tutuncuden\/","title":{"rendered":"Dereceye Girenlerin \u00d6d\u00fclleri T\u00fct\u00fcnc\u00fc\u2019den"},"content":{"rendered":"\n<p><\/p>\n\n\n\n<p>Kepez Belediyesi\u2019nin amat\u00f6r sanat\u00e7\u0131lar\u0131 te\u015fvik etmek ve T\u00fcrk m\u00fczi\u011fine yetenekli sesleri kazand\u0131rmak amac\u0131yla d\u00fczenledi\u011fi 9. Ulusal M\u00fczik \u00d6d\u00fclleri yar\u0131\u015fmas\u0131 muhte\u015fem finalle sahiplerini buldu. Birbirinden g\u00fczel eserleri seslendiren yar\u0131\u015fmac\u0131lar\u0131n muhte\u015fem sesleri ve yar\u0131\u015fman\u0131n \u00f6zel konu\u011fu besteci, m\u00fczisyen Tuna Kiremitci&#8217;nin etkileyici performans\u0131 geceye damga vurdu.<\/p>\n\n\n\n<p>Kepez Belediyesi\u2019nin 9. Ulusal M\u00fczik \u00d6d\u00fclleri Yar\u0131\u015fmas\u0131 finali Erdem Beyaz\u0131t K\u00fclt\u00fcr Merkezi\u2019nde yap\u0131ld\u0131. Yar\u0131\u015fman\u0131n 12 finalisti birbirinden g\u00fczel performanslar\u0131yla, izleyicilere muhte\u015fem bir m\u00fczik ziyafeti sundu. Yar\u0131\u015fman\u0131n \u00f6zel konu\u011fu yazar, \u015fair, besteci, m\u00fczisyen Tuna Kiremitci&#8217;de birbirinden g\u00fczel eserlerini seslendirerek, geceye renk katt\u0131. Kepez Belediye Ba\u015fkan\u0131 Hakan T\u00fct\u00fcnc\u00fc\u2019de yar\u0131\u015fmac\u0131lar\u0131n heyecan\u0131na ortak oldu. Performanslar\u0131n ard\u0131ndan sahneye \u00e7\u0131karak bir konu\u015fma yapan Ba\u015fkan T\u00fct\u00fcnc\u00fc, Kepez M\u00fczik \u00d6d\u00fclleri Yar\u0131\u015fmas\u0131n\u0131n 2014 y\u0131l\u0131nda do\u011fdu\u011funu, ke\u015ffedilmeyi bekleyen yeteneklere f\u0131rsatlar sunuldu\u011funu s\u00f6yledi.<\/p>\n\n\n\n<p>YETENEKL\u0130 GEN\u00c7LER\u0130M\u0130Z\u0130N \u00d6N\u00dcN\u00dc A\u00c7IYORUZ<\/p>\n\n\n\n<p>Ba\u015fkan T\u00fct\u00fcnc\u00fc, \u201c\u00d6zellikle gen\u00e7lere, \u00e7ok de\u011ferli m\u00fczisyenler e\u015fli\u011finde m\u00fczik anlam\u0131nda e\u011fitimler veren fevkalade, nitelikli programlar uyguluyoruz.2014 y\u0131l\u0131nda ba\u015flad\u0131\u011f\u0131m\u0131z bu yolculuk sadece pandemi de zorunlu olarak bir y\u0131l ara verdi. Onun d\u0131\u015f\u0131nda 9 y\u0131l boyunca b\u00fcy\u00fck bir heyecanla gayretle bu g\u00fcnlere geldi. 9 yar\u0131\u015fma boyunca binlerce gencimiz T\u00fcrkiye&#8217;nin de\u011fi\u015fik illerinden sadece Antalya&#8217;dan de\u011fil, burada sahneye \u00e7\u0131kmak i\u00e7in bu final heyecan\u0131n\u0131 ya\u015famak i\u00e7in bize m\u00fcracaat etmi\u015fler ve yine onlar\u0131n i\u00e7erisinden \u00e7ok de\u011ferli karde\u015flerimizin \u00e7ok de\u011fi\u015fik alanlarda \u00f6nlerinin a\u00e7\u0131ld\u0131\u011f\u0131n\u0131 g\u00f6rd\u00fcm. Bunlar bizim i\u00e7in b\u00fcy\u00fck bir mutluluk vesilesi. &nbsp;K\u00f6kl\u00fc bir medeniyet in\u015fas\u0131na katk\u0131 verebilmenin 2 tane \u015fart\u0131 vard\u0131r. Bunlardan birisi bilim ve teknoloji, ikincisi k\u00fclt\u00fcr ve sanatt\u0131r. Biz de hem bilimsel anlamda \u00e7al\u0131\u015fmalar yapan gen\u00e7lerin \u00f6n\u00fcn\u00fc a\u00e7acak, T\u00fcrkiye&#8217;nin en b\u00fcy\u00fck bilim merkezini kurduk. Antalya Bilim Merkezimiz de bilim festivalleriyle \u00e7ok de\u011fi\u015fik ulusal \u00e7apta yar\u0131\u015fmalar d\u00fczenliyoruz. \u0130catlar geli\u015ftirmek isteyen gen\u00e7lere f\u0131rsatlar sunuyoruz. Ama bunlarla birlikte k\u00fclt\u00fcr ve sanat alan\u0131nda da \u00e7ok de\u011fi\u015fik yar\u0131\u015fmalarla ke\u015ffedilmeyi bekleyen yetenekleri biz ke\u015ffetmeye \u00e7al\u0131\u015f\u0131yoruz. Onlara f\u0131rsat vermeye imkan sa\u011flamaya, ortam haz\u0131rlamaya, onlar\u0131 cesaretlendirmeye, onlar\u0131n sahnenin tozunu yutmaya ihtiya\u00e7lar\u0131 var belki de. \u0130\u015fte o bak\u0131mdan dolay\u0131 b\u00f6yle bir \u00e7al\u0131\u015fmay\u0131 ortaya koyduk. \u201c diye konu\u015ftu.<\/p>\n\n\n\n<p>ANTALYA K\u00dcLT\u00dcR VE SANAT \u015eEHR\u0130<\/p>\n\n\n\n<p>\u201cOnlar\u0131n bu \u0131\u015f\u0131lt\u0131l\u0131 sahneye \u00e7\u0131k\u0131\u015flar\u0131 bu sahnede kendilerinin ciddiye al\u0131nd\u0131klar\u0131n\u0131 g\u00f6rmeleri ve T\u00fcrkiye&#8217;nin \u00f6nemli m\u00fczisyenlerinin kar\u015f\u0131s\u0131nda kendilerini ifade edebilmeleri bunlar hafife al\u0131nacak, ya da \u00e7ok rastlanan \u015feyler de\u011fil.\u201d diyerek s\u00f6zlerini s\u00fcrd\u00fcren Ba\u015fkan T\u00fct\u00fcnc\u00fc, &nbsp;\u201cT\u00fcrkiye&#8217;de biz bunu yapmaya gayret ettik. Antalya&#8217;da bunu yapmaya gayret ettik. \u00c7\u00fcnk\u00fc Antalya binlerce y\u0131ll\u0131k medeniyet birikiminin i\u00e7erisinde en bask\u0131n vasf\u0131 k\u00fclt\u00fcr ve sanat olan bir \u015fehirdir. Bunu Antalya&#8217;n\u0131n arkeolojik klasik de\u011ferlerine bakt\u0131\u011f\u0131m\u0131z zaman da \u00e7ok iyi g\u00f6r\u00fcyoruz. Modern de\u011ferleri de bize bunlar\u0131 en g\u00fczel \u015fekilde anlat\u0131yor. 9 y\u0131ll\u0131k yolculuk boyunca bu i\u015fe emek veren \u00e7ok de\u011ferli \u00e7al\u0131\u015fma arkada\u015flar\u0131m\u0131za te\u015fekk\u00fcr ediyorum. \u201c dedi.<\/p>\n\n\n\n<p>Ba\u015fkan T\u00fct\u00fcnc\u00fc, Kepez Belediyesi \u00c7ocuk ve Gen\u00e7lik Senfoni Orkestras\u0131 \u015eefi Engin Beslek\u2019e te\u015fekk\u00fcr ederek , \u201cBiz 3 ya\u015f\u0131ndan itibaren \u00e7ocuklara m\u00fczik e\u011fitimi veren bir belediyeyiz. Belediyemizde m\u00fczik e\u011fitim alan yakla\u015f\u0131k 100 \u00e7ocu\u011fumuzu da 15 y\u0131l zarf\u0131nda konservatuvar \u00f6\u011frencisi yapm\u0131\u015f\u0131z. Bu da bizim i\u00e7in b\u00fcy\u00fck bir mutluluk vesilesi.&nbsp; \u201cdiye konu\u015ftu.<\/p>\n\n\n\n<p>DERECEYE G\u0130RENLER\u0130N \u00d6D\u00dcLLER\u0130 T\u00dcT\u00dcNC\u00dc\u2019DEN<\/p>\n\n\n\n<p>M\u00fczik \u015f\u00f6leninin ard\u0131ndan j\u00fcri kararlar\u0131na g\u00f6re dereceye giren isimler belirlendi. Kepez Belediyesi\u2019nin 9. Ulusal M\u00fczik \u00d6d\u00fclleri Yar\u0131\u015fmas\u0131\u2019n\u0131n birincisi Sel\u00e7uk Boran, ikincisi Burak Hastop\u00e7u ve \u00fc\u00e7\u00fcnc\u00fcs\u00fc de Eyl\u00fcl \u00c7al\u0131\u015fkan, j\u00fcri taraf\u0131ndan belirlenen mansiyon \u00f6d\u00fcl\u00fcn\u00fcn sahibi ise Do\u011fan Safran oldu. Dereceye girenlerin \u00f6d\u00fcllerini de Kepez Belediye Ba\u015fkan\u0131 Hakan T\u00fct\u00fcnc\u00fc takdim etti. Bu y\u0131l dereceye giren birinci 15 bin TL, ikinci 10 bin TL ve \u00fc\u00e7\u00fcnc\u00fc de 7bin TL. ile j\u00fcri \u00f6zel \u00f6d\u00fcl\u00fc i\u00e7in se\u00e7ilen yar\u0131\u015fmac\u0131 4 bin TL. ile \u00f6d\u00fcllendirildi.<\/p>\n\n\n\n<p>Kepez Belediyesi \/ B\u00fclten<\/p>\n","protected":false},"excerpt":{"rendered":"<p>Kepez Belediyesi\u2019nin amat\u00f6r sanat\u00e7\u0131lar\u0131 te\u015fvik etmek ve T\u00fcrk m\u00fczi\u011fine yetenekli sesleri kazand\u0131rmak amac\u0131yla d\u00fczenledi\u011fi 9. Ulusal M\u00fczik \u00d6d\u00fclleri yar\u0131\u015fmas\u0131 muhte\u015fem finalle sahiplerini buldu. Birbirinden g\u00fczel <a href=\"https:\/\/akdenizhaber.com.tr\/index.php\/2023\/10\/11\/dereceye-girenlerin-odulleri-tutuncuden\/\" class=\"read-more-link\">[more&#8230;]<\/a><\/p>\n","protected":false},"author":2,"featured_media":16589,"comment_status":"open","ping_status":"open","sticky":false,"template":"","format":"standard","meta":{"footnotes":""},"categories":[2],"tags":[],"class_list":["post-16588","post","type-post","status-publish","format-standard","has-post-thumbnail","hentry","category-gundem"],"_links":{"self":[{"href":"https:\/\/akdenizhaber.com.tr\/index.php\/wp-json\/wp\/v2\/posts\/16588","targetHints":{"allow":["GET"]}}],"collection":[{"href":"https:\/\/akdenizhaber.com.tr\/index.php\/wp-json\/wp\/v2\/posts"}],"about":[{"href":"https:\/\/akdenizhaber.com.tr\/index.php\/wp-json\/wp\/v2\/types\/post"}],"author":[{"embeddable":true,"href":"https:\/\/akdenizhaber.com.tr\/index.php\/wp-json\/wp\/v2\/users\/2"}],"replies":[{"embeddable":true,"href":"https:\/\/akdenizhaber.com.tr\/index.php\/wp-json\/wp\/v2\/comments?post=16588"}],"version-history":[{"count":0,"href":"https:\/\/akdenizhaber.com.tr\/index.php\/wp-json\/wp\/v2\/posts\/16588\/revisions"}],"wp:featuredmedia":[{"embeddable":true,"href":"https:\/\/akdenizhaber.com.tr\/index.php\/wp-json\/wp\/v2\/media\/16589"}],"wp:attachment":[{"href":"https:\/\/akdenizhaber.com.tr\/index.php\/wp-json\/wp\/v2\/media?parent=16588"}],"wp:term":[{"taxonomy":"category","embeddable":true,"href":"https:\/\/akdenizhaber.com.tr\/index.php\/wp-json\/wp\/v2\/categories?post=16588"},{"taxonomy":"post_tag","embeddable":true,"href":"https:\/\/akdenizhaber.com.tr\/index.php\/wp-json\/wp\/v2\/tags?post=16588"}],"curies":[{"name":"wp","href":"https:\/\/api.w.org\/{rel}","templated":true}]}}