{"id":16579,"date":"2023-10-11T10:55:52","date_gmt":"2023-10-11T07:55:52","guid":{"rendered":"https:\/\/akdenizhaber.com.tr\/?p=16579"},"modified":"2023-10-11T10:55:52","modified_gmt":"2023-10-11T07:55:52","slug":"ormana-sakinlerinden-tesekkur","status":"publish","type":"post","link":"https:\/\/akdenizhaber.com.tr\/index.php\/2023\/10\/11\/ormana-sakinlerinden-tesekkur\/","title":{"rendered":"Ormana Sakinlerinden Te\u015fekk\u00fcr"},"content":{"rendered":"\n<p><\/p>\n\n\n\n<p><br>Antalya B\u00fcy\u00fck\u015fehir Belediyesi ASAT Genel M\u00fcd\u00fcrl\u00fc\u011f\u00fc \u0130brad\u0131\u2019n\u0131n Ormana Mahallesi S\u00f6\u011f\u00fct Mevkiinde i\u00e7me suyu imalat\u0131 \u00e7al\u0131\u015fmas\u0131 ger\u00e7ekle\u015ftiriyor.<\/p>\n\n\n\n<p>Yaz aylar\u0131nda n\u00fcfusun artmas\u0131yla birlikte i\u00e7me suyu s\u0131k\u0131nt\u0131s\u0131 ya\u015fayan \u0130brad\u0131 Ormana Mahallesi\u2019nin su sorunu Antalya B\u00fcy\u00fck\u015fehir Belediyesi ASAT Genel M\u00fcd\u00fcrl\u00fc\u011f\u00fc \u0130brad\u0131 \u015eube M\u00fcd\u00fcrl\u00fc\u011f\u00fc taraf\u0131ndan ger\u00e7ekle\u015ftirilen \u00e7al\u0131\u015fmayla son bulacak. 2021 y\u0131l\u0131nda bulunan yeni i\u00e7me suyu kayna\u011f\u0131 2 bin 700 metrelik hat imalat\u0131 ile S\u00f6\u011f\u00fct kaptaj\u0131na ula\u015ft\u0131r\u0131l\u0131yor. Buradan Onas i\u00e7me suyu deposuna aktar\u0131lacak olan do\u011fal kaynak suyu, Ormana halk\u0131n\u0131n sorununa \u00e7are olurken, ilerleyen zamanda olu\u015fabilecek su s\u0131k\u0131nt\u0131s\u0131n\u0131n da \u00f6n\u00fcne ge\u00e7ecek.<\/p>\n\n\n\n<p>ORMANA SAK\u0130NLER\u0130NDEN TE\u015eEKK\u00dcR<\/p>\n\n\n\n<p>Ormana Mahalle Muhtar\u0131 Fikret Canba\u015f, Ormana\u2019n\u0131n do\u011fal kaynak suyuna kavu\u015faca\u011f\u0131n\u0131 belirterek, \u201c\u0130\u00e7me suyunu Ormana\u2019m\u0131za ula\u015ft\u0131rd\u0131\u011f\u0131 i\u00e7in Ba\u015fkan\u0131m\u0131z Muhitin B\u00f6cek\u2019e sonsuz te\u015fekk\u00fcrlerimizi sunar\u0131z\u201d dedi.<\/p>\n\n\n\n<p>Ormana sakinlerinden Ali Kocakulak da b\u00f6lgede yaz aylar\u0131nda su s\u0131k\u0131nt\u0131s\u0131 ya\u015fand\u0131\u011f\u0131na dikkat \u00e7ekerek, \u201cAntalya B\u00fcy\u00fck\u015fehir Belediyesi kaynak suyunu ana \u015febekeye ba\u011flamak \u00fczere b\u00fcy\u00fck bir \u00e7al\u0131\u015fma yap\u0131yor. Gelip en \u00fccra k\u00f6\u015fede bile bizi bulduklar\u0131 i\u00e7in Antalya B\u00fcy\u00fck\u015fehir Belediyesi\u2019ne te\u015fekk\u00fcr ediyoruz\u201d dedi.<\/p>\n\n\n\n<p>Antalya B\u00fcy\u00fck\u015fehir Belediyesi \/ B\u00fclten<\/p>\n","protected":false},"excerpt":{"rendered":"<p>Antalya B\u00fcy\u00fck\u015fehir Belediyesi ASAT Genel M\u00fcd\u00fcrl\u00fc\u011f\u00fc \u0130brad\u0131\u2019n\u0131n Ormana Mahallesi S\u00f6\u011f\u00fct Mevkiinde i\u00e7me suyu imalat\u0131 \u00e7al\u0131\u015fmas\u0131 ger\u00e7ekle\u015ftiriyor. Yaz aylar\u0131nda n\u00fcfusun artmas\u0131yla birlikte i\u00e7me suyu s\u0131k\u0131nt\u0131s\u0131 ya\u015fayan <a href=\"https:\/\/akdenizhaber.com.tr\/index.php\/2023\/10\/11\/ormana-sakinlerinden-tesekkur\/\" class=\"read-more-link\">[more&#8230;]<\/a><\/p>\n","protected":false},"author":2,"featured_media":16580,"comment_status":"open","ping_status":"open","sticky":false,"template":"","format":"standard","meta":{"footnotes":""},"categories":[2],"tags":[],"class_list":["post-16579","post","type-post","status-publish","format-standard","has-post-thumbnail","hentry","category-gundem"],"_links":{"self":[{"href":"https:\/\/akdenizhaber.com.tr\/index.php\/wp-json\/wp\/v2\/posts\/16579","targetHints":{"allow":["GET"]}}],"collection":[{"href":"https:\/\/akdenizhaber.com.tr\/index.php\/wp-json\/wp\/v2\/posts"}],"about":[{"href":"https:\/\/akdenizhaber.com.tr\/index.php\/wp-json\/wp\/v2\/types\/post"}],"author":[{"embeddable":true,"href":"https:\/\/akdenizhaber.com.tr\/index.php\/wp-json\/wp\/v2\/users\/2"}],"replies":[{"embeddable":true,"href":"https:\/\/akdenizhaber.com.tr\/index.php\/wp-json\/wp\/v2\/comments?post=16579"}],"version-history":[{"count":0,"href":"https:\/\/akdenizhaber.com.tr\/index.php\/wp-json\/wp\/v2\/posts\/16579\/revisions"}],"wp:featuredmedia":[{"embeddable":true,"href":"https:\/\/akdenizhaber.com.tr\/index.php\/wp-json\/wp\/v2\/media\/16580"}],"wp:attachment":[{"href":"https:\/\/akdenizhaber.com.tr\/index.php\/wp-json\/wp\/v2\/media?parent=16579"}],"wp:term":[{"taxonomy":"category","embeddable":true,"href":"https:\/\/akdenizhaber.com.tr\/index.php\/wp-json\/wp\/v2\/categories?post=16579"},{"taxonomy":"post_tag","embeddable":true,"href":"https:\/\/akdenizhaber.com.tr\/index.php\/wp-json\/wp\/v2\/tags?post=16579"}],"curies":[{"name":"wp","href":"https:\/\/api.w.org\/{rel}","templated":true}]}}