{"id":16576,"date":"2023-10-11T10:54:54","date_gmt":"2023-10-11T07:54:54","guid":{"rendered":"https:\/\/akdenizhaber.com.tr\/?p=16576"},"modified":"2023-10-11T10:54:55","modified_gmt":"2023-10-11T07:54:55","slug":"yagli-guresli-acilis","status":"publish","type":"post","link":"https:\/\/akdenizhaber.com.tr\/index.php\/2023\/10\/11\/yagli-guresli-acilis\/","title":{"rendered":"Ya\u011fl\u0131 G\u00fcre\u015fli A\u00e7\u0131l\u0131\u015f"},"content":{"rendered":"\n<p><\/p>\n\n\n\n<p>Varsak B\u00f6lgesine K\u0131rkp\u0131nar ya\u011fl\u0131 g\u00fcre\u015flerinin yap\u0131ld\u0131\u011f\u0131 er meydan\u0131 gibi bir tesis kazand\u0131ran Kepez Belediye Ba\u015fkan\u0131 Hakan T\u00fct\u00fcnc\u00fc, \u201cNas\u0131l ki! Edirne Sarayi\u00e7i K\u0131rkp\u0131nar ile \u00f6zle\u015fmi\u015fse, pehlivanlar diyar\u0131 Antalya\u2019da Varsak\u2019taki bu er meydan\u0131yla marka olacak.\u201d dedi. Ba\u015fkan T\u00fct\u00fcnc\u00fc, Varsak G\u00fcre\u015f Sahas\u0131n\u0131n \u00f6n\u00fcm\u00fczdeki g\u00fcnlerde ya\u011fl\u0131 g\u00fcre\u015f etkinli\u011fiyle a\u00e7\u0131laca\u011f\u0131n\u0131 bildirdi.<\/p>\n\n\n\n<p>Kepez Belediye Ba\u015fkan\u0131 Hakan T\u00fct\u00fcnc\u00fc, Varsak b\u00f6lgesinde 5 bin 517 metrekare alana in\u015faa edilen ve yap\u0131m a\u015famas\u0131nda sona gelinen g\u00fcre\u015f sahas\u0131nda incelemelerde bulundu. Belediye b\u00fcrokratlar\u0131yla beraber Varsak G\u00fcre\u015f Sahas\u0131n\u0131 gezen Ba\u015fkan T\u00fct\u00fcnc\u00fc, tesisin \u00f6n\u00fcm\u00fczdeki g\u00fcnlerde ya\u011fl\u0131 g\u00fcre\u015f etkinli\u011fiyle a\u00e7\u0131laca\u011f\u0131n\u0131 bildirdi. Varsak\u2019\u0131n Antalya\u2019da ya\u011fl\u0131 g\u00fcre\u015fin merkezi olaca\u011f\u0131n\u0131 belirten Ba\u015fkan T\u00fct\u00fcnc\u00fc, \u201c Nas\u0131l ki Edirne\u2019nin Sarayi\u00e7i var K\u0131rkp\u0131nar Sarayi\u00e7i ile \u00f6zle\u015fmi\u015fse, pehlivanlar\u0131yla me\u015fhur Antalya\u2019da Varsak\u2019taki bu er meydan\u0131yla bir marka olacak. Burada 10 bin ki\u015filik trib\u00fcnlerle Antalya\u2019n\u0131n en komplike g\u00fcre\u015f sahas\u0131nda g\u00fcre\u015fler d\u00fczenliyor olaca\u011f\u0131z. Bu tesisler Antalya\u2019da ata sporunun kurumsal bir zemine kavu\u015fmas\u0131 konusunda da son derece \u00f6nemli olacak. Kepez\u2019in ya\u011fl\u0131 g\u00fcre\u015fle ilgili \u00e7al\u0131\u015fmalar\u0131n\u0131n merkezi amiral gemisi Varsak olacak. G\u00fcre\u015fle Varsak ismini Lyrboton Kome \u00fczerinden de tarih ile Varsak ismini bir kav\u015fak noktas\u0131nda birle\u015ftiriyor olaca\u011f\u0131z. Bu tesis ger\u00e7ekten \u00e7ok k\u0131ymetli bir tesis. Ve y\u0131llar i\u00e7erisinde de ata sporumuza \u00e7ok b\u00fcy\u00fck hizmetler yapacak bir tesis. Varsak\u2019\u0131n bir marka de\u011fere kavu\u015fmas\u0131 konusunda da \u00e7ok \u00f6nemli bir fonksiyon ihva edecek bir tesis. Varsak g\u00fcre\u015f saham\u0131z yak\u0131nda tamamlan\u0131yor. Varsak\u2019a, ata sporumuza Antalya\u2019ya ve Kepez\u2019e \u00e7ok b\u00fcy\u00fck de\u011ferler kazand\u0131racak. Yak\u0131nda hizmete a\u00e7aca\u011f\u0131z. Sporda tesisle\u015fme yolculu\u011fumuz devam ediyor ve devam edecek.\u201ddedi. &nbsp;<\/p>\n\n\n\n<p>YA\u011eLI G\u00dcRE\u015eL\u0130 A\u00c7ILI\u015e<\/p>\n\n\n\n<p>Varsak G\u00fcre\u015f Sahas\u0131n\u0131n \u00f6n\u00fcm\u00fczdeki g\u00fcnlerde ya\u011fl\u0131 g\u00fcre\u015f etkinli\u011fiyle a\u00e7\u0131laca\u011f\u0131n\u0131 bildiren Ba\u015fkan T\u00fct\u00fcnc\u00fc, \u201c\u00d6n\u00fcm\u00fczdeki senelerde de \u00e7ok daha b\u00fcy\u00fck organizasyonlarla, \u00e7ok daha nitelikli g\u00fcmb\u00fcr g\u00fcmb\u00fcr g\u00fcre\u015f etkinlikleriyle burada \u00e7ok farkl\u0131 bir atmosferi hem\u015fehrilerimizle beraber ya\u015fayaca\u011f\u0131z. Ata sporuna k\u0131ymet veren herkesin b\u00fct\u00fcn dikkatini Varsak\u2019taki g\u00fcre\u015f saham\u0131za ve burada ger\u00e7ekle\u015ftirece\u011fimiz etkinliklere toplamas\u0131n\u0131 istiyoruz. \u201c diye konu\u015ftu.<\/p>\n\n\n\n<p>VARSAK G\u00dcRE\u015e SAHASI<\/p>\n\n\n\n<p>\u015eehit B\u00fclent Alkan Caddesi 5 bin 517 metre kare alana in\u015faa edildi. Betonarme kapal\u0131 ve portatif trib\u00fcn\u00fcn yer ald\u0131\u011f\u0131 g\u00fcre\u015f sahas\u0131nda trib\u00fcnlerin alt\u0131nda hakem ve soyunma odalar\u0131 ile tuvaletler bulunuyor. Tesisteki \u00e7im saha b\u00fcy\u00fckl\u00fc\u011f\u00fc ise 2 bin metre kare. Varsak g\u00fcre\u015f sahas\u0131 g\u00fcre\u015f etkinliklerinin yan\u0131 s\u0131ra pehlivanlara antrenman alan\u0131 olarak ta hizmet verecek. Varsak G\u00fcre\u015f Sahas\u0131ndaki, G\u00fcre\u015f E\u011fitim Merkezi\u2019nde de gelece\u011fin pehlivanlar\u0131 yeti\u015ftirilecek.<\/p>\n\n\n\n<p>Kepez Belediyesi \/ B\u00fclten<\/p>\n","protected":false},"excerpt":{"rendered":"<p>Varsak B\u00f6lgesine K\u0131rkp\u0131nar ya\u011fl\u0131 g\u00fcre\u015flerinin yap\u0131ld\u0131\u011f\u0131 er meydan\u0131 gibi bir tesis kazand\u0131ran Kepez Belediye Ba\u015fkan\u0131 Hakan T\u00fct\u00fcnc\u00fc, \u201cNas\u0131l ki! Edirne Sarayi\u00e7i K\u0131rkp\u0131nar ile \u00f6zle\u015fmi\u015fse, pehlivanlar <a href=\"https:\/\/akdenizhaber.com.tr\/index.php\/2023\/10\/11\/yagli-guresli-acilis\/\" class=\"read-more-link\">[more&#8230;]<\/a><\/p>\n","protected":false},"author":2,"featured_media":16577,"comment_status":"open","ping_status":"open","sticky":false,"template":"","format":"standard","meta":{"footnotes":""},"categories":[2],"tags":[],"class_list":["post-16576","post","type-post","status-publish","format-standard","has-post-thumbnail","hentry","category-gundem"],"_links":{"self":[{"href":"https:\/\/akdenizhaber.com.tr\/index.php\/wp-json\/wp\/v2\/posts\/16576","targetHints":{"allow":["GET"]}}],"collection":[{"href":"https:\/\/akdenizhaber.com.tr\/index.php\/wp-json\/wp\/v2\/posts"}],"about":[{"href":"https:\/\/akdenizhaber.com.tr\/index.php\/wp-json\/wp\/v2\/types\/post"}],"author":[{"embeddable":true,"href":"https:\/\/akdenizhaber.com.tr\/index.php\/wp-json\/wp\/v2\/users\/2"}],"replies":[{"embeddable":true,"href":"https:\/\/akdenizhaber.com.tr\/index.php\/wp-json\/wp\/v2\/comments?post=16576"}],"version-history":[{"count":0,"href":"https:\/\/akdenizhaber.com.tr\/index.php\/wp-json\/wp\/v2\/posts\/16576\/revisions"}],"wp:featuredmedia":[{"embeddable":true,"href":"https:\/\/akdenizhaber.com.tr\/index.php\/wp-json\/wp\/v2\/media\/16577"}],"wp:attachment":[{"href":"https:\/\/akdenizhaber.com.tr\/index.php\/wp-json\/wp\/v2\/media?parent=16576"}],"wp:term":[{"taxonomy":"category","embeddable":true,"href":"https:\/\/akdenizhaber.com.tr\/index.php\/wp-json\/wp\/v2\/categories?post=16576"},{"taxonomy":"post_tag","embeddable":true,"href":"https:\/\/akdenizhaber.com.tr\/index.php\/wp-json\/wp\/v2\/tags?post=16576"}],"curies":[{"name":"wp","href":"https:\/\/api.w.org\/{rel}","templated":true}]}}