{"id":16548,"date":"2023-10-10T11:04:42","date_gmt":"2023-10-10T08:04:42","guid":{"rendered":"https:\/\/akdenizhaber.com.tr\/?p=16548"},"modified":"2023-10-10T11:04:43","modified_gmt":"2023-10-10T08:04:43","slug":"chp-genel-baskani-kilicdaroglu-belediyeler-yerel-basina-destek-olmali","status":"publish","type":"post","link":"https:\/\/akdenizhaber.com.tr\/index.php\/2023\/10\/10\/chp-genel-baskani-kilicdaroglu-belediyeler-yerel-basina-destek-olmali\/","title":{"rendered":"CHP Genel Ba\u015fkan\u0131 K\u0131l\u0131\u00e7daro\u011flu; \u201cBelediyeler Yerel Bas\u0131na Destek Olmal\u0131\u201d"},"content":{"rendered":"\n<p><\/p>\n\n\n\n<p>T\u00fcrkiye medyas\u0131\u2019n\u0131n nabz\u0131 iki g\u00fcnl\u00fc\u011f\u00fcne Mu\u011fla Marmaris\u2019te att\u0131. Mu\u011fla Marmaris Belediyesi taraf\u0131ndan bu y\u0131l 3\u2019\u00fcnc\u00fcs\u00fc d\u00fczenlenen \u201cMarmaris Yerel Medya \u00c7al\u0131\u015ftay\u0131\u201d 7 Ekim\u2019de Marmaris\u2019te ger\u00e7ekle\u015ftirildi.<\/p>\n\n\n\n<p>T\u00fcrkiye genelindeki bir\u00e7ok il ve il\u00e7eden 400 dolay\u0131nda yerel bas\u0131n mensubunun kat\u0131ld\u0131\u011f\u0131 \u00c7al\u0131\u015ftay\u2019da CHP Genel Ba\u015fkan\u0131 Kemal K\u0131l\u0131\u00e7daro\u011flu da kat\u0131larak hem konu\u015fma yapt\u0131 hem de \u00c7al\u0131\u015ftay\u2019\u0131n b\u00fcy\u00fck bir b\u00f6l\u00fcm\u00fcn\u00fc dinledi.<\/p>\n\n\n\n<p>KILI\u00c7DARO\u011eLU BELED\u0130YELERDEN YEREL BASINA DESTEK \u0130STED\u0130<\/p>\n\n\n\n<p>CHP Genel Ba\u015fkan\u0131 Kemal K\u0131l\u0131\u00e7daro\u011flu, yerel medya \u00e7al\u0131\u015ftay\u0131nda yapt\u0131\u011f\u0131 konu\u015fmada, belediyelerin tasarruf tedbirleri genelgesinde yer alan \u201cg\u00fcnl\u00fck gazete al\u0131m\u0131 yap\u0131lmayacak\u201d maddesini ele\u015ftirdi.<\/p>\n\n\n\n<p>K\u0131l\u0131\u00e7daro\u011flu, \u201cEkonomik kriz var. B\u00fcy\u00fck sorunlar ya\u015fan\u0131yor. Sizinle ilgili tasarruf genelgesi \u00e7\u0131kard\u0131lar. \u2018G\u00fcnl\u00fck gazete al\u0131m\u0131 yap\u0131lmayacak.\u2019 \u2018G\u00f6rev alan\u0131 ile ilgili olmayan yay\u0131nlara abone olunmayacak.\u2019 Koskoca T\u00fcrkiye Cumhuriyeti Devleti\u2019nde, g\u00fcnl\u00fck gazete almayacaks\u0131n\u0131z diye tasarruf genelgesi mi \u00e7\u0131kar\u0131l\u0131r? Tam, utan\u0131lacak bir tablo. Tam tersine belediye ba\u015fkan\u0131 o gazeteyi almal\u0131, g\u00f6rmeli. Benimle ilgili bir ele\u015ftiri var m\u0131d\u0131r, yok mudur diye. Belediye \u00e7al\u0131\u015fanlar\u0131 g\u00f6rmeli. Vatanda\u015f belediyeye gelecek, birisi ile muhatap olmadan \u00f6nce belki bir yerde oturacak. Kendisini \u00e7a\u011f\u0131racaklar. Oturdu\u011fu yerde yerel gazeteler olsa, al\u0131p gazetelere baksa, orada yay\u0131nlanan dergiler olsa, al\u0131p dergilere baksa. Ay\u0131p m\u0131 olur? Bunun neresi tasarruf? Hani olur da 100-500 bin lira para harcars\u0131n\u0131z g\u00fcnl\u00fck, aman bunu yapmay\u0131n dersiniz anlar\u0131m. Gazetenin fiyat\u0131 ne zaten arkada\u015flar? Nedir yani bunun fiyat\u0131? Belli gazetelerde kamu bankalar\u0131n\u0131n imk\u00e2nlar\u0131 var, belli gazetelerde hi\u00e7biri yok. Bizim vergimizle kamu kurumlar\u0131 ayakta. Orada \u00e7al\u0131\u015fanlar\u0131n ayl\u0131klar\u0131n\u0131 da biz \u00f6d\u00fcyoruz. Nas\u0131l oluyor da kamu bankalar\u0131 sadece belli gazeteleri destekler? Di\u011ferleri yay\u0131n kurulu\u015fu de\u011fil mi? Bir taraf cezaland\u0131r\u0131l\u0131r \u00f6b\u00fcr tarafa istedikleri kadar para verirler. Biz itiraz ediyoruz sizin de etmeniz laz\u0131m. Kamu denet\u00e7ilerine de ba\u015fvurduk, \u2018Kamu bankalar\u0131 sadece belli kanallara ilan veriyor. Haks\u0131zl\u0131k var\u2019 dedik. Kamu denet\u00e7ili\u011fi kurumu \u2018Bu bizim alan\u0131m\u0131za girmiyor\u2019 dedi\u201d ifadelerini kulland\u0131.<\/p>\n\n\n\n<p>Belediye ba\u015fkanlar\u0131na, meclis karar \u00f6zetlerinin yerel medyada yay\u0131nlanmas\u0131 konusunda \u00e7a\u011fr\u0131da da bulunan K\u0131l\u0131\u00e7daro\u011flu, \u201cBelediye ba\u015fkanlar\u0131m\u0131z da burada; Belediye Meclisleri karar al\u0131yor. Ald\u0131\u011f\u0131 kararlar neden yerel gazetelerde ilan edilmez; bir engel mi var? Yay\u0131nlanmal\u0131. Bunun da yasal g\u00fcvencesi sa\u011flanmal\u0131. Belediye Meclisinin ald\u0131\u011f\u0131 kararlar\u0131 belde halk\u0131 da medya arac\u0131l\u0131\u011f\u0131 ile \u00f6\u011frenir. Bunun iki yarar\u0131 var, bir medyan\u0131n desteklenmesi iki halk\u0131n bilgi almas\u0131\u201d dedi.<\/p>\n\n\n\n<p>(Haber Merkezi)<\/p>\n","protected":false},"excerpt":{"rendered":"<p>T\u00fcrkiye medyas\u0131\u2019n\u0131n nabz\u0131 iki g\u00fcnl\u00fc\u011f\u00fcne Mu\u011fla Marmaris\u2019te att\u0131. Mu\u011fla Marmaris Belediyesi taraf\u0131ndan bu y\u0131l 3\u2019\u00fcnc\u00fcs\u00fc d\u00fczenlenen \u201cMarmaris Yerel Medya \u00c7al\u0131\u015ftay\u0131\u201d 7 Ekim\u2019de Marmaris\u2019te ger\u00e7ekle\u015ftirildi. T\u00fcrkiye <a href=\"https:\/\/akdenizhaber.com.tr\/index.php\/2023\/10\/10\/chp-genel-baskani-kilicdaroglu-belediyeler-yerel-basina-destek-olmali\/\" class=\"read-more-link\">[more&#8230;]<\/a><\/p>\n","protected":false},"author":2,"featured_media":16549,"comment_status":"open","ping_status":"open","sticky":false,"template":"","format":"standard","meta":{"footnotes":""},"categories":[2],"tags":[],"class_list":["post-16548","post","type-post","status-publish","format-standard","has-post-thumbnail","hentry","category-gundem"],"_links":{"self":[{"href":"https:\/\/akdenizhaber.com.tr\/index.php\/wp-json\/wp\/v2\/posts\/16548","targetHints":{"allow":["GET"]}}],"collection":[{"href":"https:\/\/akdenizhaber.com.tr\/index.php\/wp-json\/wp\/v2\/posts"}],"about":[{"href":"https:\/\/akdenizhaber.com.tr\/index.php\/wp-json\/wp\/v2\/types\/post"}],"author":[{"embeddable":true,"href":"https:\/\/akdenizhaber.com.tr\/index.php\/wp-json\/wp\/v2\/users\/2"}],"replies":[{"embeddable":true,"href":"https:\/\/akdenizhaber.com.tr\/index.php\/wp-json\/wp\/v2\/comments?post=16548"}],"version-history":[{"count":0,"href":"https:\/\/akdenizhaber.com.tr\/index.php\/wp-json\/wp\/v2\/posts\/16548\/revisions"}],"wp:featuredmedia":[{"embeddable":true,"href":"https:\/\/akdenizhaber.com.tr\/index.php\/wp-json\/wp\/v2\/media\/16549"}],"wp:attachment":[{"href":"https:\/\/akdenizhaber.com.tr\/index.php\/wp-json\/wp\/v2\/media?parent=16548"}],"wp:term":[{"taxonomy":"category","embeddable":true,"href":"https:\/\/akdenizhaber.com.tr\/index.php\/wp-json\/wp\/v2\/categories?post=16548"},{"taxonomy":"post_tag","embeddable":true,"href":"https:\/\/akdenizhaber.com.tr\/index.php\/wp-json\/wp\/v2\/tags?post=16548"}],"curies":[{"name":"wp","href":"https:\/\/api.w.org\/{rel}","templated":true}]}}