{"id":16511,"date":"2023-10-09T11:59:10","date_gmt":"2023-10-09T08:59:10","guid":{"rendered":"https:\/\/akdenizhaber.com.tr\/?p=16511"},"modified":"2023-10-09T11:59:11","modified_gmt":"2023-10-09T08:59:11","slug":"manavgat-14-geleneksel-rahvan-at-yarislari-duzenlendi","status":"publish","type":"post","link":"https:\/\/akdenizhaber.com.tr\/index.php\/2023\/10\/09\/manavgat-14-geleneksel-rahvan-at-yarislari-duzenlendi\/","title":{"rendered":"Manavgat\u00a014.Geleneksel\u00a0Rahvan\u00a0At\u00a0Yar\u0131\u015flar\u0131\u00a0d\u00fczenlendi"},"content":{"rendered":"\n<p><\/p>\n\n\n\n<p>Manavgat&nbsp;Belediyesi ve&nbsp;Manavgat&nbsp;Side&nbsp;Rahvan&nbsp;At\u00e7\u0131lar Spor Kul\u00fcb\u00fc taraf\u0131ndan&nbsp;Ulualan b\u00f6lgesi kum mevkisinde ger\u00e7ekle\u015ftirilen 14. Geleneksel Rahvan at yar\u0131\u015flar\u0131na &nbsp;60&nbsp;at&nbsp;kat\u0131ld\u0131.<\/p>\n\n\n\n<p>Sporseverlerin ilgi g\u00f6sterdi\u011fi&nbsp;yar\u0131\u015flar\u0131, il\u00e7edeki baz\u0131 turistler de izledi.&nbsp;\u00c7eki\u015fmeye sahne olan ve 10 kategoride ger\u00e7ekle\u015ftirilen yar\u0131\u015fta, ba\u015f kategoride&nbsp;Konya b\u00f6lgesinden Mevl\u00fct Tosun&#8217;un &nbsp;at\u0131 &#8220;Kral&#8221; birinci, Alanya&#8217;dan Hayriye Kat\u0131rc\u0131o\u011flu&#8217;nun at\u0131 ikinci ve Manavgat&#8217;tan Mustafa Deniz&#8217;in at\u0131 \u00fc\u00e7\u00fcnc\u00fc oldu.<\/p>\n\n\n\n<p>Yar\u0131\u015flarda, ba\u015falt\u0131 kategorisinde Niyazi Yavyu,&nbsp;b\u00fcy\u00fck ortada Muhammet Demir, k\u00fc\u00e7\u00fck ortada Yahya Duyuldu, destede Adem T\u00fcrk, d\u00f6rtl\u00fc tayda Hasibe Varol, \u00fc\u00e7l\u00fc tayda Muharrem Bitirim, ikili tayda&nbsp;Sadri Avc\u0131, ithal A&#8217;da Koray \u015eahin ve ithal B&#8217;de&nbsp;Manavgat&nbsp;Belediye Ba\u015fkan\u0131 \u015e\u00fckr\u00fc S\u00f6zen&#8217;in&nbsp;atlar\u0131 birinci oldu.<\/p>\n\n\n\n<p>Yar\u0131\u015flarda dereceye giren&nbsp;at&nbsp;sahiplerine toplamda 130 bin lira \u00f6d\u00fcl verildi.&nbsp;Dereceye giren atlar\u0131n \u00f6d\u00fclleri ise&nbsp;Manavgat&nbsp;Side&nbsp;Rahvan&nbsp;At\u00e7\u0131lar Spor Kul\u00fcb\u00fc Ba\u015fkan\u0131 Hasan Delikkulak taraf\u0131ndan takdim edildi.<\/p>\n\n\n\n<p>Delikkulak, gazetecilere yapt\u0131\u011f\u0131 a\u00e7\u0131klamada, organizasyona T\u00fcrkiye&#8217;nin \u00e7e\u015fitli yerlerinden 60 at\u0131n kat\u0131ld\u0131\u011f\u0131n\u0131 s\u00f6yledi.<\/p>\n\n\n\n<p>Ge\u00e7mi\u015f y\u0131llarda Side b\u00fcy\u00fck plaj mevkisinde yapt\u0131klar\u0131n\u0131, bu y\u0131l ise ilk defa Ulualan b\u00f6lgesinde yar\u0131\u015flar\u0131 d\u00fczenlediklerini belirten Delikkulak, &#8220;G\u00fczel bir organizasyonu daha tamamlad\u0131k. Kat\u0131l\u0131m \u00e7ok iyiydi. Bu y\u0131l ilk defa Ulualan b\u00f6lgesinde yar\u0131\u015f\u0131 ger\u00e7ekle\u015ftirdik. Yar\u0131\u015flara kat\u0131lan t\u00fcm at sahiplerine \u00e7ok te\u015fekk\u00fcr ediyorum. Dereceye girenleri de tebrik ediyorum.&#8221;&nbsp;dedi.<\/p>\n\n\n\n<p>(Haber Merkezi)<\/p>\n","protected":false},"excerpt":{"rendered":"<p>Manavgat&nbsp;Belediyesi ve&nbsp;Manavgat&nbsp;Side&nbsp;Rahvan&nbsp;At\u00e7\u0131lar Spor Kul\u00fcb\u00fc taraf\u0131ndan&nbsp;Ulualan b\u00f6lgesi kum mevkisinde ger\u00e7ekle\u015ftirilen 14. Geleneksel Rahvan at yar\u0131\u015flar\u0131na &nbsp;60&nbsp;at&nbsp;kat\u0131ld\u0131. Sporseverlerin ilgi g\u00f6sterdi\u011fi&nbsp;yar\u0131\u015flar\u0131, il\u00e7edeki baz\u0131 turistler de izledi.&nbsp;\u00c7eki\u015fmeye sahne olan <a href=\"https:\/\/akdenizhaber.com.tr\/index.php\/2023\/10\/09\/manavgat-14-geleneksel-rahvan-at-yarislari-duzenlendi\/\" class=\"read-more-link\">[more&#8230;]<\/a><\/p>\n","protected":false},"author":2,"featured_media":16512,"comment_status":"open","ping_status":"open","sticky":false,"template":"","format":"standard","meta":{"footnotes":""},"categories":[2],"tags":[],"class_list":["post-16511","post","type-post","status-publish","format-standard","has-post-thumbnail","hentry","category-gundem"],"_links":{"self":[{"href":"https:\/\/akdenizhaber.com.tr\/index.php\/wp-json\/wp\/v2\/posts\/16511","targetHints":{"allow":["GET"]}}],"collection":[{"href":"https:\/\/akdenizhaber.com.tr\/index.php\/wp-json\/wp\/v2\/posts"}],"about":[{"href":"https:\/\/akdenizhaber.com.tr\/index.php\/wp-json\/wp\/v2\/types\/post"}],"author":[{"embeddable":true,"href":"https:\/\/akdenizhaber.com.tr\/index.php\/wp-json\/wp\/v2\/users\/2"}],"replies":[{"embeddable":true,"href":"https:\/\/akdenizhaber.com.tr\/index.php\/wp-json\/wp\/v2\/comments?post=16511"}],"version-history":[{"count":0,"href":"https:\/\/akdenizhaber.com.tr\/index.php\/wp-json\/wp\/v2\/posts\/16511\/revisions"}],"wp:featuredmedia":[{"embeddable":true,"href":"https:\/\/akdenizhaber.com.tr\/index.php\/wp-json\/wp\/v2\/media\/16512"}],"wp:attachment":[{"href":"https:\/\/akdenizhaber.com.tr\/index.php\/wp-json\/wp\/v2\/media?parent=16511"}],"wp:term":[{"taxonomy":"category","embeddable":true,"href":"https:\/\/akdenizhaber.com.tr\/index.php\/wp-json\/wp\/v2\/categories?post=16511"},{"taxonomy":"post_tag","embeddable":true,"href":"https:\/\/akdenizhaber.com.tr\/index.php\/wp-json\/wp\/v2\/tags?post=16511"}],"curies":[{"name":"wp","href":"https:\/\/api.w.org\/{rel}","templated":true}]}}