{"id":16482,"date":"2023-10-09T11:52:28","date_gmt":"2023-10-09T08:52:28","guid":{"rendered":"https:\/\/akdenizhaber.com.tr\/?p=16482"},"modified":"2023-10-09T11:52:29","modified_gmt":"2023-10-09T08:52:29","slug":"4-uluslararasi-finike-suluboya-festivali-basladi","status":"publish","type":"post","link":"https:\/\/akdenizhaber.com.tr\/index.php\/2023\/10\/09\/4-uluslararasi-finike-suluboya-festivali-basladi\/","title":{"rendered":"4. Uluslararas\u0131 Finike Suluboya Festivali ba\u015flad\u0131"},"content":{"rendered":"\n<p><p class=\"MsoNoSpacing\"><span style=\"font-size: revert;\">Finike Belediyesi ve Finike Kaymakaml\u0131\u011f\u0131\u2019n\u0131n ev sahipli\u011finde d\u00fczenlenen4. Uluslararas\u0131 Finike Suluboya Festivali, d\u00fcnyaca \u00fcnl\u00fc ressamlar\u0131n kat\u0131l\u0131mlar\u0131yla, Cumhuriyet Meydan\u0131\u2019nda ba\u015flad\u0131. Renkli g\u00f6r\u00fcnt\u00fclere sahne olan festivale, vatanda\u015flar b\u00fcy\u00fck ilgi g\u00f6sterdi.<\/span><\/p><p class=\"MsoNoSpacing\">4. Uluslararas\u0131 Finike Suluboya Festivali, 7 Ekim Cumartesi g\u00fcn\u00fc saat 11.00\u2019deFinike Cumhuriyet Meydan\u0131\u2019nda at\u00f6lye \u00e7al\u0131\u015fmalar\u0131 ile ba\u015flad\u0131. Festivale Finike Kaymakam\u0131 Musa Kaz\u0131m \u00c7elik, Finike Belediye Ba\u015fkan\u0131 Mustafa Geyik\u00e7i, Finike Belediye Ba\u015fkan Yard\u0131mc\u0131s\u0131 \u0130smet \u00c7etin, Finike Halk E\u011fitimi Merkezi M\u00fcd\u00fcr\u00fc Mehmet \u015eim\u015fek, Akdeniz \u00dcniversitesi \u00f6\u011frencileri ve \u00e7ok say\u0131da vatanda\u015f kat\u0131ld\u0131. Resim stantlar\u0131n\u0131 tek tek gezen Ba\u015fkan Geyik\u00e7i, eserleri yak\u0131ndan takip etti. Suluboya sanat\u00e7\u0131lar\u0131n\u0131, ortaya \u00e7\u0131kard\u0131klar\u0131 sanatsal \u00e7al\u0131\u015fmalardan dolay\u0131 tebrik eden Ba\u015fkan Geyik\u00e7i etkinli\u011fe katk\u0131 sa\u011flayan herkese te\u015fekk\u00fcr etti. 3 g\u00fcn boyunca s\u00fcrecek olan festival kapsam\u0131nda, performanslar\u0131n\u0131 sergileyen sanat\u00e7\u0131lar taraf\u0131ndan \u00fcretilen eserler, 9 Ekim Pazartesi g\u00fcn\u00fc \u015eekerci Han\u2019da ger\u00e7ekle\u015ftirilecek sergide vatanda\u015flar\u0131n ziyaretine a\u00e7\u0131lacak.<\/p><p class=\"MsoNoSpacing\">\u201cHER \u015eEY G\u00dcZEL F\u0130N\u0130KE\u2019M\u0130Z \u0130\u00c7\u0130N\u201d<\/p><p class=\"MsoNoSpacing\">Festivalin bir par\u00e7as\u0131 olmaktan dolay\u0131 mutlu olduklar\u0131n\u0131 s\u00f6yleyen Finike Belediye Ba\u015fkan\u0131 Mustafa Geyik\u00e7i, \u201cKaymakaml\u0131\u011f\u0131m\u0131zla birlikte d\u00fczenledi\u011fimiz suluboya festivali, suluboya sanat\u0131n\u0131n ustalar\u0131n\u0131 bir araya getirdi. Sanatseverler, sanat\u00e7\u0131lar\u0131n yarat\u0131c\u0131l\u0131\u011f\u0131na \u015fahitlik edip sanat\u0131n etkileyici g\u00fczelli\u011fini birlikte ke\u015ffetti. At\u00f6lye \u00e7al\u0131\u015fmalar\u0131 ve etkinlikler sayesinde herkes kendi suluboya becerilerini geli\u015ftirdi. Bug\u00fcn 4. Uluslararas\u0131 Finike Suluboya Festivali rengarenk g\u00f6r\u00fcnt\u00fclere sahne oldu. Finikeli hem\u015fehrilerim etkinli\u011fe olduk\u00e7a ilgi g\u00f6sterdi. Bu ilgiden biz \u00e7ok memnunuz. Her \u015fey Finike i\u00e7in her \u015fey Finikeli hem\u015fehrilerim i\u00e7in\u201d diyerek festivale kat\u0131l\u0131m sa\u011flayan herkese te\u015fekk\u00fcr etti.<\/p><p class=\"MsoNoSpacing\">\u00c7ALI\u015eMALAR SERG\u0130LENECEK<\/p><p class=\"MsoNoSpacing\">7 Ekim Cumartesi g\u00fcn\u00fc saat 11.00 &#8211; 18.00 ve 21.00 &#8211; 22.30 aras\u0131nda Finike Meydan\u0131\u2019nda ba\u015flayan suluboya festivali, 8 Ekim Pazar g\u00fcn\u00fc saat, 12.00 &#8211; 16.00 aras\u0131nda devam edecek. Festival, 9 Ekim Pazartesi g\u00fcn\u00fc 18.00-20.00 saatleri aras\u0131nda ise \u015eekerci Han\u0131\u2019nda a\u00e7\u0131lacak Suluboya sergisiyle son bulacak.<\/p><p class=\"MsoNoSpacing\">Finike Belediyesi \/ B\u00fclten<\/p> <p class=\"MsoNoSpacing\"><o:p>\u00a0<\/o:p><\/p> <p class=\"MsoNoSpacing\"><o:p>\u00a0<\/o:p><\/p> <p class=\"MsoNoSpacing\"><o:p>\u00a0<\/o:p><\/p> <p class=\"MsoNoSpacing\"><o:p>\u00a0<\/o:p><\/p> <p class=\"MsoNoSpacing\"><o:p>\u00a0<\/o:p><\/p> <p class=\"MsoNoSpacing\"><o:p>\u00a0<\/o:p><\/p> <p class=\"MsoNoSpacing\"><o:p>\u00a0<\/o:p><\/p> <p class=\"MsoNoSpacing\"><o:p>\u00a0<\/o:p><\/p> <p class=\"MsoNoSpacing\"><o:p>\u00a0<\/o:p><\/p> <p class=\"MsoNoSpacing\"><o:p>\u00a0<\/o:p><\/p> <p class=\"MsoNoSpacing\"><o:p>\u00a0<\/o:p><\/p> <p class=\"MsoNoSpacing\"><o:p>\u00a0<\/o:p><\/p> <p class=\"MsoNoSpacing\"><o:p>\u00a0<\/o:p><\/p> <p class=\"MsoNoSpacing\"><o:p>\u00a0<\/o:p><\/p> <p class=\"MsoNoSpacing\"><o:p>\u00a0<\/o:p><\/p> <p class=\"MsoNoSpacing\"><o:p>\u00a0<\/o:p><\/p> <p class=\"MsoNoSpacing\"><o:p>\u00a0<\/o:p><\/p> <p class=\"MsoNoSpacing\"><o:p>\u00a0<\/o:p><\/p> <p class=\"MsoNoSpacing\"><o:p>\u00a0<\/o:p><\/p> <p class=\"MsoNoSpacing\"><o:p>\u00a0<\/o:p><\/p> <\/p>\n","protected":false},"excerpt":{"rendered":"<p>Finike Belediyesi ve Finike Kaymakaml\u0131\u011f\u0131\u2019n\u0131n ev sahipli\u011finde d\u00fczenlenen4. Uluslararas\u0131 Finike Suluboya Festivali, d\u00fcnyaca \u00fcnl\u00fc ressamlar\u0131n kat\u0131l\u0131mlar\u0131yla, Cumhuriyet Meydan\u0131\u2019nda ba\u015flad\u0131. Renkli g\u00f6r\u00fcnt\u00fclere sahne olan festivale, vatanda\u015flar <a href=\"https:\/\/akdenizhaber.com.tr\/index.php\/2023\/10\/09\/4-uluslararasi-finike-suluboya-festivali-basladi\/\" class=\"read-more-link\">[more&#8230;]<\/a><\/p>\n","protected":false},"author":2,"featured_media":16483,"comment_status":"open","ping_status":"open","sticky":false,"template":"","format":"standard","meta":{"footnotes":""},"categories":[2],"tags":[],"class_list":["post-16482","post","type-post","status-publish","format-standard","has-post-thumbnail","hentry","category-gundem"],"_links":{"self":[{"href":"https:\/\/akdenizhaber.com.tr\/index.php\/wp-json\/wp\/v2\/posts\/16482","targetHints":{"allow":["GET"]}}],"collection":[{"href":"https:\/\/akdenizhaber.com.tr\/index.php\/wp-json\/wp\/v2\/posts"}],"about":[{"href":"https:\/\/akdenizhaber.com.tr\/index.php\/wp-json\/wp\/v2\/types\/post"}],"author":[{"embeddable":true,"href":"https:\/\/akdenizhaber.com.tr\/index.php\/wp-json\/wp\/v2\/users\/2"}],"replies":[{"embeddable":true,"href":"https:\/\/akdenizhaber.com.tr\/index.php\/wp-json\/wp\/v2\/comments?post=16482"}],"version-history":[{"count":0,"href":"https:\/\/akdenizhaber.com.tr\/index.php\/wp-json\/wp\/v2\/posts\/16482\/revisions"}],"wp:featuredmedia":[{"embeddable":true,"href":"https:\/\/akdenizhaber.com.tr\/index.php\/wp-json\/wp\/v2\/media\/16483"}],"wp:attachment":[{"href":"https:\/\/akdenizhaber.com.tr\/index.php\/wp-json\/wp\/v2\/media?parent=16482"}],"wp:term":[{"taxonomy":"category","embeddable":true,"href":"https:\/\/akdenizhaber.com.tr\/index.php\/wp-json\/wp\/v2\/categories?post=16482"},{"taxonomy":"post_tag","embeddable":true,"href":"https:\/\/akdenizhaber.com.tr\/index.php\/wp-json\/wp\/v2\/tags?post=16482"}],"curies":[{"name":"wp","href":"https:\/\/api.w.org\/{rel}","templated":true}]}}