{"id":16479,"date":"2023-10-09T11:51:27","date_gmt":"2023-10-09T08:51:27","guid":{"rendered":"https:\/\/akdenizhaber.com.tr\/?p=16479"},"modified":"2023-10-09T11:51:28","modified_gmt":"2023-10-09T08:51:28","slug":"mirandan-bmye-filistin-cagrisi-filistinin-mucadelesi-hakli-mesru-ve-insanidir","status":"publish","type":"post","link":"https:\/\/akdenizhaber.com.tr\/index.php\/2023\/10\/09\/mirandan-bmye-filistin-cagrisi-filistinin-mucadelesi-hakli-mesru-ve-insanidir\/","title":{"rendered":"Miran\u2019dan BM\u2019ye Filistin \u00e7a\u011fr\u0131s\u0131 \u201cFilistin\u2019in m\u00fccadelesi hakl\u0131, me\u015fru ve insanidir\u2019"},"content":{"rendered":"\n<p><\/p>\n\n\n\n<p>Memur Sen Antalya Temsilcisi ve E\u011fitim Bir Sen \u015eube Ba\u015fkan\u0131 Ey\u00fcp B\u00fclent Miran, \u0130srail taraf\u0131ndan 16 y\u0131ld\u0131r boykot alt\u0131nda tutulan iki milyonu a\u015fk\u0131n insan\u0131n ya\u015fad\u0131\u011f\u0131 Gazze\u2019de,i\u015fgalci rejimin sald\u0131r\u0131lar\u0131na kar\u015f\u0131,Birle\u015fmi\u015f Milletler G\u00fcvenlik Konseyi ve BM Genel Kurulunu, uluslararas\u0131 toplum ile insan haklar\u0131 kurum ve kurulu\u015flar\u0131n\u0131 harekete ge\u00e7meye davet etti.&nbsp;<\/p>\n\n\n\n<p>\u2018\u00c7ifte standart ve iki y\u00fczl\u00fcl\u00fck ile kar\u015f\u0131 kar\u015f\u0131yay\u0131z\u2019<\/p>\n\n\n\n<p>Siyonist \u0130srail\u2019in Filistin\u2019in topraklar\u0131n\u0131 silahl\u0131 yerle\u015fimcilerinin i\u015fgaline a\u00e7arak i\u015fgali geni\u015fletti\u011fini, Kud\u00fcs\u2019te Filistinlilerin evlerini i\u015fyerlerini y\u0131kt\u0131\u011f\u0131n\u0131, Mescid-i Aksa\u2019ya sald\u0131rarak, sadece M\u00fcsl\u00fcmanlar i\u00e7in de\u011fil H\u0131ristiyan ve Yahudiler i\u00e7in de kutsal kabul edilen bar\u0131\u015f \u015fehri Kud\u00fcs\u2019\u00fc kan g\u00f6l\u00fcne \u00e7evirdi\u011fini belirtenMemur Sen Antalya Temsilcisi ve E\u011fitim Bir Sen \u015eube Ba\u015fkan\u0131 Ey\u00fcp B\u00fclent Miran, \u201c\u0130\u015fgal rejiminin insanl\u0131k d\u0131\u015f\u0131 boykot, s\u00fcrg\u00fcn, katliam ve \u015fiddetine sessiz kal\u0131rken Filistin halk\u0131n\u0131n me\u015fru savunmas\u0131n\u0131 ter\u00f6r olarak damgalayan bilindik bir \u00e7ifte standart ve ikiy\u00fczl\u00fcl\u00fckle kar\u015f\u0131 kar\u015f\u0131yay\u0131z\u201d dedi.<\/p>\n\n\n\n<p>\u2018Filistin\u2019in m\u00fccadelesi hakl\u0131, me\u015fru ve insanidir\u2019<\/p>\n\n\n\n<p>Miran s\u00f6zlerini \u015f\u00f6yle s\u00fcrd\u00fcrd\u00fc: \u201c1947\u2019den beri bir soyk\u0131r\u0131m plan\u0131 \u00e7er\u00e7evesinde sistematik katliamlara u\u011frat\u0131larak milyonlarcas\u0131 yurtlar\u0131ndan s\u00fcr\u00fclen, kalanlarsa adeta y\u00fcksek g\u00fcvenlikli hapishanelerden farks\u0131z olan Bat\u0131 \u015eeria ve Gazze\u2019de a\u00e7l\u0131k, yoksulluk ve yoksunlukla bo\u011fu\u015fmaya mahk\u00fbm edilen, her g\u00fcn en az birka\u00e7\u0131n\u0131n Siyonist asker ya da yerle\u015fimcilerin kur\u015funlar\u0131na hedef oldu\u011fu Filistin halk\u0131n\u0131n m\u00fccadelesi hakl\u0131, me\u015fru ve insanidir. 16 y\u0131ld\u0131r boykot alt\u0131nda tutulan iki milyonu a\u015fk\u0131n insan\u0131n ya\u015fad\u0131\u011f\u0131 Gazze\u2019ye ila\u00e7 giri\u015fi yasaklanmakta, rejimin sald\u0131r\u0131lar\u0131nda y\u0131k\u0131lan evlerin yap\u0131lmas\u0131 i\u00e7in gereken in\u015faat malzemelerinin giri\u015fine izin verilmemektedir. Bir insani trajedinin ya\u015fand\u0131\u011f\u0131 Gazze\u2019de iki milyonu a\u015fk\u0131n kitle maalesef hastane, okul, elektrik, sa\u011fl\u0131kl\u0131 i\u00e7me suyu, okul gibi gereksinimlerden yoksun ya\u015famaktad\u0131r. \u0130nsanca ya\u015fam\u0131 m\u00fcmk\u00fcn k\u0131lacak hi\u00e7bir \u015fey olmad\u0131\u011f\u0131 Gazze\u2019de her \u015feyden \u00f6te i\u015fgalci g\u00fc\u00e7lerin sald\u0131r\u0131lar\u0131 nedeniyle can g\u00fcvenli\u011fi bulunmamaktad\u0131r<\/p>\n\n\n\n<p>\u201cMemur-Sen Konfederasyonu olarak BM G\u00fcvenlik Konseyi ve BM Genel Kurulunu, \u0130srail\u2019e y\u00f6nelik ald\u0131\u011f\u0131 kararlar\u0131 uygulamaya, uluslararas\u0131 toplum ile insan haklar\u0131 kurum ve kurulu\u015flar\u0131n\u0131 i\u015fgalci rejimin sald\u0131r\u0131lar\u0131na kar\u015f\u0131 harekete ge\u00e7meye davet ediyoruz. Uluslararas\u0131 hukuku ve BM kararlar\u0131n\u0131 hi\u00e7e sayan, planl\u0131 bir soyk\u0131r\u0131m\u0131 sistematik katliamlarla s\u00fcrd\u00fcren siyonist rejiminin i\u015fledi\u011fi insanl\u0131k su\u00e7lar\u0131n\u0131n ve i\u015fgalcili\u011finin hesab\u0131 medeni d\u00fcnya taraf\u0131ndan mutlaka sorulmal\u0131d\u0131r. Kud\u00fcs ve Mescid-i Aksa\u2019ya y\u00f6nelik sald\u0131r\u0131lar durmal\u0131, Filistin halk\u0131na y\u00f6nelik boykot acilen kald\u0131r\u0131lmal\u0131, i\u015fgalci rejim \u015fiddet ve katliamlara son vermelidir. Memur Sen olarak karde\u015f Filistin halk\u0131n\u0131n i\u015fgale kar\u015f\u0131 me\u015fru m\u00fccadelesini destekliyor, mazlum ve ma\u011fdur Filistin halk\u0131n\u0131n yan\u0131nda oldu\u011fumuzu bir kez daha yineliyoruz\u201d<\/p>\n\n\n\n<p>Memursen \/B\u00fclten<\/p>\n","protected":false},"excerpt":{"rendered":"<p>Memur Sen Antalya Temsilcisi ve E\u011fitim Bir Sen \u015eube Ba\u015fkan\u0131 Ey\u00fcp B\u00fclent Miran, \u0130srail taraf\u0131ndan 16 y\u0131ld\u0131r boykot alt\u0131nda tutulan iki milyonu a\u015fk\u0131n insan\u0131n ya\u015fad\u0131\u011f\u0131 <a href=\"https:\/\/akdenizhaber.com.tr\/index.php\/2023\/10\/09\/mirandan-bmye-filistin-cagrisi-filistinin-mucadelesi-hakli-mesru-ve-insanidir\/\" class=\"read-more-link\">[more&#8230;]<\/a><\/p>\n","protected":false},"author":2,"featured_media":16480,"comment_status":"open","ping_status":"open","sticky":false,"template":"","format":"standard","meta":{"footnotes":""},"categories":[2],"tags":[],"class_list":["post-16479","post","type-post","status-publish","format-standard","has-post-thumbnail","hentry","category-gundem"],"_links":{"self":[{"href":"https:\/\/akdenizhaber.com.tr\/index.php\/wp-json\/wp\/v2\/posts\/16479","targetHints":{"allow":["GET"]}}],"collection":[{"href":"https:\/\/akdenizhaber.com.tr\/index.php\/wp-json\/wp\/v2\/posts"}],"about":[{"href":"https:\/\/akdenizhaber.com.tr\/index.php\/wp-json\/wp\/v2\/types\/post"}],"author":[{"embeddable":true,"href":"https:\/\/akdenizhaber.com.tr\/index.php\/wp-json\/wp\/v2\/users\/2"}],"replies":[{"embeddable":true,"href":"https:\/\/akdenizhaber.com.tr\/index.php\/wp-json\/wp\/v2\/comments?post=16479"}],"version-history":[{"count":0,"href":"https:\/\/akdenizhaber.com.tr\/index.php\/wp-json\/wp\/v2\/posts\/16479\/revisions"}],"wp:featuredmedia":[{"embeddable":true,"href":"https:\/\/akdenizhaber.com.tr\/index.php\/wp-json\/wp\/v2\/media\/16480"}],"wp:attachment":[{"href":"https:\/\/akdenizhaber.com.tr\/index.php\/wp-json\/wp\/v2\/media?parent=16479"}],"wp:term":[{"taxonomy":"category","embeddable":true,"href":"https:\/\/akdenizhaber.com.tr\/index.php\/wp-json\/wp\/v2\/categories?post=16479"},{"taxonomy":"post_tag","embeddable":true,"href":"https:\/\/akdenizhaber.com.tr\/index.php\/wp-json\/wp\/v2\/tags?post=16479"}],"curies":[{"name":"wp","href":"https:\/\/api.w.org\/{rel}","templated":true}]}}