{"id":16465,"date":"2023-10-07T11:51:24","date_gmt":"2023-10-07T08:51:24","guid":{"rendered":"https:\/\/akdenizhaber.com.tr\/?p=16465"},"modified":"2023-10-07T11:51:24","modified_gmt":"2023-10-07T08:51:24","slug":"restorasyonunu-meclisin-yaptigi-patara-meclisi-cumhuriyetin-100ncu-yilinda-resmi-acilisi-olacak-mi","status":"publish","type":"post","link":"https:\/\/akdenizhaber.com.tr\/index.php\/2023\/10\/07\/restorasyonunu-meclisin-yaptigi-patara-meclisi-cumhuriyetin-100ncu-yilinda-resmi-acilisi-olacak-mi\/","title":{"rendered":"Restorasyonunu Meclis&#8217;in yapt\u0131\u011f\u0131 Patara Meclisi Cumhuriyet&#8217;in 100&#8217;nc\u00fc y\u0131l\u0131nda resmi a\u00e7\u0131l\u0131\u015f\u0131 olacak m\u0131?"},"content":{"rendered":"\n<p><\/p>\n\n\n\n<p>Antalya Adalet ve \u0130nsan Haklar\u0131 Platformu (AH\u0130P) Ba\u015fkan\u0131 Av. M\u00fccahit G\u00fcndo\u011fdu, d\u00fcnyan\u0131n en demokratik meclisi kabul edilen Antalya&#8217;n\u0131n Ka\u015f il\u00e7esi Gelemi\u015f Mahallesi Patara Antik Kenti i\u00e7inde bulunan &#8220;Patara Meclisi&#8221; Cumhuriyetin 100&#8217;nc\u00fc y\u0131l\u0131nda a\u00e7\u0131lacak m\u0131 diye TBMM Ba\u015fkan\u0131 Prof.Dr. Numan Kurtulmu\u015f&#8217;a sordu .Likya Birli\u011fi&#8217;ne ba\u011fl\u0131 d\u00f6nemin 24 \u00fclkesi Xanthos,Tlos Letoon, P\u0131nara, Olimpos,Myra , Arikanda,Termessos, Telmessos gibi \u015fehirlerin olu\u015fan adil bin 600 oturakl\u0131 adil temsilcinin temsil edildi\u011fi M.S 200&#8217;nc\u00fc kalma Meclis hal\u0131 haz\u0131rda d\u00fcnyan\u0131n en demokratik meclisi kabul edildi\u011fini belirten AH\u0130P Ba\u015fkan\u0131 Av. M\u00fccahit G\u00fcndo\u011fdu,d\u00fcnyan\u0131n en demokratik meclisini g\u00fcn\u00fcm\u00fczde Avrupa BirliAB) ve ABD Temsilciler Meclisi&#8217;nin kurulmas\u0131na rol model oldu\u011funun alt\u0131n\u0131 \u00e7izdi. Av. M\u00fccahit G\u00fcndo\u011fdu,&#8221;Bin 600 oturumlu d\u00fcnyan\u0131n en eski demokratik meclisi Antalya&#8217;n\u0131n Ka\u015f il\u00e7esi Patara Meclisinde bulunuyor.Patara Meclisi&#8217;nin restorasyonunu TBMM 3 y\u0131l s\u00fcren \u00e7al\u0131\u015fma s\u00fcresince restorasyonunu yapt\u0131. Fakat 13 y\u0131ld\u0131r&nbsp; Meclis taraf\u0131ndan resmi a\u00e7\u0131l\u0131\u015f\u0131 a\u00e7\u0131l\u0131\u015f\u0131 yap\u0131lmad\u0131.TBMM Ba\u015fkan\u0131&nbsp; Prof.Dr. Numan Kurtulmu\u015f acaba Cumhuriyetin 100&#8217;nc\u00fc y\u0131l\u0131nda a\u00e7\u0131l\u0131\u015f\u0131 yap\u0131lacak.Yoksa M.S. 2&#8217;nci y\u00fczy\u0131lda d\u00fcnyan\u0131n en demokrasi Meclisi olan Patara Meclisi&#8217;ni biz sizin gibi demokratik bir Meclis olamad\u0131k diye \u00fcz\u00fcl\u00fcyorlar m\u0131 acaba ?&#8221; dedi.<\/p>\n\n\n\n<p>(Haber Merkezi)<\/p>\n","protected":false},"excerpt":{"rendered":"<p>Antalya Adalet ve \u0130nsan Haklar\u0131 Platformu (AH\u0130P) Ba\u015fkan\u0131 Av. M\u00fccahit G\u00fcndo\u011fdu, d\u00fcnyan\u0131n en demokratik meclisi kabul edilen Antalya&#8217;n\u0131n Ka\u015f il\u00e7esi Gelemi\u015f Mahallesi Patara Antik Kenti <a href=\"https:\/\/akdenizhaber.com.tr\/index.php\/2023\/10\/07\/restorasyonunu-meclisin-yaptigi-patara-meclisi-cumhuriyetin-100ncu-yilinda-resmi-acilisi-olacak-mi\/\" class=\"read-more-link\">[more&#8230;]<\/a><\/p>\n","protected":false},"author":2,"featured_media":16466,"comment_status":"open","ping_status":"open","sticky":false,"template":"","format":"standard","meta":{"footnotes":""},"categories":[2],"tags":[],"class_list":["post-16465","post","type-post","status-publish","format-standard","has-post-thumbnail","hentry","category-gundem"],"_links":{"self":[{"href":"https:\/\/akdenizhaber.com.tr\/index.php\/wp-json\/wp\/v2\/posts\/16465","targetHints":{"allow":["GET"]}}],"collection":[{"href":"https:\/\/akdenizhaber.com.tr\/index.php\/wp-json\/wp\/v2\/posts"}],"about":[{"href":"https:\/\/akdenizhaber.com.tr\/index.php\/wp-json\/wp\/v2\/types\/post"}],"author":[{"embeddable":true,"href":"https:\/\/akdenizhaber.com.tr\/index.php\/wp-json\/wp\/v2\/users\/2"}],"replies":[{"embeddable":true,"href":"https:\/\/akdenizhaber.com.tr\/index.php\/wp-json\/wp\/v2\/comments?post=16465"}],"version-history":[{"count":0,"href":"https:\/\/akdenizhaber.com.tr\/index.php\/wp-json\/wp\/v2\/posts\/16465\/revisions"}],"wp:featuredmedia":[{"embeddable":true,"href":"https:\/\/akdenizhaber.com.tr\/index.php\/wp-json\/wp\/v2\/media\/16466"}],"wp:attachment":[{"href":"https:\/\/akdenizhaber.com.tr\/index.php\/wp-json\/wp\/v2\/media?parent=16465"}],"wp:term":[{"taxonomy":"category","embeddable":true,"href":"https:\/\/akdenizhaber.com.tr\/index.php\/wp-json\/wp\/v2\/categories?post=16465"},{"taxonomy":"post_tag","embeddable":true,"href":"https:\/\/akdenizhaber.com.tr\/index.php\/wp-json\/wp\/v2\/tags?post=16465"}],"curies":[{"name":"wp","href":"https:\/\/api.w.org\/{rel}","templated":true}]}}